{"id":39495,"date":"2023-10-19T13:36:22","date_gmt":"2023-10-19T16:36:22","guid":{"rendered":"https:\/\/www.infomoney.com.br\/?p=2272589"},"modified":"2023-10-19T13:36:22","modified_gmt":"2023-10-19T16:36:22","slug":"haddad-projeta-3o-trimestre-muito-ruim-e-diz-que-impasse-sobre-mps-afeta-meta-de-deficit-zero-em-2024","status":"publish","type":"post","link":"https:\/\/sindaopcpb.org.br\/index.php\/2023\/10\/19\/haddad-projeta-3o-trimestre-muito-ruim-e-diz-que-impasse-sobre-mps-afeta-meta-de-deficit-zero-em-2024\/","title":{"rendered":"Haddad projeta 3\u00ba trimestre \u2018muito ruim\u2019 e diz que impasse sobre MPs afeta meta de d\u00e9ficit zero em 2024"},"content":{"rendered":"<p><img loading=\"lazy\" width=\"300\" height=\"200\" src=\"https:\/\/www.infomoney.com.br\/wp-content\/uploads\/2023\/08\/Haddad1.jpg?fit=300%2C200&amp;quality=70&amp;strip=all\" class=\"attachment-medium size-medium wp-post-image\" alt=\"\" decoding=\"async\" style=\"float:right; margin:0 0 10px 10px;\" srcset=\"https:\/\/www.infomoney.com.br\/wp-content\/uploads\/2023\/08\/Haddad1.jpg?w=1000&amp;quality=70&amp;strip=all 1000w, https:\/\/www.infomoney.com.br\/wp-content\/uploads\/2023\/08\/Haddad1.jpg?w=300&amp;quality=70&amp;strip=all 300w, https:\/\/www.infomoney.com.br\/wp-content\/uploads\/2023\/08\/Haddad1.jpg?w=768&amp;quality=70&amp;strip=all 768w, https:\/\/www.infomoney.com.br\/wp-content\/uploads\/2023\/08\/Haddad1.jpg?w=150&amp;quality=70&amp;strip=all 150w\" sizes=\"auto, (max-width: 300px) 100vw, 300px\" data-attachment-id=\"2212869\" data-permalink=\"https:\/\/www.infomoney.com.br\/politica\/deputados-veem-boas-chances-de-aprovacao-para-fim-do-jcp-e-taxacao-de-apostas-online-diz-pesquisa\/attachment\/haddad1-2\/\" data-orig-file=\"https:\/\/www.infomoney.com.br\/wp-content\/uploads\/2023\/08\/Haddad1.jpg?fit=1000%2C667&amp;quality=70&amp;strip=all\" data-orig-size=\"1000,667\" data-comments-opened=\"0\" data-image-meta=\"{&quot;aperture&quot;:&quot;0&quot;,&quot;credit&quot;:&quot;&quot;,&quot;camera&quot;:&quot;&quot;,&quot;caption&quot;:&quot;&quot;,&quot;created_timestamp&quot;:&quot;0&quot;,&quot;copyright&quot;:&quot;&quot;,&quot;focal_length&quot;:&quot;0&quot;,&quot;iso&quot;:&quot;0&quot;,&quot;shutter_speed&quot;:&quot;0&quot;,&quot;title&quot;:&quot;&quot;,&quot;orientation&quot;:&quot;0&quot;}\" data-image-title=\"Fernando Haddad\" data-image-description=\"\" data-image-caption=\"&lt;p&gt;O ministro da Fazenda, Fernando Haddad (PT), em audi\u00eancia p\u00fablica na C\u00e2mara dos Deputados (Vinicius Loures\/C\u00e2mara dos Deputados)&lt;\/p&gt;\n\" data-medium-file=\"https:\/\/www.infomoney.com.br\/wp-content\/uploads\/2023\/08\/Haddad1.jpg?fit=300%2C200&amp;quality=70&amp;strip=all\" data-large-file=\"https:\/\/www.infomoney.com.br\/wp-content\/uploads\/2023\/08\/Haddad1.jpg?fit=1000%2C667&amp;quality=70&amp;strip=all\" title=\"\"><\/p>\n<p>O impasse sobre a tramita&ccedil;&atilde;o de Medidas Provis&oacute;rias (MPs) no Congresso Nacional n&atilde;o se resolveu e gera constrangimento ao governo federal, que decidiu transformar em Projeto de Lei (PL) uma crucial iniciativa de ajuste fiscal a ser votada neste ano, afirmou o ministro da Fazenda, Fernando Haddad (PT), &agrave; Reuters. O pol&iacute;tico tamb&eacute;m tra&ccedil;ou um cen&aacute;rio menos otimista para o ambiente econ&ocirc;mico, com &ldquo;um terceiro trimestre muito ruim&rdquo;.<\/p>\n<p>A MP que barra a concess&atilde;o de incentivo tribut&aacute;rio federal sobre subven&ccedil;&otilde;es estaduais para custeio de empresas foi editada no fim de agosto e n&atilde;o avan&ccedil;ou desde ent&atilde;o, por isso o governo vai substitu&iacute;-la por um PL. Ao contr&aacute;rio da Medida Provis&oacute;ria, o texto n&atilde;o ter&aacute; efeito imediato.<\/p>\n<p>Uma disputa pol&iacute;tica entre C&acirc;mara e Senado na distribui&ccedil;&atilde;o de poderes para an&aacute;lise de MPs j&aacute; havia travado outras iniciativas do governo.&nbsp;&ldquo;Esse impasse n&atilde;o se resolveu. Na minha opini&atilde;o, &eacute; uma infelicidade, porque em alguns temas a MP realmente tinha que ser considerada pela import&acirc;ncia, pela urg&ecirc;ncia&rdquo;, afirmou o ministro. &ldquo;N&atilde;o se conseguiu encontrar um entendimento a esse respeito, n&oacute;s estamos com esse constrangimento, mas vamos superar com o encaminhamento do Projeto de Lei com urg&ecirc;ncia constitucional&rdquo;.<\/p>\n<h2>D&eacute;ficit zero em 2024<\/h2>\n<p>Na avalia&ccedil;&atilde;o de Haddad, sem uma aprova&ccedil;&atilde;o dessa medida ser&aacute; &ldquo;muito dif&iacute;cil&rdquo; o relator do Or&ccedil;amento de 2024 fechar as contas do projeto, que prev&ecirc; d&eacute;ficit prim&aacute;rio zero no pr&oacute;ximo ano. &ldquo;Onde &eacute; que ele vai encontrar espa&ccedil;o para cortar as despesas para fechar o Or&ccedil;amento se ele n&atilde;o tiver as novas receitas aprovadas? S&atilde;o receitas razo&aacute;veis&rdquo;.<\/p>\n<p>Embora Haddad tenha conseguido aprovar um novo arcabou&ccedil;o fiscal que busca conter o crescimento da d&iacute;vida p&uacute;blica, agentes de mercado ainda resistem a acreditar no plano fiscal do governo, prevendo que o d&eacute;ficit zero n&atilde;o ser&aacute; alcan&ccedil;ado em 2024. O mais recente boletim Prisma Fiscal do minist&eacute;rio, que capta avalia&ccedil;&otilde;es de analistas, estima que o rombo ficar&aacute; em R$ 84,3 bilh&otilde;es no pr&oacute;ximo ano.<\/p>\n<p>Em meio a questionamentos de parte dos membros do governo nos bastidores sobre a necessidade de uma meta de d&eacute;ficit zero j&aacute; em 2024, Haddad disse que essa n&atilde;o &eacute; uma discuss&atilde;o, defendendo que o plano da Fazenda &eacute; consistente e, &ldquo;dependendo do que acontecer, vai exigir novos esfor&ccedil;os&rdquo;. &ldquo;&Eacute; &oacute;bvio que, a depender da decis&atilde;o do Congresso, decis&otilde;es ter&atilde;o que ser tomadas (pelo governo). Mas eu diria para voc&ecirc; que mesmo que o Congresso legitime, valide todas as decis&otilde;es at&eacute; aqui tomadas pelo Executivo, ainda assim, n&oacute;s vamos ter trabalho pela frente&rdquo;.<\/p>\n<h2>Outras medidas<\/h2>\n<p>O ministro reafirmou que o governo tem ferramentas para buscar seu objetivo fiscal, mencionando que a equipe econ&ocirc;mica deve apoiar proposta que tramita no Legislativo que estabelece a securitiza&ccedil;&atilde;o da d&iacute;vida ativa &ndash; negocia&ccedil;&atilde;o de cr&eacute;ditos tribut&aacute;rios com o setor privado, prevendo um des&aacute;gio para que o governo receba os recursos de forma antecipada.<\/p>\n<p>Haddad ainda afirmou que o governo vai trabalhar pela aprova&ccedil;&atilde;o de um projeto que abre nova rodada de repatria&ccedil;&atilde;o de recursos de brasileiros no exterior, ponderando que n&atilde;o v&ecirc; grande potencial de arrecada&ccedil;&atilde;o com a iniciativa, j&aacute; adotada em gest&otilde;es anteriores.<\/p>\n<p>Por enquanto, os esfor&ccedil;os do governo est&atilde;o concentrados em medidas j&aacute; submetidas ao Congresso, incluindo a tributa&ccedil;&atilde;o de fundos exclusivos e <em>offshore<\/em>, bem como uma medida para alterar o benef&iacute;cio fiscal sobre pagamentos de Juros sobre Capital Pr&oacute;prio (JCP).<\/p>\n<p>O ministro observou ainda que a reforma do Imposto de Renda (IR) s&oacute; ser&aacute; apresentada pelo governo depois de o Congresso ter conclu&iacute;do a reforma dos tributos sobre o consumo (Reforma Tribut&aacute;ria), que ainda tramita no Senado e dever&aacute; retornar &agrave; C&acirc;mara. Isso poder&aacute; empurrar a apresenta&ccedil;&atilde;o da reforma sobre a renda para 2024.<\/p>\n<h2>&lsquo;Economia parada&rsquo;<\/h2>\n<p>Depois de reconhecer o cen&aacute;rio externo mais dif&iacute;cil, com taxas de juro de longo prazo mais elevadas nos Estados Unidos e os recentes conflitos entre Israel e a Palestina, o ministro sublinhou a necessidade de compensar estes desafios com uma agenda de reformas internas mais ambiciosa.<\/p>\n<p>&ldquo;Eu j&aacute; vinha dizendo que a economia brasileira no terceiro trimestre estava parada, n&oacute;s tivemos agora um terceiro trimestre muito ruim. Isso j&aacute; vinha sendo sinalizado, inclusive nas conversas com o Banco Central&rdquo;, afirmou Haddad. &ldquo;Se o desafio externo &eacute; maior, a prem&ecirc;ncia da agenda interna tamb&eacute;m &eacute; maior.&rdquo;<\/p>\n<\/p>\n<div class=\"cta-end\">\n<div class=\"im-cta\" >\n<div class=\"im-shortcode-forms bg-light bg-opacity-25 border rounded-4 p-3 p-sm-4 p-md-3 p-lg-4 px-xxl-5 my-5\" data-configuration='{\"form_name\":false,\"form_hat\":\"Newsletter\",\"form_email\":true,\"form_icon\":\"newsletter\",\"form_phone\":false,\"form_campaign\":\"NIM\",\"form_thankyou\":\"\",\"form_journey\":\"APIEvent-26a5198d-8e09-06ef-5f80-cd9127757ad1\",\"form_button\":\"Quero receber\",\"form_context\":\"newsletter\",\"form_origin\":\"https:\\\/\\\/www.infomoney.com.br\\\/politica\\\/feed\\\/?utm_medium=materia&#038;utm_source=infomoney&#038;utm_campaign=NIM&#038;utm_term=politica&#038;utm_content=newsletter\",\"form_position\":\"final\",\"form_category\":\"cta_form\"}'>\n<div class=\"d-flex flex-column align-items-center align-items-lg-start mb-4 flex-lg-row\">\n<div class=\"rounded-circle mb-2 mb-lg-0 mr-lg-4 me-lg-4 p-3 p-lg-4 bg-blue-400\"><svg width=\"40\" height=\"40\" viewBox=\"0 0 40 40\" fill=\"none\" xmlns=\"http:\/\/www.w3.org\/2000\/svg\"><path d=\"M20 20.25 6.042 11.042v19.041c0 .167.048.299.146.396a.535.535 0 0 0 .395.146h15.792V32.5H6.583a2.328 2.328 0 0 1-1.708-.708 2.328 2.328 0 0 1-.708-1.709V9.917c0-.667.236-1.236.708-1.709A2.328 2.328 0 0 1 6.583 7.5h26.834c.666 0 1.236.236 1.708.708a2.33 2.33 0 0 1 .708 1.709v12.458h-1.875V11.042L20 20.25Zm0-2 13.667-8.875H6.333L20 18.25Zm11.75 18.958-1.292-1.333 3.334-3.375h-9v-1.875h9l-3.375-3.417 1.333-1.291 5.667 5.625-5.667 5.666ZM6.042 11.042v20.791-9.458.25-13.25 1.667Z\" fill=\"#fff\"\/><\/svg><\/div>\n<div class=\"flex-fill text-center text-lg-left\">\n<div class=\"h6 small text-orange-700 lh-base mb-1\">Newsletter<\/div>\n<div class=\"text-body h4 m-0\">Infomorning<\/div>\n<div class=\"text-body small lh-base mt-2\">Receba no seu e-mail logo pela manh&atilde; as not&iacute;cias que v&atilde;o mexer com os mercados, com os seus investimentos e o seu bolso durante o dia<\/div>\n<\/div>\n<\/div>\n<\/div>\n<\/div>\n<\/div>\n<p>The post <a rel=\"nofollow noopener\" href=\"https:\/\/www.infomoney.com.br\/politica\/haddad-projeta-3o-trimestre-muito-ruim-e-diz-que-impasse-sobre-mps-afeta-meta-de-deficit-zero-em-2024\/\" target=\"_blank\">Haddad projeta 3\u00ba trimestre &#8216;muito ruim&#8217; e diz que impasse sobre MPs afeta meta de d\u00e9ficit zero em 2024<\/a> appeared first on <a rel=\"nofollow noopener\" href=\"https:\/\/www.infomoney.com.br\/\" target=\"_blank\">InfoMoney<\/a>.<\/p>\n","protected":false},"excerpt":{"rendered":"<p><img loading=\"lazy\" decoding=\"async\" width=\"300\" height=\"200\" src=\"https:\/\/www.infomoney.com.br\/wp-content\/uploads\/2023\/08\/Haddad1.jpg?fit=300%2C200&amp;quality=70&amp;strip=all\" class=\"attachment-medium size-medium wp-post-image\" alt=\"\" data-attachment-id=\"2212869\" data-permalink=\"https:\/\/www.infomoney.com.br\/politica\/deputados-veem-boas-chances-de-aprovacao-para-fim-do-jcp-e-taxacao-de-apostas-online-diz-pesquisa\/attachment\/haddad1-2\/\" data-orig-file=\"https:\/\/www.infomoney.com.br\/wp-content\/uploads\/2023\/08\/Haddad1.jpg?fit=1000%2C667&amp;quality=70&amp;strip=all\" data-orig-size=\"1000,667\" data-comments-opened=\"0\" data-image-meta='{\"aperture\":\"0\",\"credit\":\"\",\"camera\":\"\",\"caption\":\"\",\"created_timestamp\":\"0\",\"copyright\":\"\",\"focal_length\":\"0\",\"iso\":\"0\",\"shutter_speed\":\"0\",\"title\":\"\",\"orientation\":\"0\"}' data-image-title=\"Fernando Haddad\" data-image-description=\"\" data-image-caption=\"&lt;p&gt;O ministro da Fazenda, Fernando Haddad (PT), em audi\u00eancia p\u00fablica na C\u00e2mara dos Deputados (Vinicius Loures\/C\u00e2mara dos Deputados)&lt;\/p&gt;\n\" data-medium-file=\"https:\/\/www.infomoney.com.br\/wp-content\/uploads\/2023\/08\/Haddad1.jpg?fit=300%2C200&amp;quality=70&amp;strip=all\" data-large-file=\"https:\/\/www.infomoney.com.br\/wp-content\/uploads\/2023\/08\/Haddad1.jpg?fit=1000%2C667&amp;quality=70&amp;strip=all\">Governo vai substituir MP que barra concess\u00e3o de incentivo tribut\u00e1rio federal sobre subven\u00e7\u00f5es estaduais para custeio de empresas por um PL<\/p>\n<p>The post <a rel=\"nofollow\" href=\"https:\/\/www.infomoney.com.br\/politica\/haddad-projeta-3o-trimestre-muito-ruim-e-diz-que-impasse-sobre-mps-afeta-meta-de-deficit-zero-em-2024\/\">Haddad projeta 3\u00ba trimestre \u2018muito ruim\u2019 e diz que impasse sobre MPs afeta meta de d\u00e9ficit zero em 2024<\/a> appeared first on <a rel=\"nofollow\" href=\"https:\/\/www.infomoney.com.br\/\">InfoMoney<\/a>.<\/p>\n","protected":false},"author":46,"featured_media":0,"comment_status":"closed","ping_status":"closed","sticky":false,"template":"","format":"standard","meta":{"advgb_blocks_editor_width":"","advgb_blocks_columns_visual_guide":"","footnotes":""},"categories":[69,109,34,1053,1555,47,191],"tags":[35],"class_list":["post-39495","post","type-post","status-publish","format-standard","hentry","category-economia","category-fernando-haddad","category-g1","category-imposto-de-renda","category-jcp","category-politica","category-reforma-tributaria","tag-g1"],"author_meta":{"display_name":"Reuters","author_link":"https:\/\/sindaopcpb.org.br\/author\/reuters\/"},"featured_img":null,"coauthors":[],"tax_additional":{"categories":{"linked":["<a href=\"https:\/\/sindaopcpb.org.br\/economia\/\" class=\"advgb-post-tax-term\">Economia<\/a>","<a href=\"https:\/\/sindaopcpb.org.br\/fernando-haddad\/\" class=\"advgb-post-tax-term\">FERNANDO HADDAD<\/a>","<a href=\"https:\/\/sindaopcpb.org.br\/g1\/\" class=\"advgb-post-tax-term\">G1<\/a>","<a href=\"https:\/\/sindaopcpb.org.br\/imposto-de-renda\/\" class=\"advgb-post-tax-term\">Imposto de Renda<\/a>","<a href=\"https:\/\/sindaopcpb.org.br\/jcp\/\" class=\"advgb-post-tax-term\">JCP<\/a>","<a href=\"https:\/\/sindaopcpb.org.br\/politica\/\" class=\"advgb-post-tax-term\">POLITICA<\/a>","<a href=\"https:\/\/sindaopcpb.org.br\/reforma-tributaria\/\" class=\"advgb-post-tax-term\">reforma tribut\u00e1ria<\/a>"],"unlinked":["<span class=\"advgb-post-tax-term\">Economia<\/span>","<span class=\"advgb-post-tax-term\">FERNANDO HADDAD<\/span>","<span class=\"advgb-post-tax-term\">G1<\/span>","<span class=\"advgb-post-tax-term\">Imposto de Renda<\/span>","<span class=\"advgb-post-tax-term\">JCP<\/span>","<span class=\"advgb-post-tax-term\">POLITICA<\/span>","<span class=\"advgb-post-tax-term\">reforma tribut\u00e1ria<\/span>"]},"tags":{"linked":["<a href=\"https:\/\/sindaopcpb.org.br\/reforma-tributaria\/\" class=\"advgb-post-tax-term\">g1<\/a>"],"unlinked":["<span class=\"advgb-post-tax-term\">g1<\/span>"]}},"comment_count":"0","relative_dates":{"created":"Publicado 3 anos atr\u00e1s","modified":"Atualizado 3 anos atr\u00e1s"},"absolute_dates":{"created":"Publicado em 19 de outubro de 2023","modified":"Atualizado em 19 de outubro de 2023"},"absolute_dates_time":{"created":"Publicado em 19 de outubro de 2023 13:36","modified":"Atualizado em 19 de outubro de 2023 13:36"},"featured_img_caption":"","series_order":"","_links":{"self":[{"href":"https:\/\/sindaopcpb.org.br\/index.php\/wp-json\/wp\/v2\/posts\/39495","targetHints":{"allow":["GET"]}}],"collection":[{"href":"https:\/\/sindaopcpb.org.br\/index.php\/wp-json\/wp\/v2\/posts"}],"about":[{"href":"https:\/\/sindaopcpb.org.br\/index.php\/wp-json\/wp\/v2\/types\/post"}],"author":[{"embeddable":true,"href":"https:\/\/sindaopcpb.org.br\/index.php\/wp-json\/wp\/v2\/users\/46"}],"replies":[{"embeddable":true,"href":"https:\/\/sindaopcpb.org.br\/index.php\/wp-json\/wp\/v2\/comments?post=39495"}],"version-history":[{"count":1,"href":"https:\/\/sindaopcpb.org.br\/index.php\/wp-json\/wp\/v2\/posts\/39495\/revisions"}],"predecessor-version":[{"id":39496,"href":"https:\/\/sindaopcpb.org.br\/index.php\/wp-json\/wp\/v2\/posts\/39495\/revisions\/39496"}],"wp:attachment":[{"href":"https:\/\/sindaopcpb.org.br\/index.php\/wp-json\/wp\/v2\/media?parent=39495"}],"wp:term":[{"taxonomy":"category","embeddable":true,"href":"https:\/\/sindaopcpb.org.br\/index.php\/wp-json\/wp\/v2\/categories?post=39495"},{"taxonomy":"post_tag","embeddable":true,"href":"https:\/\/sindaopcpb.org.br\/index.php\/wp-json\/wp\/v2\/tags?post=39495"}],"curies":[{"name":"wp","href":"https:\/\/api.w.org\/{rel}","templated":true}]}}