{"id":39469,"date":"2023-10-19T12:35:14","date_gmt":"2023-10-19T15:35:14","guid":{"rendered":"https:\/\/g1.globo.com\/pb\/paraiba\/noticia\/2023\/10\/19\/palestrante-faz-queixa-a-policia-apos-ser-acusada-na-web-de-comemorar-morte-de-brasileira-em-israel-evento-na-uepb-foi-cancelado.ghtml"},"modified":"2023-10-19T12:35:14","modified_gmt":"2023-10-19T15:35:14","slug":"palestrante-faz-queixa-a-policia-apos-ser-acusada-na-web-de-comemorar-morte-de-brasileira-em-israel-evento-na-uepb-foi-cancelado","status":"publish","type":"post","link":"https:\/\/sindaopcpb.org.br\/index.php\/2023\/10\/19\/palestrante-faz-queixa-a-policia-apos-ser-acusada-na-web-de-comemorar-morte-de-brasileira-em-israel-evento-na-uepb-foi-cancelado\/","title":{"rendered":"Palestrante faz queixa \u00e0 pol\u00edcia ap\u00f3s ser acusada na web de comemorar morte de brasileira em Israel; evento na UEPB foi cancelado"},"content":{"rendered":"   <img src=\"https:\/\/s2.glbimg.com\/mSP31GSLPTHzRb6e3VSACV1Y4uA=\/i.s3.glbimg.com\/v1\/AUTH_59edd422c0c84a879bd37670ae4f538a\/internal_photos\/bs\/2023\/q\/A\/zOaU33QeicSm7079qwrA\/bo.jpg\" \/><br \/>     Fernanda de Melo, que \u00e9 formada em rela\u00e7\u00f5es internacionais pela UEPB e p\u00f3s-graduanda em gest\u00e3o de pol\u00edticas p\u00fablicas pela USP diz que a imagem foi manipulada por usu\u00e1rios do X (ex-Twitter). Uma pesquisadora da Universidade de S\u00e3o Paulo (USP) registrou um boletim de ocorr\u00eancia na Pol\u00edcia Civil alegando ter sido v\u00edtima de amea\u00e7a e de fake news ap\u00f3s usu\u00e1rios do X (ex-Twitter) divulgarem que ela teria comemorado a morte da brasileira Bruna Valeanu, que estava na rave Universo Paralello, em Israel, quando o local foi atacado pelo Hamas. \nFernanda de Melo, de 23 anos, \u00e9 formada em rela\u00e7\u00f5es internacionais pela Universidade Estadual da Para\u00edba (UEPB) e p\u00f3s-graduanda em gest\u00e3o de pol\u00edticas p\u00fablicas pela USP, e, por causa de sua pesquisa acad\u00eamica, postava com frequ\u00eancia sobre o conflito entre Israel e Palestina.\nNo dia da confirma\u00e7\u00e3o da morte de Bruna Valeanu, ela alega que utilizaram a foto e o nome de usu\u00e1rio dela para postar a mensagem \"foi tarde\", como se ela estivesse comemorando a morte da brasileira. \nFernanda de Melo registrou um BO na Pol\u00edcia Civil de S\u00e3o Paulo alegando ter sido v\u00edtima de amea\u00e7a e fake news em postagem onde estaria comemorando morte de brasileira em Israel\nReprodu\u00e7\u00e3o\nO g1 conversou com Fernanda, que autorizou a divulga\u00e7\u00e3o das informa\u00e7\u00f5es do B.O, registrado em S\u00e3o Paulo, no dia 11 de outubro.\nNo documento, a jovem descreve que os perfis \"divulgaram informa\u00e7\u00f5es falsas (fake news)\", relacionadas a ela, e que \"essas publica\u00e7\u00f5es enganosas tinham o claro prop\u00f3sito de difamar e desacreditar\" a imagem dela. \nFernanda alega ainda que a divulga\u00e7\u00e3o da suposta montagem incitou outros usu\u00e1rios a prossegui-la, e que \"amea\u00e7am divulgar dados pessoais e de familiares\". \nSegundo a jovem, \"essa escalada de hostilidade est\u00e1 gerando transtornos psicol\u00f3gicos terr\u00edveis e imensur\u00e1veis\" contra ela, afetando a sa\u00fade mental e a qualidade de vida \"de maneira profunda\".\nNa p\u00e1gina da revista em que a pesquisadora \u00e9 editora, um usu\u00e1rio comentou que ela \"merecia ser sequestrada e estuprada\". \nPesquisadora que fez BO por difama\u00e7\u00e3o ap\u00f3s fake news recebeu amea\u00e7as nas redes sociais ap\u00f3s suposto tweet onde teria comemorado morte de brasileira em Israel\nReprodu\u00e7\u00e3o\/Redes sociais\nEm outra postagem, usu\u00e1rios relatam que os dados dela e dos familiares j\u00e1 estavam sendo publicados no aplicativo Telegram, e outra pessoa responde pedindo o grupo onde estavam os dados.\nUm terceiro post mostra tamb\u00e9m que uma usu\u00e1ria apagou a publica\u00e7\u00e3o ap\u00f3s internautas come\u00e7arem a amea\u00e7ar Fernanda. \"O confronto tem que ser no campo das ideias\", postou a usu\u00e1ria.\nNesta quinta-feira (19) o g1 conversou com Fernanda de Melo, que relatou sobre a situa\u00e7\u00e3o. \n\"Uma imagem surgiu de uma suposta fala minha em contas de perfis de extrema-direita. A primeira conta apagou a imagem dentro de algumas horas pois, segundo ele, estavam me amea\u00e7ando. Mas a situa\u00e7\u00e3o j\u00e1 havia sido criada. H\u00e1 uma semana, eu venho enfrentando amea\u00e7as de agress\u00e3o, persegui\u00e7\u00e3o, exposi\u00e7\u00e3o de dados meus e de familiares e morte\u201d, disse. \n\u201cEntraram em contato com as universidades nas quais possuo v\u00ednculo, projetos internacionais, tudo para me prejudicar por algo que a internet sequer vai atr\u00e1s para entender se \u00e9 verdade ou n\u00e3o. Vi v\u00e1rios coment\u00e1rios sugerindo que desativei minhas redes sociais por medo, mas eu estou no in\u00edcio dos 20 anos e precisei ler os horrores que desejariam fazer comigo\u201d, completou Fernanda.\nAinda de acordo com a pesquisadora, a repercuss\u00e3o da divulga\u00e7\u00e3o da fake news tem causado tamb\u00e9m preju\u00edzos acad\u00eamicos.\nA revista Carpas, da qual ela faz parte como editora, publicou uma nota sobre o caso e explicou que vai apurar a situa\u00e7\u00e3o.\n\"N\u00e3o toleramos qualquer manifesta\u00e7\u00e3o de preconceito, discrimina\u00e7\u00e3o ou que v\u00e1 contra os direitos humanos. Repudiamos veementemente qualquer forma de viol\u00eancia, inclusive ataques e amea\u00e7as aos envolvidos. Refor\u00e7amos que a Revista CARPAS \u00e9 uma iniciativa volunt\u00e1ria, sem qualquer fim lucrativo, que objetiva construir uma plataforma para compartilhar uma vis\u00e3o de mundo emancipadora, solid\u00e1ria e de justi\u00e7a social. Tamb\u00e9m n\u00e3o concordamos com movimenta\u00e7\u00f5es de cancelamento, recha\u00e7o e linchamento, portanto estamos averiguando a situa\u00e7\u00e3o e tomaremos as melhores medidas seguindo os princ\u00edpios da Revista, em compromisso com os valores democr\u00e1ticos. Neste momento, queremos expressar nossa solidariedade ao povo Palestino e povo de Israel, civis e familiares, que tem sofrido com o conflito hist\u00f3rico em sua regi\u00e3o. \u00c9 essencial que busquemos compreender as complexidades dessa situa\u00e7\u00e3o para a promo\u00e7\u00e3o da cultura de paz e de respeito aos povos\", diz o texto.\nEvento na UEPB \nNo \u00faltimo s\u00e1bado (14), Fernanda iria participar de uma palestra na Universidade da Para\u00edba, com o tema \u201cEntendendo o Conflito entre Israel e Palestina\u201d. Ap\u00f3s a circula\u00e7\u00e3o das imagens na internet, a coordena\u00e7\u00e3o do evento procurou a jovem, que decidiu, por quest\u00f5es de seguran\u00e7a, cancelar a participa\u00e7\u00e3o no evento. \n\u201cEu inclusive pedi para que o evento nem fosse cancelado, s\u00f3 que me substituissem, pois achava importante falar sobre o tema\u201d, disse Fernanda.\nAo g1, a assessoria de imprensa da UEPB informou que a coordena\u00e7\u00e3o do evento, em comum acordo com a pesquisadora, resolveu cancelar a participa\u00e7\u00e3o dela. Diante da repercuss\u00e3o do tema, a coordena\u00e7\u00e3o tamb\u00e9m resolveu cancelar todo o evento, conforme nota publicada nas redes sociais na quarta-feira (18).\n\u201cReiteramos que a UEPB n\u00e3o corrobora com condutas de racismo, intoler\u00e2ncia e tem implementado a\u00e7\u00f5es que permitem o desenvolvimento de compet\u00eancias que v\u00e3o al\u00e9m da forma\u00e7\u00e3o t\u00e9cnica e profissional, mas possibilitam um olhar emp\u00e1tico diante das outras pessoas. Isso tem pautado as pr\u00e1ticas, eventos e a\u00e7\u00f5es promovidas pelos pesquisadores da Institui\u00e7\u00e3o\u201d, afirmou a coordenadora do Programa de P\u00f3s-Gradua\u00e7\u00e3o em Rela\u00e7\u00f5es Internacionais da UEPB, em nota postada no site da institui\u00e7\u00e3o.\nV\u00eddeos mais assistidos do g1 Para\u00edba  ","protected":false},"excerpt":{"rendered":"<p>        Fernanda de Melo, que \u00e9 formada em rela\u00e7\u00f5es internacionais pela UEPB e p\u00f3s-graduanda em gest\u00e3o de pol\u00edticas p\u00fablicas pela USP diz que a imagem foi manipulada por usu\u00e1rios do X (ex-Twitter). Uma pesquisadora da Universidade de S\u00e3o Paulo (USP) re&#8230;<\/p>\n","protected":false},"author":2,"featured_media":0,"comment_status":"closed","ping_status":"closed","sticky":false,"template":"","format":"standard","meta":{"advgb_blocks_editor_width":"","advgb_blocks_columns_visual_guide":"","footnotes":""},"categories":[34],"tags":[35],"class_list":["post-39469","post","type-post","status-publish","format-standard","hentry","category-g1","tag-g1"],"author_meta":{"display_name":"g1 &gt; Para\u00edba","author_link":"https:\/\/sindaopcpb.org.br\/author\/g1-paraiba\/"},"featured_img":null,"coauthors":[],"tax_additional":{"categories":{"linked":["<a href=\"https:\/\/sindaopcpb.org.br\/g1\/\" class=\"advgb-post-tax-term\">G1<\/a>"],"unlinked":["<span class=\"advgb-post-tax-term\">G1<\/span>"]},"tags":{"linked":["<a href=\"https:\/\/sindaopcpb.org.br\/g1\/\" class=\"advgb-post-tax-term\">g1<\/a>"],"unlinked":["<span class=\"advgb-post-tax-term\">g1<\/span>"]}},"comment_count":"0","relative_dates":{"created":"Publicado 3 anos atr\u00e1s","modified":"Atualizado 3 anos atr\u00e1s"},"absolute_dates":{"created":"Publicado em 19 de outubro de 2023","modified":"Atualizado em 19 de outubro de 2023"},"absolute_dates_time":{"created":"Publicado em 19 de outubro de 2023 12:35","modified":"Atualizado em 19 de outubro de 2023 12:35"},"featured_img_caption":"","series_order":"","_links":{"self":[{"href":"https:\/\/sindaopcpb.org.br\/index.php\/wp-json\/wp\/v2\/posts\/39469","targetHints":{"allow":["GET"]}}],"collection":[{"href":"https:\/\/sindaopcpb.org.br\/index.php\/wp-json\/wp\/v2\/posts"}],"about":[{"href":"https:\/\/sindaopcpb.org.br\/index.php\/wp-json\/wp\/v2\/types\/post"}],"author":[{"embeddable":true,"href":"https:\/\/sindaopcpb.org.br\/index.php\/wp-json\/wp\/v2\/users\/2"}],"replies":[{"embeddable":true,"href":"https:\/\/sindaopcpb.org.br\/index.php\/wp-json\/wp\/v2\/comments?post=39469"}],"version-history":[{"count":2,"href":"https:\/\/sindaopcpb.org.br\/index.php\/wp-json\/wp\/v2\/posts\/39469\/revisions"}],"predecessor-version":[{"id":39486,"href":"https:\/\/sindaopcpb.org.br\/index.php\/wp-json\/wp\/v2\/posts\/39469\/revisions\/39486"}],"wp:attachment":[{"href":"https:\/\/sindaopcpb.org.br\/index.php\/wp-json\/wp\/v2\/media?parent=39469"}],"wp:term":[{"taxonomy":"category","embeddable":true,"href":"https:\/\/sindaopcpb.org.br\/index.php\/wp-json\/wp\/v2\/categories?post=39469"},{"taxonomy":"post_tag","embeddable":true,"href":"https:\/\/sindaopcpb.org.br\/index.php\/wp-json\/wp\/v2\/tags?post=39469"}],"curies":[{"name":"wp","href":"https:\/\/api.w.org\/{rel}","templated":true}]}}