{"id":39427,"date":"2023-10-19T09:13:20","date_gmt":"2023-10-19T12:13:20","guid":{"rendered":"https:\/\/www.infomoney.com.br\/?p=2272588"},"modified":"2023-10-19T09:13:20","modified_gmt":"2023-10-19T12:13:20","slug":"haddad-diz-que-possivel-vitoria-de-milei-nas-eleicoes-argentinas-preocupa-o-brasil","status":"publish","type":"post","link":"https:\/\/sindaopcpb.org.br\/index.php\/2023\/10\/19\/haddad-diz-que-possivel-vitoria-de-milei-nas-eleicoes-argentinas-preocupa-o-brasil\/","title":{"rendered":"Haddad diz que poss\u00edvel vit\u00f3ria de Milei nas elei\u00e7\u00f5es argentinas preocupa o Brasil"},"content":{"rendered":"<p><img loading=\"lazy\" width=\"300\" height=\"200\" src=\"https:\/\/www.infomoney.com.br\/wp-content\/uploads\/2023\/07\/52781910748_eb61d5f682_c.jpg?fit=300%2C200&amp;quality=70&amp;strip=all\" class=\"attachment-medium size-medium wp-post-image\" alt=\"\" decoding=\"async\" style=\"float:right; margin:0 0 10px 10px;\" srcset=\"https:\/\/www.infomoney.com.br\/wp-content\/uploads\/2023\/07\/52781910748_eb61d5f682_c.jpg?w=799&amp;quality=70&amp;strip=all 799w, https:\/\/www.infomoney.com.br\/wp-content\/uploads\/2023\/07\/52781910748_eb61d5f682_c.jpg?w=300&amp;quality=70&amp;strip=all 300w, https:\/\/www.infomoney.com.br\/wp-content\/uploads\/2023\/07\/52781910748_eb61d5f682_c.jpg?w=768&amp;quality=70&amp;strip=all 768w, https:\/\/www.infomoney.com.br\/wp-content\/uploads\/2023\/07\/52781910748_eb61d5f682_c.jpg?w=150&amp;quality=70&amp;strip=all 150w\" sizes=\"auto, (max-width: 300px) 100vw, 300px\" data-attachment-id=\"2199200\" data-permalink=\"https:\/\/www.infomoney.com.br\/politica\/guerra-fiscal-pode-custar-mais-de-r-200-bilhoes-ao-governo-em-repasses-para-fundo-de-compensacao-do-icms\/attachment\/52781910748_eb61d5f682_c\/\" data-orig-file=\"https:\/\/www.infomoney.com.br\/wp-content\/uploads\/2023\/07\/52781910748_eb61d5f682_c.jpg?fit=799%2C533&amp;quality=70&amp;strip=all\" data-orig-size=\"799,533\" data-comments-opened=\"0\" data-image-meta=\"{&quot;aperture&quot;:&quot;0&quot;,&quot;credit&quot;:&quot;Foto: Pedro Gontijo\\\/Senado Feder&quot;,&quot;camera&quot;:&quot;&quot;,&quot;caption&quot;:&quot;&quot;,&quot;created_timestamp&quot;:&quot;0&quot;,&quot;copyright&quot;:&quot;&quot;,&quot;focal_length&quot;:&quot;0&quot;,&quot;iso&quot;:&quot;0&quot;,&quot;shutter_speed&quot;:&quot;0&quot;,&quot;title&quot;:&quot;&quot;,&quot;orientation&quot;:&quot;0&quot;}\" data-image-title=\"Fernando Haddad\" data-image-description=\"\" data-image-caption=\"&lt;p&gt;O ministro da Fazenda, Fernando Haddad (PT), durante reuni\u00e3o com l\u00edderes partid\u00e1rios do Senado Federal (Foto: Pedro Gontijo\/Senado Federal)&lt;\/p&gt;\n\" data-medium-file=\"https:\/\/www.infomoney.com.br\/wp-content\/uploads\/2023\/07\/52781910748_eb61d5f682_c.jpg?fit=300%2C200&amp;quality=70&amp;strip=all\" data-large-file=\"https:\/\/www.infomoney.com.br\/wp-content\/uploads\/2023\/07\/52781910748_eb61d5f682_c.jpg?fit=799%2C533&amp;quality=70&amp;strip=all\" title=\"\"><\/p>\n<p>BRAS&Iacute;LIA (Reuters) &ndash; O ministro da Fazenda, Fernando Haddad, admitiu que uma poss&iacute;vel vit&oacute;ria de Javier Milei nas elei&ccedil;&otilde;es argentinas preocupa o governo brasileiro, uma vez que o pa&iacute;s &eacute;, al&eacute;m de vizinho, um dos principais parceiros comerciais do Brasil.<\/p>\n<p>&ldquo;&Eacute; natural que eu esteja (preocupado). Uma pessoa que tem como uma bandeira romper com o Brasil, uma rela&ccedil;&atilde;o constru&iacute;da ao longo de s&eacute;culos, preocupa. &Eacute; natural isso. Preocuparia qualquer um&hellip; Porque em geral nas rela&ccedil;&otilde;es internacionais voc&ecirc; n&atilde;o ideologiza a rela&ccedil;&atilde;o&rdquo;, disse Haddad em entrevista &agrave; Reuters.<\/p>\n<p>Milei, que &eacute; chamado de &ldquo;Bolsonaro argentino&rdquo;, disse em falas durante a campanha que pretendia limitar o com&eacute;rcio com o Brasil, chamou o presidente Luiz In&aacute;cio Lula da Silva de &ldquo;comunista raivoso&rdquo; e &ldquo;socialista com voca&ccedil;&atilde;o totalit&aacute;ria&rdquo; e afirmou que, em rela&ccedil;&atilde;o ao Mercosul, a Argentina &ldquo;seguiria seu pr&oacute;prio caminho&rdquo; caso ele seja eleito.<\/p>\n<p>&ldquo;N&atilde;o se transp&otilde;e para as rela&ccedil;&otilde;es internacionais as quest&otilde;es internas. Mesmo quando voc&ecirc; tem prefer&ecirc;ncias, manifestas ou n&atilde;o&rdquo;, disse Haddad, lembrando que Lula mant&eacute;m rela&ccedil;&otilde;es amig&aacute;veis com chefes de Estado de todo espectro pol&iacute;tico. &ldquo;&Eacute; um vizinho do Brasil, principal parceiro na Am&eacute;rica do Sul. Ent&atilde;o preocupa quando um candidato diz que vai romper com o Brasil. Voc&ecirc; fez o qu&ecirc; para merecer esse tipo de tratamento?&rdquo;<\/p>\n<div class=\"cta-middle\">\n<div class=\"im-cta bg-light bg-opacity-25 border rounded-4 p-3 p-sm-4 p-md-3 p-lg-4 px-xxl-5 my-5\" >\n<div class=\"d-flex flex-column align-items-center align-items-lg-start mb-4 flex-lg-row\">\n<div class=\"rounded-circle mb-2 mb-lg-0 mr-lg-4 me-lg-4 p-3 p-lg-4 bg-red-500\"><svg width=\"40\" height=\"40\" viewBox=\"0 0 40 40\" fill=\"none\" xmlns=\"http:\/\/www.w3.org\/2000\/svg\"><path d=\"M19.958 33.083 8.833 27v-9.042L3.417 15l16.541-9.042L36.583 15v11.875h-1.875v-10.75l-3.583 1.833V27l-11.167 6.083Zm0-11.208L32.625 15 19.958 8.208 7.375 15l12.583 6.875Zm0 9.042 9.25-5.084v-6.75l-9.25 4.959-9.25-5v6.791l9.25 5.084Z\" fill=\"#fff\"\/><\/svg><\/div>\n<div class=\"flex-fill text-center text-lg-left\">\n<div class=\"h6 small text-orange-700 lh-base mb-1\">Masterclass FIA<\/div>\n<div class=\"text-body h4 m-0\">Operador de Mercado Financeiro<\/div>\n<div class=\"text-body small lh-base mt-2\">Torne-se um especialista no setor que mais precisa de gente qualificada e alavanque sua carreira em tempo recorde<\/div>\n<\/div>\n<\/div>\n<div class=\"im-shortcode-forms-v2\" data-component-type=\"multiformBootstrapV2\" data-configuracao='{\"id\":\"2272002\",\"optimize_id\":\"\",\"nome\":true,\"titulo\":\"Operador de Mercado Financeiro\",\"icone\":\"course\",\"chapeu\":\"Masterclass FIA\",\"email\":true,\"telefone\":false,\"cpf\":false,\"campanha\":\"202309_fia__lead\",\"LancamentoID\":\"\",\"thankYouUrl\":\"\",\"idJorney\":\"APIEvent-05db1efa-8f56-4174-1936-ec93606569a0\",\"idDE\":\"187\",\"botaoLabel\":\"CADASTRE-SE GR&Aacute;TIS\",\"contextSegment\":\"Newsletter\",\"urlOrigem\":\"https:\\\/\\\/www.infomoney.com.br\\\/economia\\\/haddad-diz-que-possivel-vitoria-de-milei-nas-eleicoes-argentinas-preocupa-o-brasil\\\/?utm_medium=materia&#038;utm_source=infomoney&#038;utm_campaign=202309_fia__lead&#038;utm_term=economia&#038;utm_content=infoproduto\",\"openBlank\":true,\"gaPosition\":\"meio\",\"gaCategory\":\"cta_form\",\"useCaptacaoLead\":true,\"dataUTM\":{\"utmMedium\":\"materia\",\"utmSource\":\"infomoney\",\"utmCampaign\":\"202309_fia__lead\",\"utmTerm\":\"economia\",\"utmContent\":\"infoproduto\"}}'><\/div>\n<\/p><\/div>\n<\/div>\n<p>Lula tem uma rela&ccedil;&atilde;o pessoal de amizade com o atual presidente argentino, Alberto Fern&aacute;ndez, que chegou a visit&aacute;-lo na pris&atilde;o logo depois de ser eleito. O candidato de Fern&aacute;ndez &eacute; seu ministro da Economia, Sergio Massa, que disputa a prefer&ecirc;ncia dos eleitores com Milei, de acordo com as pesquisas mais recentes.<\/p>\n<p>Em crise econ&ocirc;mica severa, a Argentina buscou a ajuda do Brasil para resolver quest&otilde;es como o financiamento de importa&ccedil;&otilde;es, mas as negocia&ccedil;&otilde;es n&atilde;o foram adiante e, agora, &agrave;s v&eacute;speras da elei&ccedil;&atilde;o, os argentinos ter&atilde;o que esperar o resultado do pleito para ver se &eacute; poss&iacute;vel alguma solu&ccedil;&atilde;o.<\/p>\n<div class=\"infomoney-related-posts\">\n<h4>Leia tamb&eacute;m<\/h4>\n<div class=\"list\">\n<div class=\"row mx-0 item\">\n<div class=\"img-container\">\n<figure><img decoding=\"async\" class=\"img-fluid img-fluid\" src=\"https:\/\/www.infomoney.com.br\/wp-content\/uploads\/2022\/08\/GettyImages-656285408.jpg?quality=70&#038;w=150&#038;%23038;h=150&#038;%23038;crop=1&#038;%23038;strip=all\" data-recalc-dims=\"1\" alt=\"\" title=\"\"><\/figure>\n<\/div>\n<div class=\"info\"><span class=\"hl-hat\">Poder de compra em ru&iacute;nas<\/span><span class=\"hl-title\"><a href=\"https:\/\/www.infomoney.com.br\/minhas-financas\/dolar-blue-dispara-na-argentina-as-vesperas-de-eleicao-e-afeta-residentes-e-turistas-de-modo-diferente\/\" rel=\"nofollow noopener\" target=\"_blank\">D&oacute;lar blue dispara na Argentina &agrave;s v&eacute;speras de elei&ccedil;&atilde;o e afeta residentes e turistas (de modos diferentes)<\/a><\/span><span class=\"hl-description\">Negociado no mercado paralelo e sem chancela do BC, 1 d&oacute;lar blue j&aacute; compra quase mil pesos<\/span><\/div>\n<\/div>\n<\/div>\n<\/div>\n<p>Haddad admitiu que o governo brasileiro trabalhou em quatro propostas que previam garantias para o Brasil aceitar financiar as importa&ccedil;&otilde;es pela Argentina, mas nenhuma conseguiu ir adiante pela impossibilidade ou inabilidade do governo vizinho em cumprir exig&ecirc;ncias.<\/p>\n<p>&ldquo;Agora n&atilde;o tem o que fazer. No domingo, n&oacute;s temos o primeiro turno na Argentina. Ou seja, s&oacute; depois&hellip; E porque tamb&eacute;m n&atilde;o d&aacute; nem tempo. Mesmo que voc&ecirc; chegue a um desenho vai ter que esperar o resultado da elei&ccedil;&atilde;o. Ent&atilde;o, &eacute; natural que seja assim&rdquo;, afirmou.<\/p>\n<p>As propostas brasileiras est&atilde;o de p&eacute;, diz Haddad. No entanto, a depender de quem ir&aacute; se eleger, o relacionamento pode ser imposs&iacute;vel.<\/p>\n<\/p>\n<div class=\"cta-end\">\n<div class=\"im-cta\" >\n<div class=\"im-shortcode-forms bg-light bg-opacity-25 border rounded-4 p-3 p-sm-4 p-md-3 p-lg-4 px-xxl-5 my-5\" data-configuration='{\"form_name\":false,\"form_hat\":\"Newsletter\",\"form_email\":true,\"form_icon\":\"newsletter\",\"form_phone\":false,\"form_campaign\":\"NIM\",\"form_thankyou\":\"\",\"form_journey\":\"APIEvent-26a5198d-8e09-06ef-5f80-cd9127757ad1\",\"form_button\":\"Quero receber\",\"form_context\":\"newsletter\",\"form_origin\":\"https:\\\/\\\/www.infomoney.com.br\\\/politica\\\/feed\\\/?utm_medium=materia&#038;utm_source=infomoney&#038;utm_campaign=NIM&#038;utm_term=economia&#038;utm_content=newsletter\",\"form_position\":\"final\",\"form_category\":\"cta_form\"}'>\n<div class=\"d-flex flex-column align-items-center align-items-lg-start mb-4 flex-lg-row\">\n<div class=\"rounded-circle mb-2 mb-lg-0 mr-lg-4 me-lg-4 p-3 p-lg-4 bg-blue-400\"><svg width=\"40\" height=\"40\" viewBox=\"0 0 40 40\" fill=\"none\" xmlns=\"http:\/\/www.w3.org\/2000\/svg\"><path d=\"M20 20.25 6.042 11.042v19.041c0 .167.048.299.146.396a.535.535 0 0 0 .395.146h15.792V32.5H6.583a2.328 2.328 0 0 1-1.708-.708 2.328 2.328 0 0 1-.708-1.709V9.917c0-.667.236-1.236.708-1.709A2.328 2.328 0 0 1 6.583 7.5h26.834c.666 0 1.236.236 1.708.708a2.33 2.33 0 0 1 .708 1.709v12.458h-1.875V11.042L20 20.25Zm0-2 13.667-8.875H6.333L20 18.25Zm11.75 18.958-1.292-1.333 3.334-3.375h-9v-1.875h9l-3.375-3.417 1.333-1.291 5.667 5.625-5.667 5.666ZM6.042 11.042v20.791-9.458.25-13.25 1.667Z\" fill=\"#fff\"\/><\/svg><\/div>\n<div class=\"flex-fill text-center text-lg-left\">\n<div class=\"h6 small text-orange-700 lh-base mb-1\">Newsletter<\/div>\n<div class=\"text-body h4 m-0\">Infomorning<\/div>\n<div class=\"text-body small lh-base mt-2\">Receba no seu e-mail logo pela manh&atilde; as not&iacute;cias que v&atilde;o mexer com os mercados, com os seus investimentos e o seu bolso durante o dia<\/div>\n<\/div>\n<\/div>\n<\/div>\n<\/div>\n<\/div>\n<p>The post <a rel=\"nofollow noopener\" href=\"https:\/\/www.infomoney.com.br\/economia\/haddad-diz-que-possivel-vitoria-de-milei-nas-eleicoes-argentinas-preocupa-o-brasil\/\" target=\"_blank\">Haddad diz que poss\u00edvel vit\u00f3ria de Milei nas elei\u00e7\u00f5es argentinas preocupa o Brasil<\/a> appeared first on <a rel=\"nofollow noopener\" href=\"https:\/\/www.infomoney.com.br\/\" target=\"_blank\">InfoMoney<\/a>.<\/p>\n","protected":false},"excerpt":{"rendered":"<p><img loading=\"lazy\" decoding=\"async\" width=\"300\" height=\"200\" src=\"https:\/\/www.infomoney.com.br\/wp-content\/uploads\/2023\/07\/52781910748_eb61d5f682_c.jpg?fit=300%2C200&amp;quality=70&amp;strip=all\" class=\"attachment-medium size-medium wp-post-image\" alt=\"\" data-attachment-id=\"2199200\" data-permalink=\"https:\/\/www.infomoney.com.br\/politica\/guerra-fiscal-pode-custar-mais-de-r-200-bilhoes-ao-governo-em-repasses-para-fundo-de-compensacao-do-icms\/attachment\/52781910748_eb61d5f682_c\/\" data-orig-file=\"https:\/\/www.infomoney.com.br\/wp-content\/uploads\/2023\/07\/52781910748_eb61d5f682_c.jpg?fit=799%2C533&amp;quality=70&amp;strip=all\" data-orig-size=\"799,533\" data-comments-opened=\"0\" data-image-meta='{\"aperture\":\"0\",\"credit\":\"Foto: Pedro Gontijo\\\/Senado Feder\",\"camera\":\"\",\"caption\":\"\",\"created_timestamp\":\"0\",\"copyright\":\"\",\"focal_length\":\"0\",\"iso\":\"0\",\"shutter_speed\":\"0\",\"title\":\"\",\"orientation\":\"0\"}' data-image-title=\"Fernando Haddad\" data-image-description=\"\" data-image-caption=\"&lt;p&gt;O ministro da Fazenda, Fernando Haddad (PT), durante reuni\u00e3o com l\u00edderes partid\u00e1rios do Senado Federal (Foto: Pedro Gontijo\/Senado Federal)&lt;\/p&gt;\n\" data-medium-file=\"https:\/\/www.infomoney.com.br\/wp-content\/uploads\/2023\/07\/52781910748_eb61d5f682_c.jpg?fit=300%2C200&amp;quality=70&amp;strip=all\" data-large-file=\"https:\/\/www.infomoney.com.br\/wp-content\/uploads\/2023\/07\/52781910748_eb61d5f682_c.jpg?fit=799%2C533&amp;quality=70&amp;strip=all\">&#8220;Uma pessoa que tem como uma bandeira romper com o Brasil, uma rela\u00e7\u00e3o constru\u00edda ao longo de s\u00e9culos, preocupa&#8221;, disse o ministro<\/p>\n<p>The post <a rel=\"nofollow\" href=\"https:\/\/www.infomoney.com.br\/economia\/haddad-diz-que-possivel-vitoria-de-milei-nas-eleicoes-argentinas-preocupa-o-brasil\/\">Haddad diz que poss\u00edvel vit\u00f3ria de Milei nas elei\u00e7\u00f5es argentinas preocupa o Brasil<\/a> appeared first on <a rel=\"nofollow\" href=\"https:\/\/www.infomoney.com.br\/\">InfoMoney<\/a>.<\/p>\n","protected":false},"author":46,"featured_media":0,"comment_status":"closed","ping_status":"closed","sticky":false,"template":"","format":"standard","meta":{"advgb_blocks_editor_width":"","advgb_blocks_columns_visual_guide":"","footnotes":""},"categories":[1386,69,8149,109,34,7734,47],"tags":[35],"class_list":["post-39427","post","type-post","status-publish","format-standard","hentry","category-argentina","category-economia","category-eleicoes-na-argentina","category-fernando-haddad","category-g1","category-javier-milei","category-politica","tag-g1"],"author_meta":{"display_name":"Reuters","author_link":"https:\/\/sindaopcpb.org.br\/author\/reuters\/"},"featured_img":null,"coauthors":[],"tax_additional":{"categories":{"linked":["<a href=\"https:\/\/sindaopcpb.org.br\/argentina\/\" class=\"advgb-post-tax-term\">Argentina<\/a>","<a href=\"https:\/\/sindaopcpb.org.br\/economia\/\" class=\"advgb-post-tax-term\">Economia<\/a>","<a href=\"https:\/\/sindaopcpb.org.br\/eleicoes-na-argentina\/\" class=\"advgb-post-tax-term\">Elei\u00e7\u00f5es na Argentina<\/a>","<a href=\"https:\/\/sindaopcpb.org.br\/fernando-haddad\/\" class=\"advgb-post-tax-term\">FERNANDO HADDAD<\/a>","<a href=\"https:\/\/sindaopcpb.org.br\/g1\/\" class=\"advgb-post-tax-term\">G1<\/a>","<a href=\"https:\/\/sindaopcpb.org.br\/javier-milei\/\" class=\"advgb-post-tax-term\">Javier Milei<\/a>","<a href=\"https:\/\/sindaopcpb.org.br\/politica\/\" class=\"advgb-post-tax-term\">POLITICA<\/a>"],"unlinked":["<span class=\"advgb-post-tax-term\">Argentina<\/span>","<span class=\"advgb-post-tax-term\">Economia<\/span>","<span class=\"advgb-post-tax-term\">Elei\u00e7\u00f5es na Argentina<\/span>","<span class=\"advgb-post-tax-term\">FERNANDO HADDAD<\/span>","<span class=\"advgb-post-tax-term\">G1<\/span>","<span class=\"advgb-post-tax-term\">Javier Milei<\/span>","<span class=\"advgb-post-tax-term\">POLITICA<\/span>"]},"tags":{"linked":["<a href=\"https:\/\/sindaopcpb.org.br\/politica\/\" class=\"advgb-post-tax-term\">g1<\/a>"],"unlinked":["<span class=\"advgb-post-tax-term\">g1<\/span>"]}},"comment_count":"0","relative_dates":{"created":"Publicado 3 anos atr\u00e1s","modified":"Atualizado 3 anos atr\u00e1s"},"absolute_dates":{"created":"Publicado em 19 de outubro de 2023","modified":"Atualizado em 19 de outubro de 2023"},"absolute_dates_time":{"created":"Publicado em 19 de outubro de 2023 09:13","modified":"Atualizado em 19 de outubro de 2023 09:13"},"featured_img_caption":"","series_order":"","_links":{"self":[{"href":"https:\/\/sindaopcpb.org.br\/index.php\/wp-json\/wp\/v2\/posts\/39427","targetHints":{"allow":["GET"]}}],"collection":[{"href":"https:\/\/sindaopcpb.org.br\/index.php\/wp-json\/wp\/v2\/posts"}],"about":[{"href":"https:\/\/sindaopcpb.org.br\/index.php\/wp-json\/wp\/v2\/types\/post"}],"author":[{"embeddable":true,"href":"https:\/\/sindaopcpb.org.br\/index.php\/wp-json\/wp\/v2\/users\/46"}],"replies":[{"embeddable":true,"href":"https:\/\/sindaopcpb.org.br\/index.php\/wp-json\/wp\/v2\/comments?post=39427"}],"version-history":[{"count":2,"href":"https:\/\/sindaopcpb.org.br\/index.php\/wp-json\/wp\/v2\/posts\/39427\/revisions"}],"predecessor-version":[{"id":39485,"href":"https:\/\/sindaopcpb.org.br\/index.php\/wp-json\/wp\/v2\/posts\/39427\/revisions\/39485"}],"wp:attachment":[{"href":"https:\/\/sindaopcpb.org.br\/index.php\/wp-json\/wp\/v2\/media?parent=39427"}],"wp:term":[{"taxonomy":"category","embeddable":true,"href":"https:\/\/sindaopcpb.org.br\/index.php\/wp-json\/wp\/v2\/categories?post=39427"},{"taxonomy":"post_tag","embeddable":true,"href":"https:\/\/sindaopcpb.org.br\/index.php\/wp-json\/wp\/v2\/tags?post=39427"}],"curies":[{"name":"wp","href":"https:\/\/api.w.org\/{rel}","templated":true}]}}