{"id":39406,"date":"2023-10-19T07:49:44","date_gmt":"2023-10-19T10:49:44","guid":{"rendered":"https:\/\/www.infomoney.com.br\/?p=2272391"},"modified":"2023-10-19T07:49:44","modified_gmt":"2023-10-19T10:49:44","slug":"reforma-tributaria-relator-altera-trecho-sobre-zona-franca-e-promete-1a-versao-do-texto-ate-hoje","status":"publish","type":"post","link":"https:\/\/sindaopcpb.org.br\/index.php\/2023\/10\/19\/reforma-tributaria-relator-altera-trecho-sobre-zona-franca-e-promete-1a-versao-do-texto-ate-hoje\/","title":{"rendered":"Reforma tribut\u00e1ria: relator altera trecho sobre Zona Franca e promete 1\u00aa vers\u00e3o do texto at\u00e9 hoje"},"content":{"rendered":"<p><img loading=\"lazy\" width=\"300\" height=\"199\" src=\"https:\/\/www.infomoney.com.br\/wp-content\/uploads\/2023\/10\/eduardobraga-fernandohaddad.jpg?fit=300%2C199&amp;quality=70&amp;strip=all\" class=\"attachment-medium size-medium wp-post-image\" alt=\"\" decoding=\"async\" style=\"float:right; margin:0 0 10px 10px;\" srcset=\"https:\/\/www.infomoney.com.br\/wp-content\/uploads\/2023\/10\/eduardobraga-fernandohaddad.jpg?w=860&amp;quality=70&amp;strip=all 860w, https:\/\/www.infomoney.com.br\/wp-content\/uploads\/2023\/10\/eduardobraga-fernandohaddad.jpg?w=300&amp;quality=70&amp;strip=all 300w, https:\/\/www.infomoney.com.br\/wp-content\/uploads\/2023\/10\/eduardobraga-fernandohaddad.jpg?w=768&amp;quality=70&amp;strip=all 768w, https:\/\/www.infomoney.com.br\/wp-content\/uploads\/2023\/10\/eduardobraga-fernandohaddad.jpg?w=150&amp;quality=70&amp;strip=all 150w\" sizes=\"auto, (max-width: 300px) 100vw, 300px\" data-attachment-id=\"2272456\" data-permalink=\"https:\/\/www.infomoney.com.br\/politica\/reforma-tributaria-relator-altera-trecho-sobre-zona-franca-e-promete-1a-versao-do-texto-ate-hoje\/attachment\/eduardobraga-fernandohaddad\/\" data-orig-file=\"https:\/\/www.infomoney.com.br\/wp-content\/uploads\/2023\/10\/eduardobraga-fernandohaddad.jpg?fit=860%2C570&amp;quality=70&amp;strip=all\" data-orig-size=\"860,570\" data-comments-opened=\"0\" data-image-meta=\"{&quot;aperture&quot;:&quot;0&quot;,&quot;credit&quot;:&quot;&quot;,&quot;camera&quot;:&quot;&quot;,&quot;caption&quot;:&quot;&quot;,&quot;created_timestamp&quot;:&quot;0&quot;,&quot;copyright&quot;:&quot;&quot;,&quot;focal_length&quot;:&quot;0&quot;,&quot;iso&quot;:&quot;0&quot;,&quot;shutter_speed&quot;:&quot;0&quot;,&quot;title&quot;:&quot;&quot;,&quot;orientation&quot;:&quot;1&quot;}\" data-image-title=\"Eduardo Braga e Fernando Haddad\" data-image-description=\"\" data-image-caption=\"&lt;p&gt;O senador Eduardo Braga (MDB-AM), relator da Reforma Tribut\u00e1ria no Senado, se re\u00fane com Fernando Haddad (PT), ministro da Economia (Foto: Divulga\u00e7\u00e3o)&lt;\/p&gt;\n\" data-medium-file=\"https:\/\/www.infomoney.com.br\/wp-content\/uploads\/2023\/10\/eduardobraga-fernandohaddad.jpg?fit=300%2C199&amp;quality=70&amp;strip=all\" data-large-file=\"https:\/\/www.infomoney.com.br\/wp-content\/uploads\/2023\/10\/eduardobraga-fernandohaddad.jpg?fit=860%2C570&amp;quality=70&amp;strip=all\" title=\"\"><\/p>\n<p>O senador Eduardo Braga (MDB-AM), relator da Reforma Tribut&aacute;ria no Senado, disse ter feito ajustes de reda&ccedil;&atilde;o no texto em rela&ccedil;&atilde;o &agrave; Zona Franca de Manaus, para construir uma proposta que desvincula a competitividade da regi&atilde;o da incid&ecirc;ncia do Imposto Seletivo (IS), e que vai entregar a primeira vers&atilde;o do seu relat&oacute;rio at&eacute; hoje, quinta-feira (19), o que permitir&aacute; novas rodadas de negocia&ccedil;&atilde;o mais formais.<\/p>\n<p>&ldquo;H&aacute; muita discuss&atilde;o em rela&ccedil;&atilde;o ao Imposto Seletivo ser adequado em rela&ccedil;&atilde;o aos produtos da Zona Franca de Manaus, para poderem manter sua competitividade. Estamos construindo a desvincula&ccedil;&atilde;o da competitividade da Zona Franca de Manaus para a quest&atilde;o do Imposto Seletivo, para que ele seja tratado exclusivamente para produtos com impacto sobre meio ambiente e sa&uacute;de&rdquo;, disse o senador.<\/p>\n<p>Ele disse que estuda algumas alternativas, como usar mecanismos que j&aacute; existem e n&atilde;o est&atilde;o alcan&ccedil;ados pela reforma neste momento, como uma Contribui&ccedil;&atilde;o de Interven&ccedil;&atilde;o no Dom&iacute;nio Econ&ocirc;mico (Cide) espec&iacute;fica. Ao mesmo tempo, afastou a possibilidade de um tipo de IPI espec&iacute;fico para manter a competitividade, garantindo que o imposto ser&aacute; extinto e a reforma preservar&aacute; a l&oacute;gica de simplifica&ccedil;&atilde;o.<\/p>\n<p>Braga se reuniu na quarta-feira (17) com o ministro da Fazenda, Fernando Haddad (PT), e a bancada do Amazonas e disse que a &ldquo;vers&atilde;o 1.0&rdquo; do seu texto poder&aacute; ser alterada at&eacute; a apresenta&ccedil;&atilde;o oficial do relat&oacute;rio, prevista para a pr&oacute;xima ter&ccedil;a (24). Ele afirmou tamb&eacute;m que o avan&ccedil;o nas negocia&ccedil;&otilde;es com o governo dever&aacute; garantir um aumento dos recursos para o Fundo de Desenvolvimento Regional (FDR), uma das principais demandas de estados e munic&iacute;pios.<\/p>\n<h2>Fundo de Desenvolvimento Regional<\/h2>\n<p>&ldquo;N&atilde;o estamos falando em colocar recursos no curto prazo, mas podemos &mdash; e tenho certeza ser poss&iacute;vel &mdash; estabelecer, ao longo do prazo de transi&ccedil;&atilde;o, recursos adicionais para o Fundo de Desenvolvimento Regional&rdquo;, afirmou o relator. &ldquo;Tenho esperan&ccedil;a de conseguir isso, sim&rdquo;.<\/p>\n<p>A declara&ccedil;&atilde;o parece ser uma mudan&ccedil;a na posi&ccedil;&atilde;o do governo. Na ter&ccedil;a (17), o secret&aacute;rio-executivo da Fazenda, Dario Durigan, afirmou que <a href=\"https:\/\/www.infomoney.com.br\/politica\/reforma-tributaria-fazenda-nao-ve-com-bons-olhos-aumento-do-fdr\/\" rel=\"nofollow noopener\" target=\"_blank\">a pasta n&atilde;o via com bons olhos a possibilidade de aumentar a verba para o FDR<\/a>, que ser&aacute; criado na Reforma Tribut&aacute;ria para repassar recursos aos Estados.<\/p>\n<p>O texto aprovado na C&acirc;mara prev&ecirc; R$ 40 bilh&otilde;es para o fundo, mas a amplia&ccedil;&atilde;o do valor &eacute; uma demanda de governadores para compensar poss&iacute;veis perdas de arrecada&ccedil;&atilde;o. O Consefaz (Comit&ecirc; Nacional de Secret&aacute;rios estaduais de Fazenda) prop&otilde;e R$ 75 bilh&otilde;es; governadores da regi&atilde;o Sul, R$ 80 bilh&otilde;es. Questionado se o valor do fundo chegaria pr&oacute;ximo desses valores, Braga disse que ainda n&atilde;o tem dimens&atilde;o de n&uacute;meros. &ldquo;Mas estamos em tratativas com o Minist&eacute;rio da Fazenda&rdquo;.<\/p>\n<p>Sobre outras mudan&ccedil;as no relat&oacute;rio, o senador destacou que pode acolher sugest&otilde;es das Comiss&otilde;es de Assuntos Econ&ocirc;micos (CAE) e de Constitui&ccedil;&atilde;o e Justi&ccedil;a (CCJ) e tamb&eacute;m de outros senadores at&eacute; a conclus&atilde;o da vota&ccedil;&atilde;o. &ldquo;Estamos avan&ccedil;ando j&aacute; em alguns textos e eu estou muito otimista&rdquo;.<\/p>\n<p><em>(Com Estad&atilde;o Conte&uacute;do e Ag&ecirc;ncia Senado)<\/em><\/p>\n<\/p>\n<div class=\"cta-end\">\n<div class=\"im-cta\" >\n<div class=\"im-shortcode-forms bg-light bg-opacity-25 border rounded-4 p-3 p-sm-4 p-md-3 p-lg-4 px-xxl-5 my-5\" data-configuration='{\"form_name\":false,\"form_hat\":\"Newsletter\",\"form_email\":true,\"form_icon\":\"newsletter\",\"form_phone\":false,\"form_campaign\":\"NIM\",\"form_thankyou\":\"\",\"form_journey\":\"APIEvent-26a5198d-8e09-06ef-5f80-cd9127757ad1\",\"form_button\":\"Quero receber\",\"form_context\":\"newsletter\",\"form_origin\":\"https:\\\/\\\/www.infomoney.com.br\\\/politica\\\/feed\\\/?utm_medium=materia&#038;utm_source=infomoney&#038;utm_campaign=NIM&#038;utm_term=politica&#038;utm_content=newsletter\",\"form_position\":\"final\",\"form_category\":\"cta_form\"}'>\n<div class=\"d-flex flex-column align-items-center align-items-lg-start mb-4 flex-lg-row\">\n<div class=\"rounded-circle mb-2 mb-lg-0 mr-lg-4 me-lg-4 p-3 p-lg-4 bg-blue-400\"><svg width=\"40\" height=\"40\" viewBox=\"0 0 40 40\" fill=\"none\" xmlns=\"http:\/\/www.w3.org\/2000\/svg\"><path d=\"M20 20.25 6.042 11.042v19.041c0 .167.048.299.146.396a.535.535 0 0 0 .395.146h15.792V32.5H6.583a2.328 2.328 0 0 1-1.708-.708 2.328 2.328 0 0 1-.708-1.709V9.917c0-.667.236-1.236.708-1.709A2.328 2.328 0 0 1 6.583 7.5h26.834c.666 0 1.236.236 1.708.708a2.33 2.33 0 0 1 .708 1.709v12.458h-1.875V11.042L20 20.25Zm0-2 13.667-8.875H6.333L20 18.25Zm11.75 18.958-1.292-1.333 3.334-3.375h-9v-1.875h9l-3.375-3.417 1.333-1.291 5.667 5.625-5.667 5.666ZM6.042 11.042v20.791-9.458.25-13.25 1.667Z\" fill=\"#fff\"\/><\/svg><\/div>\n<div class=\"flex-fill text-center text-lg-left\">\n<div class=\"h6 small text-orange-700 lh-base mb-1\">Newsletter<\/div>\n<div class=\"text-body h4 m-0\">Infomorning<\/div>\n<div class=\"text-body small lh-base mt-2\">Receba no seu e-mail logo pela manh&atilde; as not&iacute;cias que v&atilde;o mexer com os mercados, com os seus investimentos e o seu bolso durante o dia<\/div>\n<\/div>\n<\/div>\n<\/div>\n<\/div>\n<\/div>\n<p>The post <a rel=\"nofollow noopener\" href=\"https:\/\/www.infomoney.com.br\/politica\/reforma-tributaria-relator-altera-trecho-sobre-zona-franca-e-promete-1a-versao-do-texto-ate-hoje\/\" target=\"_blank\">Reforma tribut\u00e1ria: relator altera trecho sobre Zona Franca e promete 1\u00aa vers\u00e3o do texto at\u00e9 hoje<\/a> appeared first on <a rel=\"nofollow noopener\" href=\"https:\/\/www.infomoney.com.br\/\" target=\"_blank\">InfoMoney<\/a>.<\/p>\n","protected":false},"excerpt":{"rendered":"<p><img loading=\"lazy\" decoding=\"async\" width=\"300\" height=\"199\" src=\"https:\/\/www.infomoney.com.br\/wp-content\/uploads\/2023\/10\/eduardobraga-fernandohaddad.jpg?fit=300%2C199&amp;quality=70&amp;strip=all\" class=\"attachment-medium size-medium wp-post-image\" alt=\"\" data-attachment-id=\"2272456\" data-permalink=\"https:\/\/www.infomoney.com.br\/politica\/reforma-tributaria-relator-altera-trecho-sobre-zona-franca-e-promete-1a-versao-do-texto-ate-hoje\/attachment\/eduardobraga-fernandohaddad\/\" data-orig-file=\"https:\/\/www.infomoney.com.br\/wp-content\/uploads\/2023\/10\/eduardobraga-fernandohaddad.jpg?fit=860%2C570&amp;quality=70&amp;strip=all\" data-orig-size=\"860,570\" data-comments-opened=\"0\" data-image-meta='{\"aperture\":\"0\",\"credit\":\"\",\"camera\":\"\",\"caption\":\"\",\"created_timestamp\":\"0\",\"copyright\":\"\",\"focal_length\":\"0\",\"iso\":\"0\",\"shutter_speed\":\"0\",\"title\":\"\",\"orientation\":\"1\"}' data-image-title=\"Eduardo Braga e Fernando Haddad\" data-image-description=\"\" data-image-caption=\"&lt;p&gt;O senador Eduardo Braga (MDB-AM), relator da Reforma Tribut\u00e1ria no Senado, se re\u00fane com Fernando Haddad (PT), ministro da Economia (Foto: Divulga\u00e7\u00e3o)&lt;\/p&gt;\n\" data-medium-file=\"https:\/\/www.infomoney.com.br\/wp-content\/uploads\/2023\/10\/eduardobraga-fernandohaddad.jpg?fit=300%2C199&amp;quality=70&amp;strip=all\" data-large-file=\"https:\/\/www.infomoney.com.br\/wp-content\/uploads\/2023\/10\/eduardobraga-fernandohaddad.jpg?fit=860%2C570&amp;quality=70&amp;strip=all\">Senador Eduardo Braga ainda vai receber sugest\u00f5es da CAE e da CCJ: &#8216;Estamos avan\u00e7ando j\u00e1 em alguns textos e eu estou muito otimista&#8217;<\/p>\n<p>The post <a rel=\"nofollow\" href=\"https:\/\/www.infomoney.com.br\/politica\/reforma-tributaria-relator-altera-trecho-sobre-zona-franca-e-promete-1a-versao-do-texto-ate-hoje\/\">Reforma tribut\u00e1ria: relator altera trecho sobre Zona Franca e promete 1\u00aa vers\u00e3o do texto at\u00e9 hoje<\/a> appeared first on <a rel=\"nofollow\" href=\"https:\/\/www.infomoney.com.br\/\">InfoMoney<\/a>.<\/p>\n","protected":false},"author":45,"featured_media":0,"comment_status":"closed","ping_status":"closed","sticky":false,"template":"","format":"standard","meta":{"advgb_blocks_editor_width":"","advgb_blocks_columns_visual_guide":"","footnotes":""},"categories":[69,6168,34,47,191,403],"tags":[35],"class_list":["post-39406","post","type-post","status-publish","format-standard","hentry","category-economia","category-eduardo-braga","category-g1","category-politica","category-reforma-tributaria","category-senado","tag-g1"],"author_meta":{"display_name":"Equipe InfoMoney","author_link":"https:\/\/sindaopcpb.org.br\/author\/equipe-infomoney\/"},"featured_img":null,"coauthors":[],"tax_additional":{"categories":{"linked":["<a href=\"https:\/\/sindaopcpb.org.br\/economia\/\" class=\"advgb-post-tax-term\">Economia<\/a>","<a href=\"https:\/\/sindaopcpb.org.br\/eduardo-braga\/\" class=\"advgb-post-tax-term\">Eduardo Braga<\/a>","<a href=\"https:\/\/sindaopcpb.org.br\/g1\/\" class=\"advgb-post-tax-term\">G1<\/a>","<a href=\"https:\/\/sindaopcpb.org.br\/politica\/\" class=\"advgb-post-tax-term\">POLITICA<\/a>","<a href=\"https:\/\/sindaopcpb.org.br\/reforma-tributaria\/\" class=\"advgb-post-tax-term\">reforma tribut\u00e1ria<\/a>","<a href=\"https:\/\/sindaopcpb.org.br\/senado\/\" class=\"advgb-post-tax-term\">Senado<\/a>"],"unlinked":["<span class=\"advgb-post-tax-term\">Economia<\/span>","<span class=\"advgb-post-tax-term\">Eduardo Braga<\/span>","<span class=\"advgb-post-tax-term\">G1<\/span>","<span class=\"advgb-post-tax-term\">POLITICA<\/span>","<span class=\"advgb-post-tax-term\">reforma tribut\u00e1ria<\/span>","<span class=\"advgb-post-tax-term\">Senado<\/span>"]},"tags":{"linked":["<a href=\"https:\/\/sindaopcpb.org.br\/senado\/\" class=\"advgb-post-tax-term\">g1<\/a>"],"unlinked":["<span class=\"advgb-post-tax-term\">g1<\/span>"]}},"comment_count":"0","relative_dates":{"created":"Publicado 3 anos atr\u00e1s","modified":"Atualizado 3 anos atr\u00e1s"},"absolute_dates":{"created":"Publicado em 19 de outubro de 2023","modified":"Atualizado em 19 de outubro de 2023"},"absolute_dates_time":{"created":"Publicado em 19 de outubro de 2023 07:49","modified":"Atualizado em 19 de outubro de 2023 07:49"},"featured_img_caption":"","series_order":"","_links":{"self":[{"href":"https:\/\/sindaopcpb.org.br\/index.php\/wp-json\/wp\/v2\/posts\/39406","targetHints":{"allow":["GET"]}}],"collection":[{"href":"https:\/\/sindaopcpb.org.br\/index.php\/wp-json\/wp\/v2\/posts"}],"about":[{"href":"https:\/\/sindaopcpb.org.br\/index.php\/wp-json\/wp\/v2\/types\/post"}],"author":[{"embeddable":true,"href":"https:\/\/sindaopcpb.org.br\/index.php\/wp-json\/wp\/v2\/users\/45"}],"replies":[{"embeddable":true,"href":"https:\/\/sindaopcpb.org.br\/index.php\/wp-json\/wp\/v2\/comments?post=39406"}],"version-history":[{"count":2,"href":"https:\/\/sindaopcpb.org.br\/index.php\/wp-json\/wp\/v2\/posts\/39406\/revisions"}],"predecessor-version":[{"id":39431,"href":"https:\/\/sindaopcpb.org.br\/index.php\/wp-json\/wp\/v2\/posts\/39406\/revisions\/39431"}],"wp:attachment":[{"href":"https:\/\/sindaopcpb.org.br\/index.php\/wp-json\/wp\/v2\/media?parent=39406"}],"wp:term":[{"taxonomy":"category","embeddable":true,"href":"https:\/\/sindaopcpb.org.br\/index.php\/wp-json\/wp\/v2\/categories?post=39406"},{"taxonomy":"post_tag","embeddable":true,"href":"https:\/\/sindaopcpb.org.br\/index.php\/wp-json\/wp\/v2\/tags?post=39406"}],"curies":[{"name":"wp","href":"https:\/\/api.w.org\/{rel}","templated":true}]}}