{"id":39404,"date":"2023-10-19T07:43:47","date_gmt":"2023-10-19T10:43:47","guid":{"rendered":"https:\/\/wpa.wscom.com.br\/?p=928457"},"modified":"2023-10-19T07:43:47","modified_gmt":"2023-10-19T10:43:47","slug":"homem-e-assassinado-com-nove-tiros-enquanto-andava-de-bicicleta-em-joao-pessoa","status":"publish","type":"post","link":"https:\/\/sindaopcpb.org.br\/index.php\/2023\/10\/19\/homem-e-assassinado-com-nove-tiros-enquanto-andava-de-bicicleta-em-joao-pessoa\/","title":{"rendered":"Homem \u00e9 assassinado com nove tiros enquanto andava de bicicleta em Jo\u00e3o Pessoa"},"content":{"rendered":"<p>&nbsp;<\/p>\n<p>&nbsp;<\/p>\n<p>Um homem identificado popularmente como &#8216;Galeguinho&#8217; foi morto a tiros enquanto andava de bicicleta em Jo\u00e3o Pessoa na madrugada desta quinta-feira (19). O crime ocorreu na Avenida Dom Pedro II, pr\u00f3ximo ao cruzamento com a Avenida Maiximiniano de Figueiredo, regi\u00e3o central da cidade.<\/p>\n<p>Segundo o delegado Paulo Josaf\u00e1, dois homens em uma motocicleta se aproximaram da v\u00edtima e efetuaram os disparos, totalizando ao menos nove tiros. &#8216;Galeguinho&#8217; j\u00e1 tinha passagem pela pol\u00edcia, conforme informado por populares.<\/p>\n<p>As imagens das c\u00e2meras de seguran\u00e7a na \u00e1rea, incluindo as da Superintend\u00eancia Executiva de Mobilidade Urbana (Semob), ser\u00e3o fundamentais na investiga\u00e7\u00e3o conduzida pela Pol\u00edcia Civil. At\u00e9 o momento, os suspeitos n\u00e3o foram identificados, e a motiva\u00e7\u00e3o do crime permanece sob apura\u00e7\u00e3o.<\/p>\n<p>O post <a rel=\"nofollow noopener\" href=\"https:\/\/wscom.com.br\/homem-e-assassinado-com-nove-tiros-enquanto-andava-de-bicicleta-em-joao-pessoa\/\" target=\"_blank\">Homem \u00e9 assassinado com nove tiros enquanto andava de bicicleta em Jo\u00e3o Pessoa<\/a> apareceu primeiro em <a rel=\"nofollow noopener\" href=\"https:\/\/wscom.com.br\/\" target=\"_blank\">WSCOM<\/a>.<\/p>\n","protected":false},"excerpt":{"rendered":"<p>\u00a0 \u00a0 Um homem identificado popularmente como \u2018Galeguinho\u2019 foi morto a tiros enquanto andava de bicicleta em Jo\u00e3o Pessoa na madrugada desta quinta-feira (19). O crime ocorreu na Avenida Dom Pedro II, pr\u00f3ximo ao cruzamento com a Avenida Maiximiniano de Figueiredo, regi\u00e3o central da cidade. Segundo o delegado Paulo Josaf\u00e1, dois homens em uma motocicleta [\u2026]<\/p>\n<p>O post <a rel=\"nofollow\" href=\"https:\/\/wscom.com.br\/homem-e-assassinado-com-nove-tiros-enquanto-andava-de-bicicleta-em-joao-pessoa\/\">Homem \u00e9 assassinado com nove tiros enquanto andava de bicicleta em Jo\u00e3o Pessoa<\/a> apareceu primeiro em <a rel=\"nofollow\" href=\"https:\/\/wscom.com.br\/\">WSCOM<\/a>.<\/p>\n","protected":false},"author":42,"featured_media":0,"comment_status":"closed","ping_status":"closed","sticky":false,"template":"","format":"standard","meta":{"advgb_blocks_editor_width":"","advgb_blocks_columns_visual_guide":"","footnotes":""},"categories":[685,10277,34,10278,71,66],"tags":[35],"class_list":["post-39404","post","type-post","status-publish","format-standard","hentry","category-assassinato","category-avenida-dom-pedro-ii","category-g1","category-galeguinho","category-joao-pessoa","category-policial","tag-g1"],"author_meta":{"display_name":"Rafael Andrade","author_link":"https:\/\/sindaopcpb.org.br\/author\/rafael-andrade\/"},"featured_img":null,"coauthors":[],"tax_additional":{"categories":{"linked":["<a href=\"https:\/\/sindaopcpb.org.br\/assassinato\/\" class=\"advgb-post-tax-term\">assassinato<\/a>","<a href=\"https:\/\/sindaopcpb.org.br\/avenida-dom-pedro-ii\/\" class=\"advgb-post-tax-term\">Avenida Dom Pedro II<\/a>","<a href=\"https:\/\/sindaopcpb.org.br\/g1\/\" class=\"advgb-post-tax-term\">G1<\/a>","<a href=\"https:\/\/sindaopcpb.org.br\/galeguinho\/\" class=\"advgb-post-tax-term\">galeguinho<\/a>","<a href=\"https:\/\/sindaopcpb.org.br\/joao-pessoa\/\" class=\"advgb-post-tax-term\">Jo\u00e3o Pessoa<\/a>","<a href=\"https:\/\/sindaopcpb.org.br\/policial\/\" class=\"advgb-post-tax-term\">Policial<\/a>"],"unlinked":["<span class=\"advgb-post-tax-term\">assassinato<\/span>","<span class=\"advgb-post-tax-term\">Avenida Dom Pedro II<\/span>","<span class=\"advgb-post-tax-term\">G1<\/span>","<span class=\"advgb-post-tax-term\">galeguinho<\/span>","<span class=\"advgb-post-tax-term\">Jo\u00e3o Pessoa<\/span>","<span class=\"advgb-post-tax-term\">Policial<\/span>"]},"tags":{"linked":["<a href=\"https:\/\/sindaopcpb.org.br\/policial\/\" class=\"advgb-post-tax-term\">g1<\/a>"],"unlinked":["<span class=\"advgb-post-tax-term\">g1<\/span>"]}},"comment_count":"0","relative_dates":{"created":"Publicado 3 anos atr\u00e1s","modified":"Atualizado 3 anos atr\u00e1s"},"absolute_dates":{"created":"Publicado em 19 de outubro de 2023","modified":"Atualizado em 19 de outubro de 2023"},"absolute_dates_time":{"created":"Publicado em 19 de outubro de 2023 07:43","modified":"Atualizado em 19 de outubro de 2023 07:43"},"featured_img_caption":"","series_order":"","_links":{"self":[{"href":"https:\/\/sindaopcpb.org.br\/index.php\/wp-json\/wp\/v2\/posts\/39404","targetHints":{"allow":["GET"]}}],"collection":[{"href":"https:\/\/sindaopcpb.org.br\/index.php\/wp-json\/wp\/v2\/posts"}],"about":[{"href":"https:\/\/sindaopcpb.org.br\/index.php\/wp-json\/wp\/v2\/types\/post"}],"author":[{"embeddable":true,"href":"https:\/\/sindaopcpb.org.br\/index.php\/wp-json\/wp\/v2\/users\/42"}],"replies":[{"embeddable":true,"href":"https:\/\/sindaopcpb.org.br\/index.php\/wp-json\/wp\/v2\/comments?post=39404"}],"version-history":[{"count":1,"href":"https:\/\/sindaopcpb.org.br\/index.php\/wp-json\/wp\/v2\/posts\/39404\/revisions"}],"predecessor-version":[{"id":39405,"href":"https:\/\/sindaopcpb.org.br\/index.php\/wp-json\/wp\/v2\/posts\/39404\/revisions\/39405"}],"wp:attachment":[{"href":"https:\/\/sindaopcpb.org.br\/index.php\/wp-json\/wp\/v2\/media?parent=39404"}],"wp:term":[{"taxonomy":"category","embeddable":true,"href":"https:\/\/sindaopcpb.org.br\/index.php\/wp-json\/wp\/v2\/categories?post=39404"},{"taxonomy":"post_tag","embeddable":true,"href":"https:\/\/sindaopcpb.org.br\/index.php\/wp-json\/wp\/v2\/tags?post=39404"}],"curies":[{"name":"wp","href":"https:\/\/api.w.org\/{rel}","templated":true}]}}