{"id":39402,"date":"2023-10-19T07:49:28","date_gmt":"2023-10-19T10:49:28","guid":{"rendered":"https:\/\/wpa.wscom.com.br\/?p=928463"},"modified":"2023-10-19T07:49:28","modified_gmt":"2023-10-19T10:49:28","slug":"plenaria-popular-do-programa-voce-prefeito-reune-moradores-das-10a-e-11a-regioes-de-joao-pessoa","status":"publish","type":"post","link":"https:\/\/sindaopcpb.org.br\/index.php\/2023\/10\/19\/plenaria-popular-do-programa-voce-prefeito-reune-moradores-das-10a-e-11a-regioes-de-joao-pessoa\/","title":{"rendered":"Plen\u00e1ria popular do programa \u2018Voc\u00ea Prefeito\u2019 re\u00fane moradores das 10\u00aa e 11\u00aa regi\u00f5es de Jo\u00e3o Pessoa"},"content":{"rendered":"<p>&nbsp;<\/p>\n<p>&nbsp;<\/p>\n<p>Representantes da Prefeitura de Jo\u00e3o Pessoa e moradores das 10\u00aa e 11\u00aa Regi\u00f5es se reuniram na segunda Audi\u00eancia P\u00fablica do programa \u2018Voc\u00ea Prefeito\u2019 realizada, na noite desta quarta-feira (18), na Escola Municipal Violeta Formiga, em Mandacaru. De acordo com o vice-prefeito, Leo Bezerra, o objetivo destes encontros \u00e9 de escutar o que os moradores querem para melhorar suas vidas.<\/p>\n<p>\u201cN\u00f3s estamos aqui para ouvir voc\u00eas e fazer tudo o que for poss\u00edvel para que suas demandas sejam atendidas. N\u00e3o duvidem, n\u00e3o pouparemos esfor\u00e7os para que isso aconte\u00e7a. Nosso prefeito C\u00edcero Lucena est\u00e1 atento a todas as demandas e muito j\u00e1 foi feito\u201d, afirmou o vice-prefeito.<\/p>\n<p>A pr\u00f3xima Audi\u00eancia P\u00fablica ser\u00e1 na segunda-feira (23) e vai contemplar os moradores das 7\u00aa e 8\u00aa Regi\u00f5es. O evento vai acontecer na Escola Municipal Professor Oscar de Castro, em Cruz das Armas, \u00e0s 19h.<\/p>\n<p>O secret\u00e1rio executivo da Participa\u00e7\u00e3o Popular (SEPP), Thiago Diniz, conduziu todo o encontro e reafirmou o compromisso da Prefeitura em ter o povo como parceiro. \u201cNossa gest\u00e3o est\u00e1 aqui para abrir canal com os moradores, ouvindo suas reivindica\u00e7\u00f5es. Isso \u00e9 a democracia participativa em sua ess\u00eancia mais profunda, pois estamos fazendo uma gest\u00e3o de forma coletiva\u201d, ressaltou.<\/p>\n<p>A Audi\u00eancia P\u00fablica contou com a participa\u00e7\u00e3o de Junior Caro\u00e9, secret\u00e1rio do Or\u00e7amento Democr\u00e1tico do Estado (ODE). Ele afirmou que gest\u00e3o p\u00fablica \u00e9 eficaz e transparente quando \u00e9 feita com a popula\u00e7\u00e3o. \u201c\u00c9 com muito gosto que n\u00f3s estamos participando deste evento popular. Aproveito para informar que vamos participar de todas as audi\u00eancias. Temos evid\u00eancias do valor desta ferramenta\u201d, disse.<\/p>\n<p>Dando sequ\u00eancia ao processo de escuta de representantes de bairros e comunidades, Radam\u00e9s Feitosa, conselheiro da 11\u00aa Regi\u00e3o, salientou que houve muitos avan\u00e7os na educa\u00e7\u00e3o com reformas nas escolas e, tamb\u00e9m, na \u00e1rea da sa\u00fade. \u201cN\u00f3s agradecemos muito pelo que esta gest\u00e3o est\u00e1 fazendo por n\u00f3s. At\u00e9 ruas, que antes ficavam alagadas, hoje n\u00e3o ficam mais. L\u00f3gico que temos nossos problemas, mas estamos aqui para tentar resolver juntos\u201d, ressaltou.<\/p>\n<p>Malu Farias, moradora da 10\u00aa Regi\u00e3o, pontuou que v\u00e1rias demandas ainda precisam ser atendidas na regi\u00e3o do Roger no campo da moradia e acrescentou que os moradores est\u00e3o atentos e pr\u00f3ximos da gest\u00e3o. \u201cEstamos aqui para somar, al\u00e9m de cobrar. Tamb\u00e9m reconhecemos os avan\u00e7os que tivemos na educa\u00e7\u00e3o\u201d, afirmou.\u00a0<strong>\u00a0<\/strong><\/p>\n<p>O secretariado presente tamb\u00e9m teve espa\u00e7o para relatar as demandas que j\u00e1 foram feitas por suas pastas e dar respostas a algumas que foram colocadas pelo p\u00fablico em \u00e1reas como sa\u00fade, habita\u00e7\u00e3o, infraestrutura, entre outras.<\/p>\n<p>O secret\u00e1rio da Sa\u00fade (SMS), Luis Ferreira, falou sobre a quest\u00e3o das \u00e1reas descobertas, um dos assuntos levados pela popula\u00e7\u00e3o. \u201cO prefeito C\u00edcero Lucena vem fazendo um grande esfor\u00e7o para que nenhuma regi\u00e3o seja descoberta, al\u00e9m das reformas que j\u00e1 foram realizadas em v\u00e1rios PSFs. Falou, ainda, que muitas outras passar\u00e3o por reformas, al\u00e9m da cria\u00e7\u00e3o de outros postos j\u00e1 anunciados pela gest\u00e3o\u201d, afirmou.<\/p>\n<p>J\u00e1 Am\u00e9rica Castro, secret\u00e1ria de Educa\u00e7\u00e3o e Cultura (Sedec), parabenizou os moradores que poderiam estar em suas casas, mas optaram por estar em um espa\u00e7o que prop\u00f5e mudan\u00e7as e melhorias. \u201cTemos feito muitas a\u00e7\u00f5es na educa\u00e7\u00e3o e todas as demandas feitas hoje foram devidamente anotadas. Sabemos que tudo come\u00e7a na educa\u00e7\u00e3o e saio daqui com o compromisso de atend\u00ea-las\u201d, afirmou.\u00a0<strong>\u00a0<\/strong><\/p>\n<p><strong>\u2018Voc\u00ea Prefeito\u2019<\/strong>\u00a0\u2013 O programa \u00e9 realizado pela Secretaria Executiva da Participa\u00e7\u00e3o Popular (SEPP). Trata-se de uma iniciativa que tem como ponto principal o di\u00e1logo entre gest\u00e3o e popula\u00e7\u00e3o. Ao todo, s\u00e3o 14 Regi\u00f5es da Participa\u00e7\u00e3o Popular, contemplando todos os bairros e comunidades de Jo\u00e3o Pessoa. \u00a0 Para saber mais sobre os bairros e comunidades que comp\u00f5em as Regi\u00f5es da Participa\u00e7\u00e3o Popular, clique no link\u00a0<a href=\"https:\/\/www.joaopessoa.pb.gov.br\/servico\/maparegioes\/\" rel=\"nofollow noopener\" target=\"_blank\">Mapa das Regi\u00f5es de Participa\u00e7\u00e3o Popular de Jo\u00e3o Pessoa (joaopessoa.pb.gov.br)<\/a><strong>\u00a0\u00a0<\/strong><\/p>\n<p><strong>Confira o calend\u00e1rio das pr\u00f3ximas Audi\u00eancias P\u00fablicas:\u00a0<\/strong><\/p>\n<p><strong>7\u00aa e 8\u00aa Regi\u00f5es<\/strong><\/p>\n<p>Data: 23\/10 (segunda-feira)<\/p>\n<p>Local: Escola Municipal Professor Oscar de Castro (Cruz das Armas)<\/p>\n<p>Hora: 19h\u00a0<strong>\u00a0<\/strong><\/p>\n<p><strong>5\u00aa e 14\u00aa Regi\u00f5es<\/strong><\/p>\n<p>Data: 25\/10 (quarta-feira)<\/p>\n<p>Local: Escola Municipal Tharcilla Barbosa da Franca (Grot\u00e3o)<\/p>\n<p>Hora: 19h<\/p>\n<p><strong>1\u00aa e 13\u00aa Regi\u00f5es<\/strong><\/p>\n<p>Data: 30\/10 (segunda-feira)<\/p>\n<p>Local: Escola Municipal Leonel Brizola (Tambauzinho)<\/p>\n<p>Hora: 19h<\/p>\n<p><strong>4\u00aa e 12\u00aa Regi\u00f5es<\/strong><\/p>\n<p>Data: 13\/11 (segunda-feira)<\/p>\n<p>Local: Escola Municipal Dom Helder C\u00e2mara (Valentina)<\/p>\n<p>Hora: 19h<\/p>\n<p><strong>2\u00aa e 3\u00aa Regi\u00f5es<\/strong><\/p>\n<p>Data: 16\/11 (quinta-feira)<\/p>\n<p>Local: Centro Cultural Tenente Lucena (Mangabeira)<\/p>\n<p>Hora: 19h<\/p>\n<p>O post <a rel=\"nofollow noopener\" href=\"https:\/\/wscom.com.br\/plenaria-popular-do-programa-voce-prefeito-reune-moradores-das-10a-e-11a-regioes-de-joao-pessoa\/\" target=\"_blank\">Plen\u00e1ria popular do programa \u2018Voc\u00ea Prefeito\u2019 re\u00fane moradores das 10\u00aa e 11\u00aa regi\u00f5es de Jo\u00e3o Pessoa<\/a> apareceu primeiro em <a rel=\"nofollow noopener\" href=\"https:\/\/wscom.com.br\/\" target=\"_blank\">WSCOM<\/a>.<\/p>\n","protected":false},"excerpt":{"rendered":"<p>\u00a0 \u00a0 Representantes da Prefeitura de Jo\u00e3o Pessoa e moradores das 10\u00aa e 11\u00aa Regi\u00f5es se reuniram na segunda Audi\u00eancia P\u00fablica do programa \u2018Voc\u00ea Prefeito\u2019 realizada, na noite desta quarta-feira (18), na Escola Municipal Violeta Formiga, em Mandacaru. De acordo com o vice-prefeito, Leo Bezerra, o objetivo destes encontros \u00e9 de escutar o que os [\u2026]<\/p>\n<p>O post <a rel=\"nofollow\" href=\"https:\/\/wscom.com.br\/plenaria-popular-do-programa-voce-prefeito-reune-moradores-das-10a-e-11a-regioes-de-joao-pessoa\/\">Plen\u00e1ria popular do programa \u2018Voc\u00ea Prefeito\u2019 re\u00fane moradores das 10\u00aa e 11\u00aa regi\u00f5es de Jo\u00e3o Pessoa<\/a> apareceu primeiro em <a rel=\"nofollow\" href=\"https:\/\/wscom.com.br\/\">WSCOM<\/a>.<\/p>\n","protected":false},"author":42,"featured_media":0,"comment_status":"closed","ping_status":"closed","sticky":false,"template":"","format":"standard","meta":{"advgb_blocks_editor_width":"","advgb_blocks_columns_visual_guide":"","footnotes":""},"categories":[34,54,2823],"tags":[35],"class_list":["post-39402","post","type-post","status-publish","format-standard","hentry","category-g1","category-paraiba","category-plenaria","tag-g1"],"author_meta":{"display_name":"Rafael Andrade","author_link":"https:\/\/sindaopcpb.org.br\/author\/rafael-andrade\/"},"featured_img":null,"coauthors":[],"tax_additional":{"categories":{"linked":["<a href=\"https:\/\/sindaopcpb.org.br\/g1\/\" class=\"advgb-post-tax-term\">G1<\/a>","<a href=\"https:\/\/sindaopcpb.org.br\/paraiba\/\" class=\"advgb-post-tax-term\">Para\u00edba<\/a>","<a href=\"https:\/\/sindaopcpb.org.br\/plenaria\/\" class=\"advgb-post-tax-term\">plen\u00e1ria<\/a>"],"unlinked":["<span class=\"advgb-post-tax-term\">G1<\/span>","<span class=\"advgb-post-tax-term\">Para\u00edba<\/span>","<span class=\"advgb-post-tax-term\">plen\u00e1ria<\/span>"]},"tags":{"linked":["<a href=\"https:\/\/sindaopcpb.org.br\/plenaria\/\" class=\"advgb-post-tax-term\">g1<\/a>"],"unlinked":["<span class=\"advgb-post-tax-term\">g1<\/span>"]}},"comment_count":"0","relative_dates":{"created":"Publicado 3 anos atr\u00e1s","modified":"Atualizado 3 anos atr\u00e1s"},"absolute_dates":{"created":"Publicado em 19 de outubro de 2023","modified":"Atualizado em 19 de outubro de 2023"},"absolute_dates_time":{"created":"Publicado em 19 de outubro de 2023 07:49","modified":"Atualizado em 19 de outubro de 2023 07:49"},"featured_img_caption":"","series_order":"","_links":{"self":[{"href":"https:\/\/sindaopcpb.org.br\/index.php\/wp-json\/wp\/v2\/posts\/39402","targetHints":{"allow":["GET"]}}],"collection":[{"href":"https:\/\/sindaopcpb.org.br\/index.php\/wp-json\/wp\/v2\/posts"}],"about":[{"href":"https:\/\/sindaopcpb.org.br\/index.php\/wp-json\/wp\/v2\/types\/post"}],"author":[{"embeddable":true,"href":"https:\/\/sindaopcpb.org.br\/index.php\/wp-json\/wp\/v2\/users\/42"}],"replies":[{"embeddable":true,"href":"https:\/\/sindaopcpb.org.br\/index.php\/wp-json\/wp\/v2\/comments?post=39402"}],"version-history":[{"count":1,"href":"https:\/\/sindaopcpb.org.br\/index.php\/wp-json\/wp\/v2\/posts\/39402\/revisions"}],"predecessor-version":[{"id":39403,"href":"https:\/\/sindaopcpb.org.br\/index.php\/wp-json\/wp\/v2\/posts\/39402\/revisions\/39403"}],"wp:attachment":[{"href":"https:\/\/sindaopcpb.org.br\/index.php\/wp-json\/wp\/v2\/media?parent=39402"}],"wp:term":[{"taxonomy":"category","embeddable":true,"href":"https:\/\/sindaopcpb.org.br\/index.php\/wp-json\/wp\/v2\/categories?post=39402"},{"taxonomy":"post_tag","embeddable":true,"href":"https:\/\/sindaopcpb.org.br\/index.php\/wp-json\/wp\/v2\/tags?post=39402"}],"curies":[{"name":"wp","href":"https:\/\/api.w.org\/{rel}","templated":true}]}}