{"id":39400,"date":"2023-10-19T07:52:52","date_gmt":"2023-10-19T10:52:52","guid":{"rendered":"https:\/\/wpa.wscom.com.br\/?p=928466"},"modified":"2023-10-19T07:52:52","modified_gmt":"2023-10-19T10:52:52","slug":"porto-do-capim-elimina-padre-ze-na-rodada-de-abertura-da-copa-joao-pessoa-de-futebol","status":"publish","type":"post","link":"https:\/\/sindaopcpb.org.br\/index.php\/2023\/10\/19\/porto-do-capim-elimina-padre-ze-na-rodada-de-abertura-da-copa-joao-pessoa-de-futebol\/","title":{"rendered":"Porto do Capim elimina Padre Z\u00e9 na rodada de abertura da Copa Jo\u00e3o Pessoa de futebol"},"content":{"rendered":"<p>&nbsp;<\/p>\n<p>&nbsp;<\/p>\n<p>A cerim\u00f4nia de abertura da Copa Jo\u00e3o Pessoa de Futebol, organizada pela Secretaria de Juventude, Esporte e Recrea\u00e7\u00e3o (Sejer) de Jo\u00e3o Pessoa, aconteceu na noite desta quarta-feira (18) no CT Ivan Tomaz, bairro do Valentina Figueiredo. Antes da bola rolar, o evento contou com a apresenta\u00e7\u00e3o da banda marcial da Secretaria de Educa\u00e7\u00e3o e Cultura (Sedec). Em campo, o Porto do Capim eliminou o Padre Z\u00e9 ap\u00f3s empate no tempo normal, garantiu a classifica\u00e7\u00e3o na cobran\u00e7a dos p\u00eanaltis.<\/p>\n<p>Logo ap\u00f3s o show da banda da Sedec, hasteamento da bandeira e a execu\u00e7\u00e3o do hino nacional, o secret\u00e1rio de Juventude, Esporte e Recrea\u00e7\u00e3o, Kaio M\u00e1rcio, o secret\u00e1rio executivo da pasta, Juliano Sucupira e o vereador Zezinho foram os respons\u00e1veis por darem o pontap\u00e9 para in\u00edcio da competi\u00e7\u00e3o. Pelo regulamento, 64 times disputam o torneio no masculino e outros 12 no feminino.<\/p>\n<p>\u201cEstamos muito felizes em poder contribuir com a competi\u00e7\u00e3o que conta com n\u00fameros expressivos: mais de 1.500 atletas, 64 times no masculino e 12 feminino. Isso mostra a grandiosidade do evento e que \u00e9 um desafio para a Secretaria. O torneio \u00e9 muito importante para a sociedade como um todo, os bairros se envolvem e tenho certeza que ser\u00e1 ainda melhor do que foi no ano passado\u201d, comentou Kaio M\u00e1rcio.<\/p>\n<p>No primeiro jogo da principal competi\u00e7\u00e3o de futebol da cidade, a equipe do Porto do Capim, que caiu na primeira fase da competi\u00e7\u00e3o no ano passado, conquistou um feito in\u00e9dito, levou a melhor e venceu pelo placar de 3 a 2 na cobran\u00e7a dos p\u00eanaltis, ap\u00f3s o jogo terminar em 1 a 1 no tempo normal. O time avan\u00e7ou para os 32-avos de final na Copa Jo\u00e3o Pessoa de Futebol.<\/p>\n<p>\u201cO objetivo \u00e9 brigar pelo t\u00edtulo. Faz mais de 15 anos que a gente buscava essa classifica\u00e7\u00e3o. Agora \u00e9 colocar o cora\u00e7\u00e3o na ponta da chuteira e entrar mais forte ainda no pr\u00f3ximo compromisso, independente do advers\u00e1rio\u201d, falou o treinador da equipe do Porto do Capim, Alberto Jos\u00e9 Silva.<\/p>\n<p><strong>Regulamento \u2013<\/strong>\u00a0De acordo com o regulamento da competi\u00e7\u00e3o, ser\u00e3o seis fases eliminat\u00f3rias, em jogo \u00fanico. Na primeira fase, portanto, ocorrer\u00e3o 32 jogos e, a partir da\u00ed, os times v\u00e3o se afunilando, sempre com metade sendo eliminada e metade avan\u00e7ando at\u00e9 apenas duas equipes chegarem \u00e0 final, prevista para acontecer no dia 18 de dezembro no Est\u00e1dio de Gra\u00e7a, que est\u00e1 em fase de conclus\u00e3o de reformas.<\/p>\n<p>J\u00e1 no naipe feminino, as equipes foram divididas em quatro grupos de tr\u00eas, com as campe\u00e3s de cada um avan\u00e7ando para as semifinais. Na Chave A tem os times do Cristo, Grot\u00e3o e Colinas 2; na Chave B: Mangabeira 1, Mangabeira 4 e 5 e Castelo Branco; Chave C: S\u00e3o Jos\u00e9, Cruz das Armas e Timb\u00f3; e, por fim, na Chave D: Brisamar, Paratibe e Mana\u00edra.<\/p>\n<p>A premia\u00e7\u00e3o da Copa Jo\u00e3o Pessoa de Futebol segue com o mesmo valor nas duas categorias: R$7 mil para o campe\u00e3o, R$4 mil para o vice-campe\u00e3o e o terceiro colocado receber\u00e1 R$2 mil, tanto para o masculino como no feminino, al\u00e9m de medalhas e trof\u00e9us para o campe\u00e3o, vice-campe\u00e3o e terceiro lugar.<\/p>\n<p>Os jogos v\u00e3o acontecer nos campos gramados da Prefeitura de Jo\u00e3o Pessoa: CT Ivan Thomaz e Campo da Marquise, ambos no Valentina, e no Est\u00e1dio Wils\u00e3o, em Mangabeira. J\u00e1 as finais dever\u00e3o ser disputadas no Est\u00e1dio da Gra\u00e7a, que est\u00e1 em fase final de reforma, e vai contar com uma capacidade de 3.500 torcedores.<\/p>\n<p><strong>Confira os pr\u00f3ximos confrontos (no masculino):<\/strong><\/p>\n<p>Quinta-feira (19)<\/p>\n<p>Valentina x Jos\u00e9 Am\u00e9rico, \u00e0s 19h \u2013 Wils\u00e3o<\/p>\n<p>Sexta-feira (2)<\/p>\n<p>Ilha do Bispo x Funcion\u00e1rios 3, \u00e0s 19h \u2013 CT Ivan Tomaz<\/p>\n<p>Colibris x Banc\u00e1rios, \u00e0s 19h \u2013 Wils\u00e3o<\/p>\n<p>O post <a rel=\"nofollow noopener\" href=\"https:\/\/wscom.com.br\/porto-do-capim-elimina-padre-ze-na-rodada-de-abertura-da-copa-joao-pessoa-de-futebol\/\" target=\"_blank\">Porto do Capim elimina Padre Z\u00e9 na rodada de abertura da Copa Jo\u00e3o Pessoa de futebol<\/a> apareceu primeiro em <a rel=\"nofollow noopener\" href=\"https:\/\/wscom.com.br\/\" target=\"_blank\">WSCOM<\/a>.<\/p>\n","protected":false},"excerpt":{"rendered":"<p>\u00a0 \u00a0 A cerim\u00f4nia de abertura da Copa Jo\u00e3o Pessoa de Futebol, organizada pela Secretaria de Juventude, Esporte e Recrea\u00e7\u00e3o (Sejer) de Jo\u00e3o Pessoa, aconteceu na noite desta quarta-feira (18) no CT Ivan Tomaz, bairro do Valentina Figueiredo. Antes da bola rolar, o evento contou com a apresenta\u00e7\u00e3o da banda marcial da Secretaria de Educa\u00e7\u00e3o [\u2026]<\/p>\n<p>O post <a rel=\"nofollow\" href=\"https:\/\/wscom.com.br\/porto-do-capim-elimina-padre-ze-na-rodada-de-abertura-da-copa-joao-pessoa-de-futebol\/\">Porto do Capim elimina Padre Z\u00e9 na rodada de abertura da Copa Jo\u00e3o Pessoa de futebol<\/a> apareceu primeiro em <a rel=\"nofollow\" href=\"https:\/\/wscom.com.br\/\">WSCOM<\/a>.<\/p>\n","protected":false},"author":42,"featured_media":0,"comment_status":"closed","ping_status":"closed","sticky":false,"template":"","format":"standard","meta":{"advgb_blocks_editor_width":"","advgb_blocks_columns_visual_guide":"","footnotes":""},"categories":[10202,79,34,6887,724],"tags":[35],"class_list":["post-39400","post","type-post","status-publish","format-standard","hentry","category-copa-joao-pessoa-de-futebol","category-futebol","category-g1","category-padre-ze","category-porto-do-capim","tag-g1"],"author_meta":{"display_name":"Rafael Andrade","author_link":"https:\/\/sindaopcpb.org.br\/author\/rafael-andrade\/"},"featured_img":null,"coauthors":[],"tax_additional":{"categories":{"linked":["<a href=\"https:\/\/sindaopcpb.org.br\/copa-joao-pessoa-de-futebol\/\" class=\"advgb-post-tax-term\">Copa Jo\u00e3o Pessoa de Futebol<\/a>","<a href=\"https:\/\/sindaopcpb.org.br\/futebol\/\" class=\"advgb-post-tax-term\">Futebol<\/a>","<a href=\"https:\/\/sindaopcpb.org.br\/g1\/\" class=\"advgb-post-tax-term\">G1<\/a>","<a href=\"https:\/\/sindaopcpb.org.br\/padre-ze\/\" class=\"advgb-post-tax-term\">padre z\u00e9<\/a>","<a href=\"https:\/\/sindaopcpb.org.br\/porto-do-capim\/\" class=\"advgb-post-tax-term\">porto do capim<\/a>"],"unlinked":["<span class=\"advgb-post-tax-term\">Copa Jo\u00e3o Pessoa de Futebol<\/span>","<span class=\"advgb-post-tax-term\">Futebol<\/span>","<span class=\"advgb-post-tax-term\">G1<\/span>","<span class=\"advgb-post-tax-term\">padre z\u00e9<\/span>","<span class=\"advgb-post-tax-term\">porto do capim<\/span>"]},"tags":{"linked":["<a href=\"https:\/\/sindaopcpb.org.br\/porto-do-capim\/\" class=\"advgb-post-tax-term\">g1<\/a>"],"unlinked":["<span class=\"advgb-post-tax-term\">g1<\/span>"]}},"comment_count":"0","relative_dates":{"created":"Publicado 3 anos atr\u00e1s","modified":"Atualizado 3 anos atr\u00e1s"},"absolute_dates":{"created":"Publicado em 19 de outubro de 2023","modified":"Atualizado em 19 de outubro de 2023"},"absolute_dates_time":{"created":"Publicado em 19 de outubro de 2023 07:52","modified":"Atualizado em 19 de outubro de 2023 07:52"},"featured_img_caption":"","series_order":"","_links":{"self":[{"href":"https:\/\/sindaopcpb.org.br\/index.php\/wp-json\/wp\/v2\/posts\/39400","targetHints":{"allow":["GET"]}}],"collection":[{"href":"https:\/\/sindaopcpb.org.br\/index.php\/wp-json\/wp\/v2\/posts"}],"about":[{"href":"https:\/\/sindaopcpb.org.br\/index.php\/wp-json\/wp\/v2\/types\/post"}],"author":[{"embeddable":true,"href":"https:\/\/sindaopcpb.org.br\/index.php\/wp-json\/wp\/v2\/users\/42"}],"replies":[{"embeddable":true,"href":"https:\/\/sindaopcpb.org.br\/index.php\/wp-json\/wp\/v2\/comments?post=39400"}],"version-history":[{"count":1,"href":"https:\/\/sindaopcpb.org.br\/index.php\/wp-json\/wp\/v2\/posts\/39400\/revisions"}],"predecessor-version":[{"id":39401,"href":"https:\/\/sindaopcpb.org.br\/index.php\/wp-json\/wp\/v2\/posts\/39400\/revisions\/39401"}],"wp:attachment":[{"href":"https:\/\/sindaopcpb.org.br\/index.php\/wp-json\/wp\/v2\/media?parent=39400"}],"wp:term":[{"taxonomy":"category","embeddable":true,"href":"https:\/\/sindaopcpb.org.br\/index.php\/wp-json\/wp\/v2\/categories?post=39400"},{"taxonomy":"post_tag","embeddable":true,"href":"https:\/\/sindaopcpb.org.br\/index.php\/wp-json\/wp\/v2\/tags?post=39400"}],"curies":[{"name":"wp","href":"https:\/\/api.w.org\/{rel}","templated":true}]}}