{"id":39390,"date":"2023-10-18T21:54:25","date_gmt":"2023-10-19T00:54:25","guid":{"rendered":"https:\/\/www.infomoney.com.br\/?p=2272481"},"modified":"2023-10-18T21:54:25","modified_gmt":"2023-10-19T00:54:25","slug":"bolsonaro-vai-a-pf-nao-presta-depoimento-e-critica-relatorio-da-cpmi-do-8-1","status":"publish","type":"post","link":"https:\/\/sindaopcpb.org.br\/index.php\/2023\/10\/18\/bolsonaro-vai-a-pf-nao-presta-depoimento-e-critica-relatorio-da-cpmi-do-8-1\/","title":{"rendered":"Bolsonaro vai \u00e0 PF, n\u00e3o presta depoimento e critica relat\u00f3rio da CPMI do 8\/1"},"content":{"rendered":"<p><img loading=\"lazy\" width=\"300\" height=\"179\" src=\"https:\/\/www.infomoney.com.br\/wp-content\/uploads\/2023\/10\/bolsonaro-pf.jpg?fit=300%2C179&amp;quality=70&amp;strip=all\" class=\"attachment-medium size-medium wp-post-image\" alt=\"\" decoding=\"async\" style=\"float:right; margin:0 0 10px 10px;\" srcset=\"https:\/\/www.infomoney.com.br\/wp-content\/uploads\/2023\/10\/bolsonaro-pf.jpg?w=1170&amp;quality=70&amp;strip=all 1170w, https:\/\/www.infomoney.com.br\/wp-content\/uploads\/2023\/10\/bolsonaro-pf.jpg?w=300&amp;quality=70&amp;strip=all 300w, https:\/\/www.infomoney.com.br\/wp-content\/uploads\/2023\/10\/bolsonaro-pf.jpg?w=768&amp;quality=70&amp;strip=all 768w, https:\/\/www.infomoney.com.br\/wp-content\/uploads\/2023\/10\/bolsonaro-pf.jpg?w=150&amp;quality=70&amp;strip=all 150w\" sizes=\"auto, (max-width: 300px) 100vw, 300px\" data-attachment-id=\"2272484\" data-permalink=\"https:\/\/www.infomoney.com.br\/politica\/bolsonaro-vai-a-pf-nao-presta-depoimento-e-critica-relatorio-da-cpmi-do-8-1\/attachment\/bolsonaro-pf\/\" data-orig-file=\"https:\/\/www.infomoney.com.br\/wp-content\/uploads\/2023\/10\/bolsonaro-pf.jpg?fit=1170%2C700&amp;quality=70&amp;strip=all\" data-orig-size=\"1170,700\" data-comments-opened=\"0\" data-image-meta=\"{&quot;aperture&quot;:&quot;14&quot;,&quot;credit&quot;:&quot;Valter Campanato\\\/Ag\\u00eancia Brasil&quot;,&quot;camera&quot;:&quot;Canon EOS 90D&quot;,&quot;caption&quot;:&quot;Bras\\u00edlia (DF), 18\\\/10\\\/2023, O ex-presidente Jair Bolsonaro, fala com jornalistas, na sede da Pol\\u00edcia Federal em Bras\\u00edlia. Foto: Valter Campanato\\\/Ag\\u00eancia Brasil&quot;,&quot;created_timestamp&quot;:&quot;1697577074&quot;,&quot;copyright&quot;:&quot;Valter Campanato\\\/Ag\\u00eancia Brasil&quot;,&quot;focal_length&quot;:&quot;18&quot;,&quot;iso&quot;:&quot;1250&quot;,&quot;shutter_speed&quot;:&quot;0.008&quot;,&quot;title&quot;:&quot;&quot;,&quot;orientation&quot;:&quot;0&quot;}\" data-image-title=\"Bolsonaro na PF\" data-image-description=\"\" data-image-caption=\"&lt;p&gt;O ex-presidente Jair Bolsonaro (PL) fala com jornalistas em frente \u00e0 sede da Pol\u00edcia Federal (PF) em Bras\u00edlia em 18\/10\/2023 (Foto: Valter Campanato\/Ag\u00eancia Brasil)&lt;\/p&gt;\n\" data-medium-file=\"https:\/\/www.infomoney.com.br\/wp-content\/uploads\/2023\/10\/bolsonaro-pf.jpg?fit=300%2C179&amp;quality=70&amp;strip=all\" data-large-file=\"https:\/\/www.infomoney.com.br\/wp-content\/uploads\/2023\/10\/bolsonaro-pf.jpg?fit=1170%2C700&amp;quality=70&amp;strip=all\" title=\"\"><\/p>\n<p>O ex-presidente Jair Bolsonaro (PL) compareceu &agrave; sede da Pol&iacute;cia Federal (PF) em Bras&iacute;lia nesta quarta-feira (18), acompanhado por advogados, onde entregou manifesta&ccedil;&atilde;o por escrito em rela&ccedil;&atilde;o ao inqu&eacute;rito que apura a participa&ccedil;&atilde;o dele e de empres&aacute;rios em um grupo de WhatsApp.<\/p>\n<p>No grupo foram compartilhadas supostas mensagens favor&aacute;veis a um golpe de Estado, no ano passado, meses antes das elei&ccedil;&otilde;es vencidas pelo atual Presid&ecirc;ncia da Rep&uacute;blica, Luiz In&aacute;cio Lula da Silva (PT). O ex-presidente reconheceu ter enviado mensagens no grupo, mas voltou a negar qualquer teor golpista.<\/p>\n<p>&ldquo;As mensagens que eu passei, grande parte eram da pr&oacute;pria imprensa. E a op&ccedil;&atilde;o dos advogados [hoje] &eacute; entregar as raz&otilde;es de defesa por escrito, continuar batendo na tecla da compet&ecirc;ncia, que n&atilde;o &eacute; do Supremo nesse caso&rdquo;, afirmou Bolsonaro a jornalistas. &ldquo;Advogados entendem que &eacute; primeira inst&acirc;ncia. E sempre estivemos prontos para colaborar&rdquo;.<\/p>\n<h2>Compet&ecirc;ncia para investigar<\/h2>\n<p>O advogado Paulo Cunha Bueno afirmou que nenhum dos empres&aacute;rios envolvidos na investiga&ccedil;&atilde;o t&ecirc;m foro por prerrogativa de fun&ccedil;&atilde;o e, por isso, o caso jamais deveria estar sendo investigado no Supremo Tribunal Federal (STF).<\/p>\n<p>&ldquo;Nenhum, absolutamente nenhum dos investigados det&ecirc;m foro por prerrogativa de fun&ccedil;&atilde;o. S&atilde;o empres&aacute;rios e um ex-presidente da Rep&uacute;blica. Portanto, se houvesse algum fato delituoso a ser investigado, ele deveria tramitar em primeira inst&acirc;ncia&rdquo;, disse o defensor. &ldquo;Lamentavelmente, os casos que envolvem o ex-presidente Bolsonaro recorrentemente t&ecirc;m padecido desse problema de compet&ecirc;ncia. Em algum momento isso ter&aacute; que ser dirimido, n&atilde;o &eacute; razo&aacute;vel que o garantismo seja seletivo&rdquo;.<\/p>\n<p>Cunha Bueno tamb&eacute;m afirmou que o inqu&eacute;rito n&atilde;o apura fato determinado. &ldquo;Todos os delitos contra o Estado Democr&aacute;tico de Direito s&atilde;o os &uacute;ltimos artigos do C&oacute;digo Penal, s&atilde;o delitos praticados mediante viol&ecirc;ncia ou grave amea&ccedil;a. Ou seja, uma conversa de WhatsApp, entre amigos em um grupo fechado, de forma alguma poderia tornar-se uma investiga&ccedil;&atilde;o&rdquo;.<\/p>\n<h2>CPMI do 8\/1<\/h2>\n<p>Bolsonaro tamb&eacute;m foi questionado por jornalistas sobre o relat&oacute;rio final da Comiss&atilde;o Parlamentar de Inqu&eacute;rito (CPMI) que investiga os atos golpistas do 8 de janeiro. O parecer apresentado pela senadora Eliziane Gama (PSD-MA) <a href=\"https:\/\/www.infomoney.com.br\/politica\/cpmi-do-8-1-aprova-relatorio-final-que-pede-indiciamento-de-bolsonaro\/\" rel=\"nofollow noopener\" target=\"_blank\">aprovado pela comiss&atilde;o pediu o indiciamento do ex-presidente e mais 60 pessoas<\/a>, incluindo ex-auxiliares diretos e generais das For&ccedil;as Armadas.<\/p>\n<p>Mesmo sob pesado protesto da oposi&ccedil;&atilde;o, o parecer foi aprovado com 20 votos a favor e 11 contr&aacute;rios e agora ser&aacute; enviado ao Minist&eacute;rio P&uacute;blico, a quem caber&aacute; decidir se denuncia o ex-presidente e os demais alvos da comiss&atilde;o.<\/p>\n<p>&ldquo;Completamente parcial [o relat&oacute;rio]. A funcion&aacute;ria de Fl&aacute;vio Dino [ministro da Justi&ccedil;a] recebeu aquilo j&aacute; pronto e entregou. Por que n&atilde;o me convocou, se tem maioria na comiss&atilde;o? Me indiciam sem convocar&rdquo;, criticou Bolsonaro.<\/p>\n<div class=\"infomoney-related-posts\">\n<h4>Leia tamb&eacute;m<\/h4>\n<div class=\"list\">\n<div class=\"row mx-0 item\">\n<div class=\"img-container\">\n<figure><img decoding=\"async\" class=\"img-fluid img-fluid\" src=\"https:\/\/www.infomoney.com.br\/wp-content\/uploads\/2023\/10\/eliziane-cpmi8dejaneiro.jpg?quality=70&#038;w=150&#038;%23038;h=150&#038;%23038;crop=1&#038;%23038;strip=all\" data-recalc-dims=\"1\" alt=\"\" title=\"\"><\/figure>\n<\/div>\n<div class=\"info\"><span class=\"hl-hat\">20 votos a 11<\/span><span class=\"hl-title\"><a href=\"https:\/\/www.infomoney.com.br\/politica\/cpmi-do-8-1-aprova-relatorio-final-que-pede-indiciamento-de-bolsonaro\/\" rel=\"nofollow noopener\" target=\"_blank\">CPMI do 8\/1 aprova relat&oacute;rio final que pede indiciamento de Bolsonaro e militares<\/a><\/span><span class=\"hl-description\">Senadora Eliziane Gama (PSD-MA) diz que nenhum dos indiciamentos foi pedido sem o devido levantamento de provas materializadas<\/span><\/div>\n<\/div>\n<\/div>\n<\/div>\n<p>&nbsp;<\/p>\n<\/p>\n<div class=\"cta-end\">\n<div class=\"im-cta\" >\n<div class=\"im-shortcode-forms bg-light bg-opacity-25 border rounded-4 p-3 p-sm-4 p-md-3 p-lg-4 px-xxl-5 my-5\" data-configuration='{\"form_name\":false,\"form_hat\":\"Newsletter\",\"form_email\":true,\"form_icon\":\"newsletter\",\"form_phone\":false,\"form_campaign\":\"NIM\",\"form_thankyou\":\"\",\"form_journey\":\"APIEvent-26a5198d-8e09-06ef-5f80-cd9127757ad1\",\"form_button\":\"Quero receber\",\"form_context\":\"newsletter\",\"form_origin\":\"https:\\\/\\\/www.infomoney.com.br\\\/politica\\\/feed\\\/?utm_medium=materia&#038;utm_source=infomoney&#038;utm_campaign=NIM&#038;utm_term=politica&#038;utm_content=newsletter\",\"form_position\":\"final\",\"form_category\":\"cta_form\"}'>\n<div class=\"d-flex flex-column align-items-center align-items-lg-start mb-4 flex-lg-row\">\n<div class=\"rounded-circle mb-2 mb-lg-0 mr-lg-4 me-lg-4 p-3 p-lg-4 bg-blue-400\"><svg width=\"40\" height=\"40\" viewBox=\"0 0 40 40\" fill=\"none\" xmlns=\"http:\/\/www.w3.org\/2000\/svg\"><path d=\"M20 20.25 6.042 11.042v19.041c0 .167.048.299.146.396a.535.535 0 0 0 .395.146h15.792V32.5H6.583a2.328 2.328 0 0 1-1.708-.708 2.328 2.328 0 0 1-.708-1.709V9.917c0-.667.236-1.236.708-1.709A2.328 2.328 0 0 1 6.583 7.5h26.834c.666 0 1.236.236 1.708.708a2.33 2.33 0 0 1 .708 1.709v12.458h-1.875V11.042L20 20.25Zm0-2 13.667-8.875H6.333L20 18.25Zm11.75 18.958-1.292-1.333 3.334-3.375h-9v-1.875h9l-3.375-3.417 1.333-1.291 5.667 5.625-5.667 5.666ZM6.042 11.042v20.791-9.458.25-13.25 1.667Z\" fill=\"#fff\"\/><\/svg><\/div>\n<div class=\"flex-fill text-center text-lg-left\">\n<div class=\"h6 small text-orange-700 lh-base mb-1\">Newsletter<\/div>\n<div class=\"text-body h4 m-0\">Infomorning<\/div>\n<div class=\"text-body small lh-base mt-2\">Receba no seu e-mail logo pela manh&atilde; as not&iacute;cias que v&atilde;o mexer com os mercados, com os seus investimentos e o seu bolso durante o dia<\/div>\n<\/div>\n<\/div>\n<\/div>\n<\/div>\n<\/div>\n<p>The post <a rel=\"nofollow noopener\" href=\"https:\/\/www.infomoney.com.br\/politica\/bolsonaro-vai-a-pf-nao-presta-depoimento-e-critica-relatorio-da-cpmi-do-8-1\/\" target=\"_blank\">Bolsonaro vai \u00e0 PF, n\u00e3o presta depoimento e critica relat\u00f3rio da CPMI do 8\/1<\/a> appeared first on <a rel=\"nofollow noopener\" href=\"https:\/\/www.infomoney.com.br\/\" target=\"_blank\">InfoMoney<\/a>.<\/p>\n","protected":false},"excerpt":{"rendered":"<p><img loading=\"lazy\" decoding=\"async\" width=\"300\" height=\"179\" src=\"https:\/\/www.infomoney.com.br\/wp-content\/uploads\/2023\/10\/bolsonaro-pf.jpg?fit=300%2C179&amp;quality=70&amp;strip=all\" class=\"attachment-medium size-medium wp-post-image\" alt=\"\" data-attachment-id=\"2272484\" data-permalink=\"https:\/\/www.infomoney.com.br\/politica\/bolsonaro-vai-a-pf-nao-presta-depoimento-e-critica-relatorio-da-cpmi-do-8-1\/attachment\/bolsonaro-pf\/\" data-orig-file=\"https:\/\/www.infomoney.com.br\/wp-content\/uploads\/2023\/10\/bolsonaro-pf.jpg?fit=1170%2C700&amp;quality=70&amp;strip=all\" data-orig-size=\"1170,700\" data-comments-opened=\"0\" data-image-meta='{\"aperture\":\"14\",\"credit\":\"Valter Campanato\\\/Ag\\u00eancia Brasil\",\"camera\":\"Canon EOS 90D\",\"caption\":\"Bras\\u00edlia (DF), 18\\\/10\\\/2023, O ex-presidente Jair Bolsonaro, fala com jornalistas, na sede da Pol\\u00edcia Federal em Bras\\u00edlia. Foto: Valter Campanato\\\/Ag\\u00eancia Brasil\",\"created_timestamp\":\"1697577074\",\"copyright\":\"Valter Campanato\\\/Ag\\u00eancia Brasil\",\"focal_length\":\"18\",\"iso\":\"1250\",\"shutter_speed\":\"0.008\",\"title\":\"\",\"orientation\":\"0\"}' data-image-title=\"Bolsonaro na PF\" data-image-description=\"\" data-image-caption=\"&lt;p&gt;O ex-presidente Jair Bolsonaro (PL) fala com jornalistas em frente \u00e0 sede da Pol\u00edcia Federal (PF) em Bras\u00edlia em 18\/10\/2023 (Foto: Valter Campanato\/Ag\u00eancia Brasil)&lt;\/p&gt;\n\" data-medium-file=\"https:\/\/www.infomoney.com.br\/wp-content\/uploads\/2023\/10\/bolsonaro-pf.jpg?fit=300%2C179&amp;quality=70&amp;strip=all\" data-large-file=\"https:\/\/www.infomoney.com.br\/wp-content\/uploads\/2023\/10\/bolsonaro-pf.jpg?fit=1170%2C700&amp;quality=70&amp;strip=all\">Inqu\u00e9rito apura troca de mensagens entre ex-presidente e empres\u00e1rios; advogado questiona compet\u00eancia do Supremo<\/p>\n<p>The post <a rel=\"nofollow\" href=\"https:\/\/www.infomoney.com.br\/politica\/bolsonaro-vai-a-pf-nao-presta-depoimento-e-critica-relatorio-da-cpmi-do-8-1\/\">Bolsonaro vai \u00e0 PF, n\u00e3o presta depoimento e critica relat\u00f3rio da CPMI do 8\/1<\/a> appeared first on <a rel=\"nofollow\" href=\"https:\/\/www.infomoney.com.br\/\">InfoMoney<\/a>.<\/p>\n","protected":false},"author":44,"featured_media":0,"comment_status":"closed","ping_status":"closed","sticky":false,"template":"","format":"standard","meta":{"advgb_blocks_editor_width":"","advgb_blocks_columns_visual_guide":"","footnotes":""},"categories":[34,135,768,47],"tags":[35],"class_list":["post-39390","post","type-post","status-publish","format-standard","hentry","category-g1","category-jair-bolsonaro","category-policia-federal","category-politica","tag-g1"],"author_meta":{"display_name":"Ag\u00eancia Brasil","author_link":"https:\/\/sindaopcpb.org.br\/author\/agencia-brasil\/"},"featured_img":null,"coauthors":[],"tax_additional":{"categories":{"linked":["<a href=\"https:\/\/sindaopcpb.org.br\/g1\/\" class=\"advgb-post-tax-term\">G1<\/a>","<a href=\"https:\/\/sindaopcpb.org.br\/jair-bolsonaro\/\" class=\"advgb-post-tax-term\">Jair Bolsonaro<\/a>","<a href=\"https:\/\/sindaopcpb.org.br\/policia-federal\/\" class=\"advgb-post-tax-term\">Policia Federal<\/a>","<a href=\"https:\/\/sindaopcpb.org.br\/politica\/\" class=\"advgb-post-tax-term\">POLITICA<\/a>"],"unlinked":["<span class=\"advgb-post-tax-term\">G1<\/span>","<span class=\"advgb-post-tax-term\">Jair Bolsonaro<\/span>","<span class=\"advgb-post-tax-term\">Policia Federal<\/span>","<span class=\"advgb-post-tax-term\">POLITICA<\/span>"]},"tags":{"linked":["<a href=\"https:\/\/sindaopcpb.org.br\/politica\/\" class=\"advgb-post-tax-term\">g1<\/a>"],"unlinked":["<span class=\"advgb-post-tax-term\">g1<\/span>"]}},"comment_count":"0","relative_dates":{"created":"Publicado 3 anos atr\u00e1s","modified":"Atualizado 3 anos atr\u00e1s"},"absolute_dates":{"created":"Publicado em 18 de outubro de 2023","modified":"Atualizado em 18 de outubro de 2023"},"absolute_dates_time":{"created":"Publicado em 18 de outubro de 2023 21:54","modified":"Atualizado em 18 de outubro de 2023 21:54"},"featured_img_caption":"","series_order":"","_links":{"self":[{"href":"https:\/\/sindaopcpb.org.br\/index.php\/wp-json\/wp\/v2\/posts\/39390","targetHints":{"allow":["GET"]}}],"collection":[{"href":"https:\/\/sindaopcpb.org.br\/index.php\/wp-json\/wp\/v2\/posts"}],"about":[{"href":"https:\/\/sindaopcpb.org.br\/index.php\/wp-json\/wp\/v2\/types\/post"}],"author":[{"embeddable":true,"href":"https:\/\/sindaopcpb.org.br\/index.php\/wp-json\/wp\/v2\/users\/44"}],"replies":[{"embeddable":true,"href":"https:\/\/sindaopcpb.org.br\/index.php\/wp-json\/wp\/v2\/comments?post=39390"}],"version-history":[{"count":2,"href":"https:\/\/sindaopcpb.org.br\/index.php\/wp-json\/wp\/v2\/posts\/39390\/revisions"}],"predecessor-version":[{"id":39408,"href":"https:\/\/sindaopcpb.org.br\/index.php\/wp-json\/wp\/v2\/posts\/39390\/revisions\/39408"}],"wp:attachment":[{"href":"https:\/\/sindaopcpb.org.br\/index.php\/wp-json\/wp\/v2\/media?parent=39390"}],"wp:term":[{"taxonomy":"category","embeddable":true,"href":"https:\/\/sindaopcpb.org.br\/index.php\/wp-json\/wp\/v2\/categories?post=39390"},{"taxonomy":"post_tag","embeddable":true,"href":"https:\/\/sindaopcpb.org.br\/index.php\/wp-json\/wp\/v2\/tags?post=39390"}],"curies":[{"name":"wp","href":"https:\/\/api.w.org\/{rel}","templated":true}]}}