{"id":39388,"date":"2023-10-18T21:20:45","date_gmt":"2023-10-19T00:20:45","guid":{"rendered":"https:\/\/wpa.wscom.com.br\/?p=928425"},"modified":"2023-10-18T21:20:45","modified_gmt":"2023-10-19T00:20:45","slug":"morre-ariano-wanderley-ex-presidente-do-botafogo-pb-e-ex-prefeito-de-sao-jose-de-espinharas","status":"publish","type":"post","link":"https:\/\/sindaopcpb.org.br\/index.php\/2023\/10\/18\/morre-ariano-wanderley-ex-presidente-do-botafogo-pb-e-ex-prefeito-de-sao-jose-de-espinharas\/","title":{"rendered":"Morre Ariano Wanderley, ex-presidente do Botafogo-PB e ex-prefeito de S\u00e3o Jos\u00e9 de Espinharas"},"content":{"rendered":"<p>Faleceu nesta quarta-feira (18) o ex-dirigente do Botafogo-PB <strong>Ariano Wanderley<\/strong>, aos 60 anos. A causa do falecimento n\u00e3o foi divulgada.<\/p>\n<p>Ariano foi prefeito de S\u00e3o Jos\u00e9 de Espinharas entre 1993 e 1996 pelo MDB, na \u00e9poca sendo um quadro pol\u00edtico de Ant\u00f4nio Mariz e Jos\u00e9 Maranh\u00e3o.<\/p>\n<p>A posi\u00e7\u00e3o mais marcante da sua trajet\u00f3ria foi no Botafogo-PB, onde dedicou grande parte de sua carreira como dirigente. Ele era conselheiro em\u00e9rito do Belo. Tamb\u00e9m ocupou a posi\u00e7\u00e3o de vice-presidente da Liga do Nordeste.<\/p>\n<p>Em 2002, assumiu a presid\u00eancia do clube devido \u00e0 licen\u00e7a de Luciano Wanderley. Ao longo dos anos, Ariano ocupou diversos cargos no clube, incluindo vice-presid\u00eancia e dire\u00e7\u00e3o do departamento de futebol.<\/p>\n<p>O dirigente tamb\u00e9m desempenhou o papel de vice-presidente de futebol no Botafogo-PB durante a gest\u00e3o de Nelson Lira. Sua passagem pela fun\u00e7\u00e3o durou at\u00e9 2014, quando assumiu como interventor em uma Junta Administrativa que liderou a FPF-PB ap\u00f3s o afastamento de Rosilene Gomes por decis\u00e3o judicial.<\/p>\n<p>&nbsp;<\/p>\n<p>O post <a rel=\"nofollow noopener\" href=\"https:\/\/wscom.com.br\/morre-ariano-wanderley-ex-presidente-do-botafogo-da-paraiba\/\" target=\"_blank\">Morre Ariano Wanderley, ex-presidente do Botafogo-PB e ex-prefeito de S\u00e3o Jos\u00e9 de Espinharas<\/a> apareceu primeiro em <a rel=\"nofollow noopener\" href=\"https:\/\/wscom.com.br\/\" target=\"_blank\">WSCOM<\/a>.<\/p>\n","protected":false},"excerpt":{"rendered":"<p>Faleceu nesta quarta-feira (18) o ex-dirigente do Botafogo-PB Ariano Wanderley, aos 60 anos. A causa do falecimento n\u00e3o foi divulgada. Ariano foi prefeito de S\u00e3o Jos\u00e9 de Espinharas entre 1993 e 1996 pelo MDB, na \u00e9poca sendo um quadro pol\u00edtico de Ant\u00f4nio Mariz e Jos\u00e9 Maranh\u00e3o. A posi\u00e7\u00e3o mais marcante da sua trajet\u00f3ria foi no [\u2026]<\/p>\n<p>O post <a rel=\"nofollow\" href=\"https:\/\/wscom.com.br\/morre-ariano-wanderley-ex-presidente-do-botafogo-da-paraiba\/\">Morre Ariano Wanderley, ex-presidente do Botafogo-PB e ex-prefeito de S\u00e3o Jos\u00e9 de Espinharas<\/a> apareceu primeiro em <a rel=\"nofollow\" href=\"https:\/\/wscom.com.br\/\">WSCOM<\/a>.<\/p>\n","protected":false},"author":50,"featured_media":0,"comment_status":"closed","ping_status":"closed","sticky":false,"template":"","format":"standard","meta":{"advgb_blocks_editor_width":"","advgb_blocks_columns_visual_guide":"","footnotes":""},"categories":[4833,34,254,54,10274],"tags":[35],"class_list":["post-39388","post","type-post","status-publish","format-standard","hentry","category-ariano","category-g1","category-morre","category-paraiba","category-wanderley","tag-g1"],"author_meta":{"display_name":"Wallyson","author_link":"https:\/\/sindaopcpb.org.br\/author\/wallyson\/"},"featured_img":null,"coauthors":[],"tax_additional":{"categories":{"linked":["<a href=\"https:\/\/sindaopcpb.org.br\/ariano\/\" class=\"advgb-post-tax-term\">ARIANO<\/a>","<a href=\"https:\/\/sindaopcpb.org.br\/g1\/\" class=\"advgb-post-tax-term\">G1<\/a>","<a href=\"https:\/\/sindaopcpb.org.br\/morre\/\" class=\"advgb-post-tax-term\">morre<\/a>","<a href=\"https:\/\/sindaopcpb.org.br\/paraiba\/\" class=\"advgb-post-tax-term\">Para\u00edba<\/a>","<a href=\"https:\/\/sindaopcpb.org.br\/wanderley\/\" class=\"advgb-post-tax-term\">wanderley<\/a>"],"unlinked":["<span class=\"advgb-post-tax-term\">ARIANO<\/span>","<span class=\"advgb-post-tax-term\">G1<\/span>","<span class=\"advgb-post-tax-term\">morre<\/span>","<span class=\"advgb-post-tax-term\">Para\u00edba<\/span>","<span class=\"advgb-post-tax-term\">wanderley<\/span>"]},"tags":{"linked":["<a href=\"https:\/\/sindaopcpb.org.br\/wanderley\/\" class=\"advgb-post-tax-term\">g1<\/a>"],"unlinked":["<span class=\"advgb-post-tax-term\">g1<\/span>"]}},"comment_count":"0","relative_dates":{"created":"Publicado 3 anos atr\u00e1s","modified":"Atualizado 3 anos atr\u00e1s"},"absolute_dates":{"created":"Publicado em 18 de outubro de 2023","modified":"Atualizado em 18 de outubro de 2023"},"absolute_dates_time":{"created":"Publicado em 18 de outubro de 2023 21:20","modified":"Atualizado em 18 de outubro de 2023 21:20"},"featured_img_caption":"","series_order":"","_links":{"self":[{"href":"https:\/\/sindaopcpb.org.br\/index.php\/wp-json\/wp\/v2\/posts\/39388","targetHints":{"allow":["GET"]}}],"collection":[{"href":"https:\/\/sindaopcpb.org.br\/index.php\/wp-json\/wp\/v2\/posts"}],"about":[{"href":"https:\/\/sindaopcpb.org.br\/index.php\/wp-json\/wp\/v2\/types\/post"}],"author":[{"embeddable":true,"href":"https:\/\/sindaopcpb.org.br\/index.php\/wp-json\/wp\/v2\/users\/50"}],"replies":[{"embeddable":true,"href":"https:\/\/sindaopcpb.org.br\/index.php\/wp-json\/wp\/v2\/comments?post=39388"}],"version-history":[{"count":1,"href":"https:\/\/sindaopcpb.org.br\/index.php\/wp-json\/wp\/v2\/posts\/39388\/revisions"}],"predecessor-version":[{"id":39389,"href":"https:\/\/sindaopcpb.org.br\/index.php\/wp-json\/wp\/v2\/posts\/39388\/revisions\/39389"}],"wp:attachment":[{"href":"https:\/\/sindaopcpb.org.br\/index.php\/wp-json\/wp\/v2\/media?parent=39388"}],"wp:term":[{"taxonomy":"category","embeddable":true,"href":"https:\/\/sindaopcpb.org.br\/index.php\/wp-json\/wp\/v2\/categories?post=39388"},{"taxonomy":"post_tag","embeddable":true,"href":"https:\/\/sindaopcpb.org.br\/index.php\/wp-json\/wp\/v2\/tags?post=39388"}],"curies":[{"name":"wp","href":"https:\/\/api.w.org\/{rel}","templated":true}]}}