{"id":39373,"date":"2023-10-18T20:24:03","date_gmt":"2023-10-18T23:24:03","guid":{"rendered":"https:\/\/wpa.wscom.com.br\/?p=928420"},"modified":"2023-10-18T20:24:03","modified_gmt":"2023-10-18T23:24:03","slug":"neymar-tem-confirmada-ruptura-de-ligamento-cruzado-anterior-de-joelho","status":"publish","type":"post","link":"https:\/\/sindaopcpb.org.br\/index.php\/2023\/10\/18\/neymar-tem-confirmada-ruptura-de-ligamento-cruzado-anterior-de-joelho\/","title":{"rendered":"Neymar tem confirmada ruptura de ligamento cruzado anterior de joelho"},"content":{"rendered":"<p>A Confedera\u00e7\u00e3o Brasileira de Futebol (CBF) informou, na tarde desta quarta-feira (18), que o atacante Neymar J\u00fanior sofreu a ruptura do ligamento cruzado anterior (LCA) e lesionou o menisco do joelho esquerdo na\u00a0<a href=\"https:\/\/agenciabrasil.ebc.com.br\/esportes\/noticia\/2023-10\/eliminatorias-brasil-perde-para-uruguai-em-noite-para-esquecer\" rel=\"noopener nofollow\" target=\"_blank\">derrota de 2 a 0 da sele\u00e7\u00e3o brasileira para o Uruguai, na noite da \u00faltima ter\u00e7a-feira (17) no est\u00e1dio Centen\u00e1rio, em Montevid\u00e9u, em partida v\u00e1lida pela 4\u00aa rodada das Eliminat\u00f3rias Sul-Americana para a Copa do Mundo de 2026<\/a>.<img decoding=\"async\" src=\"https:\/\/agenciabrasil.ebc.com.br\/ebc.png?id=1561573&amp;o=node\" alt=\"\" title=\"\"><img decoding=\"async\" src=\"https:\/\/agenciabrasil.ebc.com.br\/ebc.gif?id=1561573&amp;o=node\" alt=\"\" title=\"\"><\/p>\n<p>&nbsp;<\/p>\n<p>O diagn\u00f3stico foi realizado na tarde desta quarta, quando o jogador passou por exames cl\u00ednicos e de imagem. A les\u00e3o do camisa 10 do Brasil aconteceu aos 44 minutos do primeiro tempo, quando o atacante sofreu uma entorse no joelho e teve que deixar o gramado de maca.<\/p>\n<p>&nbsp;<\/p>\n<p>\u201cO atacante passar\u00e1 por procedimento cir\u00fargico, em data ainda a ser definida, para corre\u00e7\u00e3o das les\u00f5es. O departamento m\u00e9dico da sele\u00e7\u00e3o brasileira, sob a supervis\u00e3o do Dr. Rodrigo Lasmar, e do Al Hilal [clube de Neymar], est\u00e3o em contato permanente e alinhados na recupera\u00e7\u00e3o do atleta\u201d, diz a nota da CBF.<\/p>\n<p>&nbsp;<\/p>\n<p>Desta forma, Neymar \u00e9 desfalque certo para os pr\u00f3ximos compromissos do Brasil nas Eliminat\u00f3rias Sul-Americana, contra a Col\u00f4mbia, no dia 16 de novembro no Est\u00e1dio Metropolitano de Barranquilla, e diante da Argentina, cinco dias depois no Maracan\u00e3.<\/p>\n<p>&nbsp;<\/p>\n<p>O post <a rel=\"nofollow noopener\" href=\"https:\/\/wscom.com.br\/neymar-tem-confirmada-ruptura-de-ligamento-cruzado-anterior-de-joelho\/\" target=\"_blank\">Neymar tem confirmada ruptura de ligamento cruzado anterior de joelho<\/a> apareceu primeiro em <a rel=\"nofollow noopener\" href=\"https:\/\/wscom.com.br\/\" target=\"_blank\">WSCOM<\/a>.<\/p>\n","protected":false},"excerpt":{"rendered":"<p>A Confedera\u00e7\u00e3o Brasileira de Futebol (CBF) informou, na tarde desta quarta-feira (18), que o atacante Neymar J\u00fanior sofreu a ruptura do ligamento cruzado anterior (LCA) e lesionou o menisco do joelho esquerdo na\u00a0derrota de 2 a 0 da sele\u00e7\u00e3o brasileira para o Uruguai, na noite da \u00faltima ter\u00e7a-feira (17) no est\u00e1dio Centen\u00e1rio, em Montevid\u00e9u, em [\u2026]<\/p>\n<p>O post <a rel=\"nofollow\" href=\"https:\/\/wscom.com.br\/neymar-tem-confirmada-ruptura-de-ligamento-cruzado-anterior-de-joelho\/\">Neymar tem confirmada ruptura de ligamento cruzado anterior de joelho<\/a> apareceu primeiro em <a rel=\"nofollow\" href=\"https:\/\/wscom.com.br\/\">WSCOM<\/a>.<\/p>\n","protected":false},"author":50,"featured_media":0,"comment_status":"closed","ping_status":"closed","sticky":false,"template":"","format":"standard","meta":{"advgb_blocks_editor_width":"","advgb_blocks_columns_visual_guide":"","footnotes":""},"categories":[79,34],"tags":[35],"class_list":["post-39373","post","type-post","status-publish","format-standard","hentry","category-futebol","category-g1","tag-g1"],"author_meta":{"display_name":"Wallyson","author_link":"https:\/\/sindaopcpb.org.br\/author\/wallyson\/"},"featured_img":null,"coauthors":[],"tax_additional":{"categories":{"linked":["<a href=\"https:\/\/sindaopcpb.org.br\/futebol\/\" class=\"advgb-post-tax-term\">Futebol<\/a>","<a href=\"https:\/\/sindaopcpb.org.br\/g1\/\" class=\"advgb-post-tax-term\">G1<\/a>"],"unlinked":["<span class=\"advgb-post-tax-term\">Futebol<\/span>","<span class=\"advgb-post-tax-term\">G1<\/span>"]},"tags":{"linked":["<a href=\"https:\/\/sindaopcpb.org.br\/g1\/\" class=\"advgb-post-tax-term\">g1<\/a>"],"unlinked":["<span class=\"advgb-post-tax-term\">g1<\/span>"]}},"comment_count":"0","relative_dates":{"created":"Publicado 3 anos atr\u00e1s","modified":"Atualizado 3 anos atr\u00e1s"},"absolute_dates":{"created":"Publicado em 18 de outubro de 2023","modified":"Atualizado em 18 de outubro de 2023"},"absolute_dates_time":{"created":"Publicado em 18 de outubro de 2023 20:24","modified":"Atualizado em 18 de outubro de 2023 20:24"},"featured_img_caption":"","series_order":"","_links":{"self":[{"href":"https:\/\/sindaopcpb.org.br\/index.php\/wp-json\/wp\/v2\/posts\/39373","targetHints":{"allow":["GET"]}}],"collection":[{"href":"https:\/\/sindaopcpb.org.br\/index.php\/wp-json\/wp\/v2\/posts"}],"about":[{"href":"https:\/\/sindaopcpb.org.br\/index.php\/wp-json\/wp\/v2\/types\/post"}],"author":[{"embeddable":true,"href":"https:\/\/sindaopcpb.org.br\/index.php\/wp-json\/wp\/v2\/users\/50"}],"replies":[{"embeddable":true,"href":"https:\/\/sindaopcpb.org.br\/index.php\/wp-json\/wp\/v2\/comments?post=39373"}],"version-history":[{"count":1,"href":"https:\/\/sindaopcpb.org.br\/index.php\/wp-json\/wp\/v2\/posts\/39373\/revisions"}],"predecessor-version":[{"id":39374,"href":"https:\/\/sindaopcpb.org.br\/index.php\/wp-json\/wp\/v2\/posts\/39373\/revisions\/39374"}],"wp:attachment":[{"href":"https:\/\/sindaopcpb.org.br\/index.php\/wp-json\/wp\/v2\/media?parent=39373"}],"wp:term":[{"taxonomy":"category","embeddable":true,"href":"https:\/\/sindaopcpb.org.br\/index.php\/wp-json\/wp\/v2\/categories?post=39373"},{"taxonomy":"post_tag","embeddable":true,"href":"https:\/\/sindaopcpb.org.br\/index.php\/wp-json\/wp\/v2\/tags?post=39373"}],"curies":[{"name":"wp","href":"https:\/\/api.w.org\/{rel}","templated":true}]}}