{"id":39360,"date":"2023-10-18T17:51:01","date_gmt":"2023-10-18T20:51:01","guid":{"rendered":"https:\/\/g1.globo.com\/pb\/paraiba\/noticia\/2023\/10\/18\/juliette-ja-foi-apontada-nas-redes-sociais-por-plagiar-milton-nascimento-pabllo-vittar-e-manu-gavassi-relembre.ghtml"},"modified":"2023-10-18T17:51:01","modified_gmt":"2023-10-18T20:51:01","slug":"juliette-ja-foi-apontada-nas-redes-sociais-por-plagiar-milton-nascimento-pabllo-vittar-e-manu-gavassi-relembre","status":"publish","type":"post","link":"https:\/\/sindaopcpb.org.br\/index.php\/2023\/10\/18\/juliette-ja-foi-apontada-nas-redes-sociais-por-plagiar-milton-nascimento-pabllo-vittar-e-manu-gavassi-relembre\/","title":{"rendered":"Juliette j\u00e1 foi apontada nas redes sociais por plagiar Milton Nascimento, Pabllo Vittar e Manu Gavassi; relembre"},"content":{"rendered":"   <img src=\"https:\/\/s2.glbimg.com\/pVz744xKdrlTuJ9lcjD9dIFVY2s=\/i.s3.glbimg.com\/v1\/AUTH_59edd422c0c84a879bd37670ae4f538a\/internal_photos\/bs\/2023\/O\/X\/Lz0wlAQAKZPQxcxrxi7Q\/anitta-juliette.webp\" \/><br \/>     Paraibana ficou entre assuntos mais comentados da internet por suposto pl\u00e1gio de m\u00fasica de Emicida. Juliette e Marina Sena no clipe de 'Quase N\u00e3o Namoro'\nReprodu\u00e7\u00e3o\nA pol\u00eamica envolvendo o lan\u00e7amento da m\u00fasica \"Magia Amarela\", de Juliette e Duda Beat, apontada como resultado de um suposto pl\u00e1gio do projeto \"Amarelo\", de Emicida, segue repercutindo na internet. Mas essa n\u00e3o \u00e9 a primeira vez que o p\u00fablico nas redes sociais levanta suspeitas de pl\u00e1gio nas obras da paraibana.\nPelo menos outras tr\u00eas produ\u00e7\u00f5es de Juliette foram alvo desse tipo de pol\u00eamica.\nO caso mais recente foi da m\u00fasica \"Quase N\u00e3o Namoro\", feita em parceria com a ex-bbb Marina Sena e lan\u00e7ada h\u00e1 cerca de dois meses. \nA segunda acusa\u00e7\u00e3o foi em 2021, quando a artista lan\u00e7ou seu primeiro EP e internautas apontaram semelhan\u00e7as com a capa da m\u00fasica \"Indestrut\u00edvel\", de Pabllo Vittar.\nJ\u00e1 a terceira envolve o clipe de \"Diferen\u00e7a Mara\", um dos hits do primeiro EP, que foi comparado com um v\u00eddeo de \"Maria, Maria\", de Milton Nascimento. \nRelembre abaixo os casos. \n\ud83c\udfb5 \"Quase N\u00e3o Namoro\"\nQuando lan\u00e7ou a m\u00fasica \"Quase N\u00e3o Namoro\", em agosto deste ano, internautas apontaram semelhan\u00e7as com a tipografia do single \"Gracinha\", de Manu Gavassi, lan\u00e7ada em novembro de 2021, meses ap\u00f3s sair do Big Brother Brasil.\nNa \u00e9poca, Manu chegou a falar sobre o assunto e afirmou que Juliette pediu desculpas pelo ocorrido.\n\"Quando comecei a ver essas refer\u00eancias visuais, quando vi a capa, eu fiquei sim chateada. A Juliette \u00e9 uma pessoa maravilhosa, eu amo muito a Ju e ela me ligou antes de tudo sair, e foi de uma dec\u00eancia, de uma classe, de uma eleg\u00e2ncia, de um car\u00e1ter, que poucas pessoas t\u00eam nesse meio. Sobre a equipe, tenho sim algumas coisas a falar. N\u00e3o tem como voc\u00ea n\u00e3o prestar aten\u00e7\u00e3o, com o que os profissionais da sua \u00e1rea no mercado que \u00e9 t\u00e3o pequeno est\u00e3o fazendo. Olhar para o lado, ver o que est\u00e1 acontecendo e cada um respeitar o outro assim eu acho bonito\", afirmou Manu em entrevista ao podcast Acess\u00edveis Cast. \nVeja tipografia da produ\u00e7\u00e3o de Manu Gavassi e Juliette com Marina Sena\nReprodu\u00e7\u00e3o\/Twitter\n\ud83c\udf99\ufe0fCapa do primeiro EP\nO primeiro EP de Juliette, cujo nome \u00e9 o mesmo da cantora, foi apontado em 2021 por internautas como semelhante \u00e0 capa de \"Indestrut\u00edvel\", de Pabllo Vittar. \nCom a repercuss\u00e3o, a equipe de Juliette optou por mudar a foto. \nVeja fotos de capas de Pabllo Vittar e Juliette\nReprodu\u00e7\u00e3o\/Twitter\nMas n\u00e3o foi s\u00f3 a capa que os internautas questionaram. Tr\u00eas m\u00fasicas do EP - \"Doce\", \"Sei L\u00e1\" e \"Benzin\" - teriam o mesmo nome que can\u00e7\u00f5es da banda brasileira de rock Boogarins. \nO g1 entrou em contato com a Boogarins para saber se alguma medida foi tomada na \u00e9poca, mas n\u00e3o teve retorno at\u00e9 a atualiza\u00e7\u00e3o desta mat\u00e9ria. \n\ud83d\udcbfCapa de \"Ciclone\"\nA capa do mais recente \u00e1lbum de Juliette, \"Ciclone\", lan\u00e7ado em agosto deste ano, onde a cantora aparece coberta por um tecido, tamb\u00e9m foi apontada na internet com refer\u00eancia a uma foto da pr\u00f3pria Duda Beat.\n\u00c0 \u00e9poca, Duda Beat - envolvida no caso mais recente de acusa\u00e7\u00e3o de pl\u00e1gio com Juliette por parte dos internautas (veja mais abaixo) - n\u00e3o se pronunciou sobre o assunto. \n\nCapas de Duda Beat e Juliette\nReprodu\u00e7\u00e3o\/Twitter\nO g1 procurou a equipe de Juliette para saber se alguma medida foi tomada quando internautas acusaram a artista de pl\u00e1gio. \n\ud83c\udfb6Milton Nascimento\nQuando o clipe de 'Diferen\u00e7a Mara' foi lan\u00e7ado, em 2021, internautas sugeriram que a produ\u00e7\u00e3o da cantora tinha cenas semelhantes ao clipe de 'Maria, Maria', lan\u00e7ado por Milton Nascimento tr\u00eas anos antes. \nNa ep\u00f3ca, Milton Nascimento e Juliette n\u00e3o comentaram sobre a compara\u00e7\u00e3o. \nCenas do clipe de Juliette ao lado do clipe de Milton Nascimento\nReprodu\u00e7\u00e3o\/Twitter\n\ud83d\udfe8 Entenda pol\u00eamica envolvendo Juliette, Duda Beat e Emicida \nA m\u00fasica \u201cMagia Amarela\u201c, parceria de Juliette com a pernambucana Duda Beat lan\u00e7ada nesta quarta-feira (18), se tornou um dos assuntos mais comentados nas redes sociais ap\u00f3s acusa\u00e7\u00f5es de um suposto pl\u00e1gio do projeto \"AmarElo\", de Emicida, lan\u00e7ado em junho de 2019.\nA pol\u00eamica come\u00e7ou logo ap\u00f3s o an\u00fancio do single nas redes sociais da ex-bbb. Internautas apontaram semelhan\u00e7as como o cen\u00e1rio fotogr\u00e1fico, a fonte da arte de divulga\u00e7\u00e3o e o conceito geral do trabalho.\nTanto que o irm\u00e3o e produtor de Emicida, Evandro Fi\u00f3ti, se pronunciou sobre o assunto durante uma live feita no Instagram:\n\"Tem banda de artista branco que a gente encontra em todo lugar, que mal lan\u00e7ou um disco e que em um ano j\u00e1 ganhou um Grammy. A gente levou 12 anos para ganhar um Grammy. E o trabalho que a gente ganhou um Grammy acabou de ser roubado conceitualmente. Entendeu? Tem no\u00e7\u00e3o o \u00f3dio que gera? Tem no\u00e7\u00e3o a vontade que d\u00e1 de botar fogo em tudo?\".\nDuda Beat e Juliette s\u00e3o acusadas de plagiar projeto de Emicida\nMontagem\/g1\nNas redes sociais, ele ainda disse: \"Sabe apropria\u00e7\u00e3o e tudo aquilo que a gente discursa sobre \u00e9tica? Ent\u00e3o, esse mercado tem bem pouco. Sem criticar as artistas que inclusive admiro. Mas nosso jur\u00eddico vai trabalhar\".\nO g1 entrou em contato com as equipes de Emicida, Juliette e Duda Beat.\nEm nota, Juliette informou que a m\u00fasica faz parte de uma campanha publicit\u00e1ria e que sua equipe est\u00e1 em contato com os respons\u00e1veis para esclarecimentos (leia na \u00edntegra abaixo).\n\"Informamos que a m\u00fasica \"Magia Amarela\" faz parte de uma campanha publicit\u00e1ria e que Juliette foi contratada como uma das int\u00e9rpretes para este trabalho audiovisual. A equipe da cantora est\u00e1 em contato com os contratantes respons\u00e1veis pela cria\u00e7\u00e3o e produ\u00e7\u00e3o da campanha para mais esclarecimentos\".\nEm nota, a equipe de Duda Beat afirmou que ela e a equipe perceberam a semelhan\u00e7a da campanha com o projeto AmarElo de Emicida, mas que, na fase de negocia\u00e7\u00e3o, o nome de Felipe Vass\u00e3o - que \u00e9 um dos autores do AmarElo - constava no escopo da campanha como autor da faixa comercial. A nota afirma que a exclus\u00e3o dele do projeto n\u00e3o foi informada \u00e0 artista e que, por isso, ficou entendido que havia consentimento dos idealizadores do projeto original para a produ\u00e7\u00e3o do jingle. \n\"Somos expressamente contr\u00e1rios a qualquer evid\u00eancia de pl\u00e1gio ou apropria\u00e7\u00e3o de ideia criativa sem o consentimento de seus autores legais\", diz a nota, que foi apagada das redes sociais pouco tempo depois da publica\u00e7\u00e3o. \nV\u00eddeos mais assistidos do g1 Para\u00edba  ","protected":false},"excerpt":{"rendered":"<p>        Paraibana ficou entre assuntos mais comentados da internet por suposto pl\u00e1gio de m\u00fasica de Emicida. Juliette e Marina Sena no clipe de &#8216;Quase N\u00e3o Namoro&#8217;<br \/>\nReprodu\u00e7\u00e3o<br \/>\nA pol\u00eamica envolvendo o lan\u00e7amento da m\u00fasica &#8220;Magia Amarela&#8221;, de Juliette e Dud&#8230;<\/p>\n","protected":false},"author":2,"featured_media":0,"comment_status":"closed","ping_status":"closed","sticky":false,"template":"","format":"standard","meta":{"advgb_blocks_editor_width":"","advgb_blocks_columns_visual_guide":"","footnotes":""},"categories":[34],"tags":[35],"class_list":["post-39360","post","type-post","status-publish","format-standard","hentry","category-g1","tag-g1"],"author_meta":{"display_name":"g1 &gt; Para\u00edba","author_link":"https:\/\/sindaopcpb.org.br\/author\/g1-paraiba\/"},"featured_img":null,"coauthors":[],"tax_additional":{"categories":{"linked":["<a href=\"https:\/\/sindaopcpb.org.br\/g1\/\" class=\"advgb-post-tax-term\">G1<\/a>"],"unlinked":["<span class=\"advgb-post-tax-term\">G1<\/span>"]},"tags":{"linked":["<a href=\"https:\/\/sindaopcpb.org.br\/g1\/\" class=\"advgb-post-tax-term\">g1<\/a>"],"unlinked":["<span class=\"advgb-post-tax-term\">g1<\/span>"]}},"comment_count":"0","relative_dates":{"created":"Publicado 3 anos atr\u00e1s","modified":"Atualizado 3 anos atr\u00e1s"},"absolute_dates":{"created":"Publicado em 18 de outubro de 2023","modified":"Atualizado em 18 de outubro de 2023"},"absolute_dates_time":{"created":"Publicado em 18 de outubro de 2023 17:51","modified":"Atualizado em 18 de outubro de 2023 17:51"},"featured_img_caption":"","series_order":"","_links":{"self":[{"href":"https:\/\/sindaopcpb.org.br\/index.php\/wp-json\/wp\/v2\/posts\/39360","targetHints":{"allow":["GET"]}}],"collection":[{"href":"https:\/\/sindaopcpb.org.br\/index.php\/wp-json\/wp\/v2\/posts"}],"about":[{"href":"https:\/\/sindaopcpb.org.br\/index.php\/wp-json\/wp\/v2\/types\/post"}],"author":[{"embeddable":true,"href":"https:\/\/sindaopcpb.org.br\/index.php\/wp-json\/wp\/v2\/users\/2"}],"replies":[{"embeddable":true,"href":"https:\/\/sindaopcpb.org.br\/index.php\/wp-json\/wp\/v2\/comments?post=39360"}],"version-history":[{"count":2,"href":"https:\/\/sindaopcpb.org.br\/index.php\/wp-json\/wp\/v2\/posts\/39360\/revisions"}],"predecessor-version":[{"id":39381,"href":"https:\/\/sindaopcpb.org.br\/index.php\/wp-json\/wp\/v2\/posts\/39360\/revisions\/39381"}],"wp:attachment":[{"href":"https:\/\/sindaopcpb.org.br\/index.php\/wp-json\/wp\/v2\/media?parent=39360"}],"wp:term":[{"taxonomy":"category","embeddable":true,"href":"https:\/\/sindaopcpb.org.br\/index.php\/wp-json\/wp\/v2\/categories?post=39360"},{"taxonomy":"post_tag","embeddable":true,"href":"https:\/\/sindaopcpb.org.br\/index.php\/wp-json\/wp\/v2\/tags?post=39360"}],"curies":[{"name":"wp","href":"https:\/\/api.w.org\/{rel}","templated":true}]}}