{"id":39355,"date":"2023-10-18T16:37:21","date_gmt":"2023-10-18T19:37:21","guid":{"rendered":"https:\/\/wpa.wscom.com.br\/?p=928388"},"modified":"2023-10-18T16:37:21","modified_gmt":"2023-10-18T19:37:21","slug":"ufpb-publica-edital-de-concurso-publico-com-15-vagas-para-professor-efetivo","status":"publish","type":"post","link":"https:\/\/sindaopcpb.org.br\/index.php\/2023\/10\/18\/ufpb-publica-edital-de-concurso-publico-com-15-vagas-para-professor-efetivo\/","title":{"rendered":"UFPB publica edital de concurso p\u00fablico com 15 vagas para professor efetivo"},"content":{"rendered":"<p dir=\"ltr\">Foi publicado <a href=\"https:\/\/progep.ufpb.br\/progep\/contents\/concursos\/docentes\/edital-123-2023-concurso-publico-de-provas-e-titulos-para-professor-do-magisterio-superior\/edital-2.pdf\" rel=\"noopener nofollow\" target=\"_blank\">edital<\/a>\u00a0de concurso p\u00fablico para o cargo de professor do magist\u00e9rio superior. Est\u00e3o sendo ofertadas 15 vagas para docentes efetivos nas categorias T-20 (Classe Adjunto A) e Dedica\u00e7\u00e3o Exclusiva (Classe Adjunto A), em diversas \u00e1reas do conhecimento, em centros de ensino dos campi de Jo\u00e3o Pessoa e Rio Tinto\/Mamanguape. Das 15 vagas, cinco s\u00e3o reservadas para\u00a0Pessoas Pretas ou Pardas (PPP) e uma vaga \u00e9 para Pessoa com Defici\u00eancia (PcD).<\/p>\n<p dir=\"ltr\">Para o regime de trabalho T-20, a remunera\u00e7\u00e3o inicial bruta \u00e9 de R$ 4.168,21. J\u00e1 para Dedica\u00e7\u00e3o Exclusiva (cuja jornada de trabalho \u00e9 de 40 horas semanais) a remunera\u00e7\u00e3o \u00e9 de R$ 11.139,64. Nos dois casos, os valores citados s\u00e3o o somat\u00f3rio do vencimento b\u00e1sico com a retribui\u00e7\u00e3o por titula\u00e7\u00e3o e o aux\u00edlio-alimenta\u00e7\u00e3o.<\/p>\n<p dir=\"ltr\">As inscri\u00e7\u00f5es devem ser efetuadas no per\u00edodo de 30 de outubro a 13 de novembro de 2023, na secretaria do departamento respons\u00e1vel pela \u00e1rea objeto da sele\u00e7\u00e3o, sendo aceitas as inscri\u00e7\u00f5es por procura\u00e7\u00e3o ou por via postal expressa (tipo Sedex).<\/p>\n<p dir=\"ltr\">O valor da taxa de inscri\u00e7\u00e3o para o regime de trabalho T-20 \u00e9 de R$ 80,00, enquanto os candidatos \u00e0s vagas de Dedica\u00e7\u00e3o Exclusiva devem efetuar o pagamento no valor de R$ 200,00.<\/p>\n<p dir=\"ltr\">Os concursos s\u00e3o independentes entre si, com vagas, cronograma de execu\u00e7\u00e3o e validade pr\u00f3prios. A validade de cada concurso \u00e9 de um ano, considerando a data de publica\u00e7\u00e3o dos resultados finais de cada sele\u00e7\u00e3o no Di\u00e1rio Oficial da Uni\u00e3o (DOU), podendo ser prorrogada por igual per\u00edodo.<\/p>\n<p dir=\"ltr\">Os certames ter\u00e3o as seguintes etapas: I \u2013 Prova Escrita (eliminat\u00f3ria); II \u2013 Prova Did\u00e1tica (eliminat\u00f3ria); III \u2013 Prova de Plano de Trabalho (eliminat\u00f3ria), exclusiva para a classe Adjunto A; IV \u2013 Exame de T\u00edtulos (classificat\u00f3rio).<\/p>\n<p dir=\"ltr\">Os links de acesso ao requerimento de inscri\u00e7\u00e3o, conte\u00fado program\u00e1tico e demais informa\u00e7\u00f5es relativas ao concurso est\u00e3o publicados na<a href=\"https:\/\/progep.ufpb.br\/progep\/contents\/concursos\/docentes\/edital-123-2023-concurso-publico-de-provas-e-titulos-para-professor-do-magisterio-superior\" rel=\"noopener nofollow\" target=\"_blank\">\u00a0p\u00e1gina<\/a>\u00a0da Pr\u00f3-reitoria de Gest\u00e3o de Pessoas (Progep\/UFPB).<\/p>\n<p dir=\"ltr\">\n<strong>Vagas por unidade acad\u00eamica e \u00e1rea do conhecimento:<\/strong><\/p>\n<p dir=\"ltr\">\nCENTRO DE CI\u00caNCIAS HUMANAS, LETRAS E ARTES (CCHLA)<\/p>\n<p dir=\"ltr\">Departamento de Psicologia (DP)<\/p>\n<p dir=\"ltr\">\u00c1rea: Psicologia e Processos de Sa\u00fade Dedica\u00e7\u00e3o Exclusiva Classe A \/Denomina\u00e7\u00e3o Adjunto A<\/p>\n<p dir=\"ltr\">1 vaga (AC)<\/p>\n<p>&nbsp;<\/p>\n<p dir=\"ltr\">CENTRO DE CI\u00caNCIAS M\u00c9DICAS (CCM)<\/p>\n<p dir=\"ltr\">Departamento de Doen\u00e7as Infecciosas, Parasit\u00e1rias e Inflamat\u00f3rias (DDIPI)<\/p>\n<p dir=\"ltr\">\u00c1rea: Dermatologia T-20 Classe A \/Denomina\u00e7\u00e3o Adjunto A<\/p>\n<p dir=\"ltr\">1 vaga (AC)<\/p>\n<p dir=\"ltr\">Departamento de Pediatria e Gen\u00e9tica (DPG)<\/p>\n<p dir=\"ltr\">\u00c1rea: Pediatria T-20 Classe A \/Denomina\u00e7\u00e3o Adjunto A<\/p>\n<p dir=\"ltr\">2 vagas (AC)<\/p>\n<p dir=\"ltr\">\u00c1rea: Gen\u00e9tica T-20 Classe A \/Denomina\u00e7\u00e3o Adjunto A<\/p>\n<p dir=\"ltr\">1 vaga (AC)<\/p>\n<p dir=\"ltr\">Departamento de Promo\u00e7\u00e3o da Sa\u00fade (DPS)<\/p>\n<p dir=\"ltr\">\u00c1rea: Medicina de Fam\u00edlia e Comunidade T-20 Classe A \/Denomina\u00e7\u00e3o Adjunto A<\/p>\n<p dir=\"ltr\">1 vaga (PPP)<\/p>\n<p>&nbsp;<\/p>\n<p dir=\"ltr\">CENTRO DE CI\u00caNCIAS SOCIAIS APLICADAS (CCSA)<\/p>\n<p dir=\"ltr\">Departamento de Ci\u00eancia da Informa\u00e7\u00e3o (DCI)<\/p>\n<p dir=\"ltr\">\u00c1rea: Gest\u00e3o de Unidades de Informa\u00e7\u00e3o Dedica\u00e7\u00e3o Exclusiva Classe A \/Denomina\u00e7\u00e3o Adjunto A<\/p>\n<p dir=\"ltr\">1 vaga (AC)<\/p>\n<p dir=\"ltr\">Departamento de Finan\u00e7as e Contabilidade (DFC)<\/p>\n<p dir=\"ltr\">\u00c1rea: Auditoria Cont\u00e1bil Dedica\u00e7\u00e3o Exclusiva Classe A \/Denomina\u00e7\u00e3o Adjunto A<\/p>\n<p dir=\"ltr\">1 vaga (PPP)<\/p>\n<p>&nbsp;<\/p>\n<p dir=\"ltr\">CENTRO DE TECNOLOGIA (CT)<\/p>\n<p dir=\"ltr\">Departamento de Engenharia Civil e Ambiental (DECA)<\/p>\n<p dir=\"ltr\">\u00c1rea: Constru\u00e7\u00e3o Civil Dedica\u00e7\u00e3o Exclusiva Classe A \/Denomina\u00e7\u00e3o Adjunto A<\/p>\n<p dir=\"ltr\">1 vaga (PPP)<\/p>\n<p dir=\"ltr\">\u00c1rea: Materiais Dedica\u00e7\u00e3o Exclusiva Classe A \/Denomina\u00e7\u00e3o Adjunto A<\/p>\n<p dir=\"ltr\">1 vaga (PPP)<\/p>\n<p dir=\"ltr\">\u00c1rea: Estruturas Dedica\u00e7\u00e3o Exclusiva Classe A \/Denomina\u00e7\u00e3o Adjunto A<\/p>\n<p dir=\"ltr\">1 vaga (AC)<\/p>\n<p>&nbsp;<\/p>\n<p dir=\"ltr\">CENTRO DE CI\u00caNCIAS DA SA\u00daDE (CCS)<\/p>\n<p dir=\"ltr\">\n<p dir=\"ltr\">Departamento de Fisiologia e Patologia (DFP)<\/p>\n<p dir=\"ltr\">\u00c1rea: Patologia Geral \/ Bioinform\u00e1tica Aplicada a Biomedicina\/ Patologia Sist\u00eamica Dedica\u00e7\u00e3o Exclusiva Classe A \/Denomina\u00e7\u00e3o Adjunto A<\/p>\n<p dir=\"ltr\">1 vaga (PPP)<\/p>\n<p>&nbsp;<\/p>\n<p dir=\"ltr\">CENTRO DE CI\u00caNCIAS APLICADAS E EDUCA\u00c7\u00c3O (CCAE)<\/p>\n<p dir=\"ltr\">Departamento de Letras (DL)<\/p>\n<p dir=\"ltr\">\u00c1rea: L\u00edngua Portuguesa e Lingu\u00edstica Dedica\u00e7\u00e3o Exclusiva Classe A \/Denomina\u00e7\u00e3o Adjunto A<\/p>\n<p dir=\"ltr\">1 vaga (AC)<\/p>\n<p dir=\"ltr\">\nDepartamento de Ci\u00eancias Sociais Aplicadas (DCSA)<\/p>\n<p dir=\"ltr\">\u00c1rea: Ci\u00eancias Cont\u00e1beis \u2013 Usu\u00e1rios Externos \u2013 Contabilidade Societ\u00e1ria, Auditoria, Per\u00edcia Dedica\u00e7\u00e3o Exclusiva Classe A \/Denomina\u00e7\u00e3o Adjunto A<\/p>\n<p dir=\"ltr\">1 vaga (AC)<\/p>\n<p dir=\"ltr\">\u00c1rea: Marketing e M\u00e9todos Quantitativos Dedica\u00e7\u00e3o Exclusiva Classe A \/Denomina\u00e7\u00e3o Adjunto A<\/p>\n<p dir=\"ltr\">1 vaga (PcD)<\/p>\n<p>O post <a rel=\"nofollow noopener\" href=\"https:\/\/wscom.com.br\/ufpb-publica-edital-de-concurso-publico-com-15-vagas\/\" target=\"_blank\">UFPB publica edital de concurso p\u00fablico com 15 vagas para professor efetivo<\/a> apareceu primeiro em <a rel=\"nofollow noopener\" href=\"https:\/\/wscom.com.br\/\" target=\"_blank\">WSCOM<\/a>.<\/p>\n","protected":false},"excerpt":{"rendered":"<p>Foi publicado edital\u00a0de concurso p\u00fablico para o cargo de professor do magist\u00e9rio superior. Est\u00e3o sendo ofertadas 15 vagas para docentes efetivos nas categorias T-20 (Classe Adjunto A) e Dedica\u00e7\u00e3o Exclusiva (Classe Adjunto A), em diversas \u00e1reas do conhecimento, em centros de ensino dos campi de Jo\u00e3o Pessoa e Rio Tinto\/Mamanguape. Das 15 vagas, cinco s\u00e3o [\u2026]<\/p>\n<p>O post <a rel=\"nofollow\" href=\"https:\/\/wscom.com.br\/ufpb-publica-edital-de-concurso-publico-com-15-vagas\/\">UFPB publica edital de concurso p\u00fablico com 15 vagas para professor efetivo<\/a> apareceu primeiro em <a rel=\"nofollow\" href=\"https:\/\/wscom.com.br\/\">WSCOM<\/a>.<\/p>\n","protected":false},"author":50,"featured_media":0,"comment_status":"closed","ping_status":"closed","sticky":false,"template":"","format":"standard","meta":{"advgb_blocks_editor_width":"","advgb_blocks_columns_visual_guide":"","footnotes":""},"categories":[229,34,265],"tags":[45,35],"class_list":["post-39355","post","type-post","status-publish","format-standard","hentry","category-educacao","category-g1","category-ufpb","tag-edital","tag-g1"],"author_meta":{"display_name":"Wallyson","author_link":"https:\/\/sindaopcpb.org.br\/author\/wallyson\/"},"featured_img":null,"coauthors":[],"tax_additional":{"categories":{"linked":["<a href=\"https:\/\/sindaopcpb.org.br\/educacao\/\" class=\"advgb-post-tax-term\">Educa\u00e7\u00e3o<\/a>","<a href=\"https:\/\/sindaopcpb.org.br\/g1\/\" class=\"advgb-post-tax-term\">G1<\/a>","<a href=\"https:\/\/sindaopcpb.org.br\/ufpb\/\" class=\"advgb-post-tax-term\">UFPB<\/a>"],"unlinked":["<span class=\"advgb-post-tax-term\">Educa\u00e7\u00e3o<\/span>","<span class=\"advgb-post-tax-term\">G1<\/span>","<span class=\"advgb-post-tax-term\">UFPB<\/span>"]},"tags":{"linked":["<a href=\"https:\/\/sindaopcpb.org.br\/ufpb\/\" class=\"advgb-post-tax-term\">edital<\/a>","<a href=\"https:\/\/sindaopcpb.org.br\/ufpb\/\" class=\"advgb-post-tax-term\">g1<\/a>"],"unlinked":["<span class=\"advgb-post-tax-term\">edital<\/span>","<span class=\"advgb-post-tax-term\">g1<\/span>"]}},"comment_count":"0","relative_dates":{"created":"Publicado 3 anos atr\u00e1s","modified":"Atualizado 3 anos atr\u00e1s"},"absolute_dates":{"created":"Publicado em 18 de outubro de 2023","modified":"Atualizado em 18 de outubro de 2023"},"absolute_dates_time":{"created":"Publicado em 18 de outubro de 2023 16:37","modified":"Atualizado em 18 de outubro de 2023 16:37"},"featured_img_caption":"","series_order":"","_links":{"self":[{"href":"https:\/\/sindaopcpb.org.br\/index.php\/wp-json\/wp\/v2\/posts\/39355","targetHints":{"allow":["GET"]}}],"collection":[{"href":"https:\/\/sindaopcpb.org.br\/index.php\/wp-json\/wp\/v2\/posts"}],"about":[{"href":"https:\/\/sindaopcpb.org.br\/index.php\/wp-json\/wp\/v2\/types\/post"}],"author":[{"embeddable":true,"href":"https:\/\/sindaopcpb.org.br\/index.php\/wp-json\/wp\/v2\/users\/50"}],"replies":[{"embeddable":true,"href":"https:\/\/sindaopcpb.org.br\/index.php\/wp-json\/wp\/v2\/comments?post=39355"}],"version-history":[{"count":1,"href":"https:\/\/sindaopcpb.org.br\/index.php\/wp-json\/wp\/v2\/posts\/39355\/revisions"}],"predecessor-version":[{"id":39356,"href":"https:\/\/sindaopcpb.org.br\/index.php\/wp-json\/wp\/v2\/posts\/39355\/revisions\/39356"}],"wp:attachment":[{"href":"https:\/\/sindaopcpb.org.br\/index.php\/wp-json\/wp\/v2\/media?parent=39355"}],"wp:term":[{"taxonomy":"category","embeddable":true,"href":"https:\/\/sindaopcpb.org.br\/index.php\/wp-json\/wp\/v2\/categories?post=39355"},{"taxonomy":"post_tag","embeddable":true,"href":"https:\/\/sindaopcpb.org.br\/index.php\/wp-json\/wp\/v2\/tags?post=39355"}],"curies":[{"name":"wp","href":"https:\/\/api.w.org\/{rel}","templated":true}]}}