{"id":39351,"date":"2023-10-18T16:44:55","date_gmt":"2023-10-18T19:44:55","guid":{"rendered":"https:\/\/wpa.wscom.com.br\/?p=928382"},"modified":"2023-10-18T16:44:55","modified_gmt":"2023-10-18T19:44:55","slug":"dinho-apresenta-propostas-para-recuperacao-economica-do-centro-historico-e-recebe-aceno-positivo-do-governador-joao-azevedo","status":"publish","type":"post","link":"https:\/\/sindaopcpb.org.br\/index.php\/2023\/10\/18\/dinho-apresenta-propostas-para-recuperacao-economica-do-centro-historico-e-recebe-aceno-positivo-do-governador-joao-azevedo\/","title":{"rendered":"Dinho apresenta propostas para recupera\u00e7\u00e3o econ\u00f4mica do Centro Hist\u00f3rico e recebe aceno positivo do governador Jo\u00e3o Azev\u00eado"},"content":{"rendered":"<p>O presidente da C\u00e2mara Municipal de Jo\u00e3o Pessoa, Dinho Dowsley (Avante), participou de reuni\u00e3o, nesta quarta-feira (18), com o governador Jo\u00e3o Azev\u00eado (PSB). O encontro foi solicitado pelo parlamentar para que fosse apresentado ao mandat\u00e1rio um plano de a\u00e7\u00e3o voltado para a revitaliza\u00e7\u00e3o econ\u00f4mica do Centro da capital. O documento cont\u00e9m quatro t\u00f3picos importantes para o com\u00e9rcio da regi\u00e3o.<\/p>\n<p>&nbsp;<\/p>\n<p>O encontro ocorreu logo ap\u00f3s uma audi\u00eancia p\u00fablica realizada na Casa de Napole\u00e3o Laureano justamente para discutir medidas voltadas para o resgate econ\u00f4mico do bairro que serviu de ber\u00e7o para a capital. Na reuni\u00e3o, o governador ouviu atentamente os pontos apresentados e prometeu medidas para reverter a situa\u00e7\u00e3o. A ideia \u00e9 que as a\u00e7\u00f5es entrem em vigor j\u00e1 a partir de novembro.<\/p>\n<p>O plano apresentado por Dinho traz desde medidas para facilitar a mobilidade at\u00e9 quest\u00f5es como seguran\u00e7a e incentivos fiscais. Ele apresentou na C\u00e2mara um projeto que concede gratuidade progressiva na Zona Azul para quem comprar no Centro e tem discutido com empres\u00e1rios do com\u00e9rcio e dos transportes p\u00fablicos a concess\u00e3o gratuidade tamb\u00e9m nas passagens de \u00f4nibus, para quem igualmente comprar no Centro.<\/p>\n<p>&nbsp;<\/p>\n<p>O terceiro ponto trata da seguran\u00e7a no Centro Hist\u00f3rico. Durante a audi\u00eancia p\u00fablica realizada na C\u00e2mara de Jo\u00e3o Pessoa, comerciantes e empres\u00e1rios do setor de servi\u00e7os reclamaram dos riscos de assaltos ap\u00f3s as 16h. E por \u00faltimo, Dinho solicitou ao gestor a concess\u00e3o de incentivos fiscais para que se mantenha o que j\u00e1 existe na regi\u00e3o e permitir a atra\u00e7\u00e3o de novos investimentos para o centro comercial.<\/p>\n<p>&nbsp;<\/p>\n<p>\u201cO governador se mostrou bastante sens\u00edvel \u00e0s pautas que foram apresentadas e prometeu empenho na busca das solu\u00e7\u00f5es. Ele informou que tem buscado parcerias com a prefeitura de Jo\u00e3o Pessoa para que seja apresentado um plano conjunto j\u00e1 em novembro deste ano. E a C\u00e2mara Municipal de Jo\u00e3o Pessoa estar\u00e1 sempre \u00e0 disposi\u00e7\u00e3o para levar essa discuss\u00e3o \u00e0 diante\u201d, disse Dinho, que j\u00e1 apresentou os mesmos pontos ao prefeito C\u00edcero Lucena (PP).<\/p>\n<p>&nbsp;<\/p>\n<p>O governador demonstrou preocupa\u00e7\u00e3o, tamb\u00e9m, com uma pauta que \u00e9 cara aos comerciantes do Centro. Atualmente, v\u00e1rios investimentos deixam de ser feitos por restri\u00e7\u00f5es impostas pelo Instituto do Patrim\u00f4nio Hist\u00f3rico e Art\u00edstico da Para\u00edba (Iphaep). Tanto Dinho quanto Jo\u00e3o Azev\u00eado concordam que \u00e9 preciso maior flexibilidade na an\u00e1lise dos projetos, em linha com o que ocorre no resto do mundo, com o moderno convivendo em harmonia com a hist\u00f3ria.<\/p>\n<p>O post <a rel=\"nofollow noopener\" href=\"https:\/\/wscom.com.br\/dinho-apresenta-propostas-para-recuperacao-economica-do-centro-historico-e-recebe-aceno-positivo-do-governador-joao-azevedo\/\" target=\"_blank\">Dinho apresenta propostas para recupera\u00e7\u00e3o econ\u00f4mica do Centro Hist\u00f3rico e recebe aceno positivo do governador Jo\u00e3o Azev\u00eado<\/a> apareceu primeiro em <a rel=\"nofollow noopener\" href=\"https:\/\/wscom.com.br\/\" target=\"_blank\">WSCOM<\/a>.<\/p>\n","protected":false},"excerpt":{"rendered":"<p>O presidente da C\u00e2mara Municipal de Jo\u00e3o Pessoa, Dinho Dowsley (Avante), participou de reuni\u00e3o, nesta quarta-feira (18), com o governador Jo\u00e3o Azev\u00eado (PSB). O encontro foi solicitado pelo parlamentar para que fosse apresentado ao mandat\u00e1rio um plano de a\u00e7\u00e3o voltado para a revitaliza\u00e7\u00e3o econ\u00f4mica do Centro da capital. O documento cont\u00e9m quatro t\u00f3picos importantes para [\u2026]<\/p>\n<p>O post <a rel=\"nofollow\" href=\"https:\/\/wscom.com.br\/dinho-apresenta-propostas-para-recuperacao-economica-do-centro-historico-e-recebe-aceno-positivo-do-governador-joao-azevedo\/\">Dinho apresenta propostas para recupera\u00e7\u00e3o econ\u00f4mica do Centro Hist\u00f3rico e recebe aceno positivo do governador Jo\u00e3o Azev\u00eado<\/a> apareceu primeiro em <a rel=\"nofollow\" href=\"https:\/\/wscom.com.br\/\">WSCOM<\/a>.<\/p>\n","protected":false},"author":49,"featured_media":0,"comment_status":"closed","ping_status":"closed","sticky":false,"template":"","format":"standard","meta":{"advgb_blocks_editor_width":"","advgb_blocks_columns_visual_guide":"","footnotes":""},"categories":[10258,574,34,10259,47,10260],"tags":[35],"class_list":["post-39351","post","type-post","status-publish","format-standard","hentry","category-centro-historico-da-capital","category-dinho-dowsley","category-g1","category-plano-de-acao","category-politica","category-revitalizacao-do-chjp","tag-g1"],"author_meta":{"display_name":"Cristiane Cavalcante","author_link":"https:\/\/sindaopcpb.org.br\/author\/cristiane-cavalcante\/"},"featured_img":null,"coauthors":[],"tax_additional":{"categories":{"linked":["<a href=\"https:\/\/sindaopcpb.org.br\/centro-historico-da-capital\/\" class=\"advgb-post-tax-term\">Centro Hist\u00f3rico da Capital<\/a>","<a href=\"https:\/\/sindaopcpb.org.br\/dinho-dowsley\/\" class=\"advgb-post-tax-term\">Dinho Dowsley<\/a>","<a href=\"https:\/\/sindaopcpb.org.br\/g1\/\" class=\"advgb-post-tax-term\">G1<\/a>","<a href=\"https:\/\/sindaopcpb.org.br\/plano-de-acao\/\" class=\"advgb-post-tax-term\">Plano de A\u00e7\u00e3o<\/a>","<a href=\"https:\/\/sindaopcpb.org.br\/politica\/\" class=\"advgb-post-tax-term\">POLITICA<\/a>","<a href=\"https:\/\/sindaopcpb.org.br\/revitalizacao-do-chjp\/\" class=\"advgb-post-tax-term\">revitaliza\u00e7\u00e3o do chjp<\/a>"],"unlinked":["<span class=\"advgb-post-tax-term\">Centro Hist\u00f3rico da Capital<\/span>","<span class=\"advgb-post-tax-term\">Dinho Dowsley<\/span>","<span class=\"advgb-post-tax-term\">G1<\/span>","<span class=\"advgb-post-tax-term\">Plano de A\u00e7\u00e3o<\/span>","<span class=\"advgb-post-tax-term\">POLITICA<\/span>","<span class=\"advgb-post-tax-term\">revitaliza\u00e7\u00e3o do chjp<\/span>"]},"tags":{"linked":["<a href=\"https:\/\/sindaopcpb.org.br\/revitalizacao-do-chjp\/\" class=\"advgb-post-tax-term\">g1<\/a>"],"unlinked":["<span class=\"advgb-post-tax-term\">g1<\/span>"]}},"comment_count":"0","relative_dates":{"created":"Publicado 3 anos atr\u00e1s","modified":"Atualizado 3 anos atr\u00e1s"},"absolute_dates":{"created":"Publicado em 18 de outubro de 2023","modified":"Atualizado em 18 de outubro de 2023"},"absolute_dates_time":{"created":"Publicado em 18 de outubro de 2023 16:44","modified":"Atualizado em 18 de outubro de 2023 16:44"},"featured_img_caption":"","series_order":"","_links":{"self":[{"href":"https:\/\/sindaopcpb.org.br\/index.php\/wp-json\/wp\/v2\/posts\/39351","targetHints":{"allow":["GET"]}}],"collection":[{"href":"https:\/\/sindaopcpb.org.br\/index.php\/wp-json\/wp\/v2\/posts"}],"about":[{"href":"https:\/\/sindaopcpb.org.br\/index.php\/wp-json\/wp\/v2\/types\/post"}],"author":[{"embeddable":true,"href":"https:\/\/sindaopcpb.org.br\/index.php\/wp-json\/wp\/v2\/users\/49"}],"replies":[{"embeddable":true,"href":"https:\/\/sindaopcpb.org.br\/index.php\/wp-json\/wp\/v2\/comments?post=39351"}],"version-history":[{"count":1,"href":"https:\/\/sindaopcpb.org.br\/index.php\/wp-json\/wp\/v2\/posts\/39351\/revisions"}],"predecessor-version":[{"id":39352,"href":"https:\/\/sindaopcpb.org.br\/index.php\/wp-json\/wp\/v2\/posts\/39351\/revisions\/39352"}],"wp:attachment":[{"href":"https:\/\/sindaopcpb.org.br\/index.php\/wp-json\/wp\/v2\/media?parent=39351"}],"wp:term":[{"taxonomy":"category","embeddable":true,"href":"https:\/\/sindaopcpb.org.br\/index.php\/wp-json\/wp\/v2\/categories?post=39351"},{"taxonomy":"post_tag","embeddable":true,"href":"https:\/\/sindaopcpb.org.br\/index.php\/wp-json\/wp\/v2\/tags?post=39351"}],"curies":[{"name":"wp","href":"https:\/\/api.w.org\/{rel}","templated":true}]}}