{"id":39349,"date":"2023-10-18T17:00:26","date_gmt":"2023-10-18T20:00:26","guid":{"rendered":"https:\/\/wpa.wscom.com.br\/?p=928389"},"modified":"2023-10-18T17:00:26","modified_gmt":"2023-10-18T20:00:26","slug":"mersinho-cogita-nome-da-esposa-mas-deixa-em-aberto-possibilidade-de-outra-indicacao-para-vaga-de-vice-em-cabedelo","status":"publish","type":"post","link":"https:\/\/sindaopcpb.org.br\/index.php\/2023\/10\/18\/mersinho-cogita-nome-da-esposa-mas-deixa-em-aberto-possibilidade-de-outra-indicacao-para-vaga-de-vice-em-cabedelo\/","title":{"rendered":"Mersinho cogita nome da esposa, mas deixa em aberto possibilidade de outra indica\u00e7\u00e3o para vaga de vice em Cabedelo"},"content":{"rendered":"<p><span>O deputado federal Mersinho Lucena (PP) se manifestou sobre a antecipa\u00e7\u00e3o do nome do pr\u00e9-candidato \u00e0 vice-prefeitura de Cabedelo, Andr\u00e9 Coutinho, prelo prefeito Vitor Hugo (Avante). Ele enfatizou que o gestor municipal j\u00e1 havia conversado com ele sobre a indica\u00e7\u00e3o, mas acredita que ainda n\u00e3o \u00e9 o momento adequado para tomar uma decis\u00e3o, considerando que as elei\u00e7\u00f5es ocorrer\u00e3o no pr\u00f3ximo ano.<\/span><\/p>\n<p><span>O parlamentar destacou a import\u00e2ncia de esperar o momento de seguran\u00e7a para definir a chapa. &#8220;O prefeito Vitor Hugo deixou claro que a indica\u00e7\u00e3o do vice seria uma decis\u00e3o que partiria de mim, mais especificamente. No entanto, acredito que ainda n\u00e3o \u00e9 a hora certa para essa decis\u00e3o&#8221;, afirmou \u00e0 r\u00e1dio Correio 98 FM.\u00a0<\/span><\/p>\n<p><span>Mersinho tamb\u00e9m comentou sobre a antecipa\u00e7\u00e3o do nome de Andr\u00e9 Coutinho, justificando que ele j\u00e1 est\u00e1 envolvido na vida da cidade e trabalhando em sua pr\u00e9-candidatura, o que levou \u00e0 divulga\u00e7\u00e3o prematura de seu nome. No entanto, enfatizou que a escolha do vice-prefeito ainda est\u00e1 em aberto e que a forma\u00e7\u00e3o de uma ampla alian\u00e7a ser\u00e1 crucial para escolher a melhor composi\u00e7\u00e3o.<\/span><\/p>\n<p>\u201cEu acredito que \u00e9 uma uni\u00e3o, um momento de for\u00e7as para que Cabedelo continue crescendo, continue se desenvolvendo, continue melhorando a vida das pessoas, na sa\u00fade, na educa\u00e7\u00e3o, na infraestrutura\u201d, destacou.<\/p>\n<p><span>O deputado ainda mencionou o nome da esposa, Camila Holanda, que atualmente ocupa o cargo de secret\u00e1ria de Pol\u00edticas P\u00fablicas para a Mulher e Diversidade Humana, como uma das op\u00e7\u00f5es para a vice-prefeitura. <\/span><span>No entanto, ele enfatizou que est\u00e1 considerando outros nomes para uma indica\u00e7\u00e3o futura.<\/span><\/p>\n<p>&nbsp;<\/p>\n<p>O post <a rel=\"nofollow noopener\" href=\"https:\/\/wscom.com.br\/mersinho-cogita-nome-da-esposa-mas-deixa-em-aberto-possibilidade-de-outra-indicacao-para-vaga-de-vice-em-cabedelo\/\" target=\"_blank\">Mersinho cogita nome da esposa, mas deixa em aberto possibilidade de outra indica\u00e7\u00e3o para vaga de vice em Cabedelo<\/a> apareceu primeiro em <a rel=\"nofollow noopener\" href=\"https:\/\/wscom.com.br\/\" target=\"_blank\">WSCOM<\/a>.<\/p>\n","protected":false},"excerpt":{"rendered":"<p>O deputado federal Mersinho Lucena (PP) se manifestou sobre a antecipa\u00e7\u00e3o do nome do pr\u00e9-candidato \u00e0 vice-prefeitura de Cabedelo, Andr\u00e9 Coutinho, prelo prefeito Vitor Hugo (Avante). Ele enfatizou que o gestor municipal j\u00e1 havia conversado com ele sobre a indica\u00e7\u00e3o, mas acredita que ainda n\u00e3o \u00e9 o momento adequado para tomar uma decis\u00e3o, considerando que [\u2026]<\/p>\n<p>O post <a rel=\"nofollow\" href=\"https:\/\/wscom.com.br\/mersinho-cogita-nome-da-esposa-mas-deixa-em-aberto-possibilidade-de-outra-indicacao-para-vaga-de-vice-em-cabedelo\/\">Mersinho cogita nome da esposa, mas deixa em aberto possibilidade de outra indica\u00e7\u00e3o para vaga de vice em Cabedelo<\/a> apareceu primeiro em <a rel=\"nofollow\" href=\"https:\/\/wscom.com.br\/\">WSCOM<\/a>.<\/p>\n","protected":false},"author":49,"featured_media":0,"comment_status":"closed","ping_status":"closed","sticky":false,"template":"","format":"standard","meta":{"advgb_blocks_editor_width":"","advgb_blocks_columns_visual_guide":"","footnotes":""},"categories":[333,34,1364,47,8868],"tags":[35],"class_list":["post-39349","post","type-post","status-publish","format-standard","hentry","category-eleicoes-2024","category-g1","category-mersinho-lucena","category-politica","category-prefeitura-de-cabedelo","tag-g1"],"author_meta":{"display_name":"Cristiane Cavalcante","author_link":"https:\/\/sindaopcpb.org.br\/author\/cristiane-cavalcante\/"},"featured_img":null,"coauthors":[],"tax_additional":{"categories":{"linked":["<a href=\"https:\/\/sindaopcpb.org.br\/eleicoes-2024\/\" class=\"advgb-post-tax-term\">elei\u00e7\u00f5es 2024<\/a>","<a href=\"https:\/\/sindaopcpb.org.br\/g1\/\" class=\"advgb-post-tax-term\">G1<\/a>","<a href=\"https:\/\/sindaopcpb.org.br\/mersinho-lucena\/\" class=\"advgb-post-tax-term\">Mersinho Lucena<\/a>","<a href=\"https:\/\/sindaopcpb.org.br\/politica\/\" class=\"advgb-post-tax-term\">POLITICA<\/a>","<a href=\"https:\/\/sindaopcpb.org.br\/prefeitura-de-cabedelo\/\" class=\"advgb-post-tax-term\">prefeitura de Cabedelo<\/a>"],"unlinked":["<span class=\"advgb-post-tax-term\">elei\u00e7\u00f5es 2024<\/span>","<span class=\"advgb-post-tax-term\">G1<\/span>","<span class=\"advgb-post-tax-term\">Mersinho Lucena<\/span>","<span class=\"advgb-post-tax-term\">POLITICA<\/span>","<span class=\"advgb-post-tax-term\">prefeitura de Cabedelo<\/span>"]},"tags":{"linked":["<a href=\"https:\/\/sindaopcpb.org.br\/prefeitura-de-cabedelo\/\" class=\"advgb-post-tax-term\">g1<\/a>"],"unlinked":["<span class=\"advgb-post-tax-term\">g1<\/span>"]}},"comment_count":"0","relative_dates":{"created":"Publicado 3 anos atr\u00e1s","modified":"Atualizado 3 anos atr\u00e1s"},"absolute_dates":{"created":"Publicado em 18 de outubro de 2023","modified":"Atualizado em 18 de outubro de 2023"},"absolute_dates_time":{"created":"Publicado em 18 de outubro de 2023 17:00","modified":"Atualizado em 18 de outubro de 2023 17:00"},"featured_img_caption":"","series_order":"","_links":{"self":[{"href":"https:\/\/sindaopcpb.org.br\/index.php\/wp-json\/wp\/v2\/posts\/39349","targetHints":{"allow":["GET"]}}],"collection":[{"href":"https:\/\/sindaopcpb.org.br\/index.php\/wp-json\/wp\/v2\/posts"}],"about":[{"href":"https:\/\/sindaopcpb.org.br\/index.php\/wp-json\/wp\/v2\/types\/post"}],"author":[{"embeddable":true,"href":"https:\/\/sindaopcpb.org.br\/index.php\/wp-json\/wp\/v2\/users\/49"}],"replies":[{"embeddable":true,"href":"https:\/\/sindaopcpb.org.br\/index.php\/wp-json\/wp\/v2\/comments?post=39349"}],"version-history":[{"count":1,"href":"https:\/\/sindaopcpb.org.br\/index.php\/wp-json\/wp\/v2\/posts\/39349\/revisions"}],"predecessor-version":[{"id":39350,"href":"https:\/\/sindaopcpb.org.br\/index.php\/wp-json\/wp\/v2\/posts\/39349\/revisions\/39350"}],"wp:attachment":[{"href":"https:\/\/sindaopcpb.org.br\/index.php\/wp-json\/wp\/v2\/media?parent=39349"}],"wp:term":[{"taxonomy":"category","embeddable":true,"href":"https:\/\/sindaopcpb.org.br\/index.php\/wp-json\/wp\/v2\/categories?post=39349"},{"taxonomy":"post_tag","embeddable":true,"href":"https:\/\/sindaopcpb.org.br\/index.php\/wp-json\/wp\/v2\/tags?post=39349"}],"curies":[{"name":"wp","href":"https:\/\/api.w.org\/{rel}","templated":true}]}}