{"id":39316,"date":"2023-10-18T15:17:46","date_gmt":"2023-10-18T18:17:46","guid":{"rendered":"https:\/\/www.infomoney.com.br\/?p=2271591"},"modified":"2023-10-18T15:17:46","modified_gmt":"2023-10-18T18:17:46","slug":"estabilidade-nao-e-protecao-ao-servidor-mas-ao-estado-diz-ministra","status":"publish","type":"post","link":"https:\/\/sindaopcpb.org.br\/index.php\/2023\/10\/18\/estabilidade-nao-e-protecao-ao-servidor-mas-ao-estado-diz-ministra\/","title":{"rendered":"Estabilidade n\u00e3o \u00e9 prote\u00e7\u00e3o ao servidor mas ao Estado, diz ministra"},"content":{"rendered":"<p><img loading=\"lazy\" width=\"300\" height=\"179\" src=\"https:\/\/www.infomoney.com.br\/wp-content\/uploads\/2023\/04\/vac_abr0404232205.jpg?fit=300%2C179&amp;quality=70&amp;strip=all\" class=\"attachment-medium size-medium wp-post-image\" alt=\"\" decoding=\"async\" style=\"float:right; margin:0 0 10px 10px;\" srcset=\"https:\/\/www.infomoney.com.br\/wp-content\/uploads\/2023\/04\/vac_abr0404232205.jpg?w=1170&amp;quality=70&amp;strip=all 1170w, https:\/\/www.infomoney.com.br\/wp-content\/uploads\/2023\/04\/vac_abr0404232205.jpg?w=300&amp;quality=70&amp;strip=all 300w, https:\/\/www.infomoney.com.br\/wp-content\/uploads\/2023\/04\/vac_abr0404232205.jpg?w=768&amp;quality=70&amp;strip=all 768w, https:\/\/www.infomoney.com.br\/wp-content\/uploads\/2023\/04\/vac_abr0404232205.jpg?w=150&amp;quality=70&amp;strip=all 150w\" sizes=\"auto, (max-width: 300px) 100vw, 300px\" data-attachment-id=\"2101439\" data-permalink=\"https:\/\/www.infomoney.com.br\/carreira\/governo-vai-lancar-primeiros-concursos-publicos-ate-segunda-feira-diz-ministra\/attachment\/vac_abr0404232205\/\" data-orig-file=\"https:\/\/www.infomoney.com.br\/wp-content\/uploads\/2023\/04\/vac_abr0404232205.jpg?fit=1170%2C700&amp;quality=70&amp;strip=all\" data-orig-size=\"1170,700\" data-comments-opened=\"0\" data-image-meta=\"{&quot;aperture&quot;:&quot;3.2&quot;,&quot;credit&quot;:&quot;Valter Campanato\\\/Ag\\u00eancia Brasil&quot;,&quot;camera&quot;:&quot;Canon EOS-1D X&quot;,&quot;caption&quot;:&quot;Bras\\u00edlia (DF), 04-04-2023 \\u2013 A ministra da Gest\\u00e3o e Inova\\u00e7\\u00e3o\\u00a0 em Servi\\u00e7os P\\u00fablicos, Esther Dweck, participa do programa A Voz do Brasil. Foto Valter Campanato\\\/Ag\\u00eancia Brasil.\\n\\u00a0&quot;,&quot;created_timestamp&quot;:&quot;1680635157&quot;,&quot;copyright&quot;:&quot;Ag\\u00eancia Brasil\\\/EBC&quot;,&quot;focal_length&quot;:&quot;123&quot;,&quot;iso&quot;:&quot;1250&quot;,&quot;shutter_speed&quot;:&quot;0.008&quot;,&quot;title&quot;:&quot;&quot;,&quot;orientation&quot;:&quot;1&quot;}\" data-image-title=\"Esther Dweck, ministra da Gest\u00e3o e Inova\u00e7\u00e3o\u00a0em Servi\u00e7os P\u00fablicos\" data-image-description=\"\" data-image-caption=\"&lt;p&gt;A ministra da Gest\u00e3o e Inova\u00e7\u00e3o\u00a0em Servi\u00e7os P\u00fablicos, Esther Dweck (Foto: Valter Campanato\/Ag\u00eancia Brasil)&lt;\/p&gt;\n\" data-medium-file=\"https:\/\/www.infomoney.com.br\/wp-content\/uploads\/2023\/04\/vac_abr0404232205.jpg?fit=300%2C179&amp;quality=70&amp;strip=all\" data-large-file=\"https:\/\/www.infomoney.com.br\/wp-content\/uploads\/2023\/04\/vac_abr0404232205.jpg?fit=1170%2C700&amp;quality=70&amp;strip=all\" title=\"\"><\/p>\n<p>A ministra da Gest&atilde;o e da Inova&ccedil;&atilde;o em Servi&ccedil;os P&uacute;blicos, Esther Dweck, disse nesta quarta-feira (18) que a estabilidade n&atilde;o &eacute; uma prote&ccedil;&atilde;o ao servidor p&uacute;blico e sim ao Estado brasileiro. &ldquo;A l&oacute;gica da estabilidade foi pensada para evitar qualquer tipo de persegui&ccedil;&atilde;o a pessoas, por exemplo, que denunciam maus feitos, que denunciam corrup&ccedil;&atilde;o.&rdquo;<\/p>\n<p>&ldquo;Na pandemia, a gente viu o exemplo de um servidor que denunciou uma coisa que estava sendo feita no Minist&eacute;rio da Sa&uacute;de, a gente viu outros casos, o caso das joias tamb&eacute;m. Servidores denunciando. E eles conseguem fazer isso justamente porque t&ecirc;m a certeza de que n&atilde;o ser&atilde;o punidos por uma persegui&ccedil;&atilde;o pol&iacute;tica contra eles.&rdquo;<\/p>\n<p>Em entrevista a emissoras de r&aacute;dio durante o programa Bom Dia, Ministro, Esther lembrou que a estabilidade de servidores p&uacute;blicos &eacute; importante, inclusive, para que as pol&iacute;ticas p&uacute;blicas tenham continuidade &ndash; independentemente do governo de situa&ccedil;&atilde;o. &ldquo;Isso &eacute; uma grande prote&ccedil;&atilde;o ao Estado brasileiro e a gente defende que seja mantida a estabilidade.&rdquo;<\/p>\n<p>&ldquo;&Eacute; muito importante ter um corpo t&eacute;cnico forte, um grupo de pessoas que trabalhe, que conhe&ccedil;a o assunto e que seja capaz de, independentemente de quem est&aacute; no governo, continuar a tocar as pol&iacute;ticas, o dia a dia. Muita coisa do governo independe de quem est&aacute; no governo e precisa ser feita por quest&otilde;es t&eacute;cnicas.&rdquo;<\/p>\n<p>&ldquo;Na nossa vis&atilde;o, a estabilidade &eacute; uma prote&ccedil;&atilde;o do Estado e essa foi a l&oacute;gica da Constitui&ccedil;&atilde;o desde o in&iacute;cio. &Eacute; importante lembrar que a Constitui&ccedil;&atilde;o veio num processo de redemocratiza&ccedil;&atilde;o da sociedade brasileira p&oacute;s per&iacute;odo militar, onde voc&ecirc; tinha persegui&ccedil;&atilde;o sim a pessoas. A ideia da estabilidade era uma prote&ccedil;&atilde;o ao Estado.&rdquo;<\/p>\n<\/p>\n<div class=\"cta-end\">\n<div class=\"im-cta\" >\n<div class=\"im-shortcode-forms bg-light bg-opacity-25 border rounded-4 p-3 p-sm-4 p-md-3 p-lg-4 px-xxl-5 my-5\" data-configuration='{\"form_name\":false,\"form_hat\":\"Newsletter\",\"form_email\":true,\"form_icon\":\"newsletter\",\"form_phone\":false,\"form_campaign\":\"NIM\",\"form_thankyou\":\"\",\"form_journey\":\"APIEvent-26a5198d-8e09-06ef-5f80-cd9127757ad1\",\"form_button\":\"Quero receber\",\"form_context\":\"newsletter\",\"form_origin\":\"https:\\\/\\\/www.infomoney.com.br\\\/politica\\\/feed\\\/?utm_medium=materia&#038;utm_source=infomoney&#038;utm_campaign=NIM&#038;utm_term=politica&#038;utm_content=newsletter\",\"form_position\":\"final\",\"form_category\":\"cta_form\"}'>\n<div class=\"d-flex flex-column align-items-center align-items-lg-start mb-4 flex-lg-row\">\n<div class=\"rounded-circle mb-2 mb-lg-0 mr-lg-4 me-lg-4 p-3 p-lg-4 bg-blue-400\"><svg width=\"40\" height=\"40\" viewBox=\"0 0 40 40\" fill=\"none\" xmlns=\"http:\/\/www.w3.org\/2000\/svg\"><path d=\"M20 20.25 6.042 11.042v19.041c0 .167.048.299.146.396a.535.535 0 0 0 .395.146h15.792V32.5H6.583a2.328 2.328 0 0 1-1.708-.708 2.328 2.328 0 0 1-.708-1.709V9.917c0-.667.236-1.236.708-1.709A2.328 2.328 0 0 1 6.583 7.5h26.834c.666 0 1.236.236 1.708.708a2.33 2.33 0 0 1 .708 1.709v12.458h-1.875V11.042L20 20.25Zm0-2 13.667-8.875H6.333L20 18.25Zm11.75 18.958-1.292-1.333 3.334-3.375h-9v-1.875h9l-3.375-3.417 1.333-1.291 5.667 5.625-5.667 5.666ZM6.042 11.042v20.791-9.458.25-13.25 1.667Z\" fill=\"#fff\"\/><\/svg><\/div>\n<div class=\"flex-fill text-center text-lg-left\">\n<div class=\"h6 small text-orange-700 lh-base mb-1\">Newsletter<\/div>\n<div class=\"text-body h4 m-0\">Infomorning<\/div>\n<div class=\"text-body small lh-base mt-2\">Receba no seu e-mail logo pela manh&atilde; as not&iacute;cias que v&atilde;o mexer com os mercados, com os seus investimentos e o seu bolso durante o dia<\/div>\n<\/div>\n<\/div>\n<\/div>\n<\/div>\n<\/div>\n<p>The post <a rel=\"nofollow noopener\" href=\"https:\/\/www.infomoney.com.br\/politica\/estabilidade-nao-e-protecao-ao-servidor-mas-ao-estado-diz-ministra\/\" target=\"_blank\">Estabilidade n\u00e3o \u00e9 prote\u00e7\u00e3o ao servidor mas ao Estado, diz ministra<\/a> appeared first on <a rel=\"nofollow noopener\" href=\"https:\/\/www.infomoney.com.br\/\" target=\"_blank\">InfoMoney<\/a>.<\/p>\n","protected":false},"excerpt":{"rendered":"<p><img loading=\"lazy\" decoding=\"async\" width=\"300\" height=\"179\" src=\"https:\/\/www.infomoney.com.br\/wp-content\/uploads\/2023\/04\/vac_abr0404232205.jpg?fit=300%2C179&amp;quality=70&amp;strip=all\" class=\"attachment-medium size-medium wp-post-image\" alt=\"\" data-attachment-id=\"2101439\" data-permalink=\"https:\/\/www.infomoney.com.br\/carreira\/governo-vai-lancar-primeiros-concursos-publicos-ate-segunda-feira-diz-ministra\/attachment\/vac_abr0404232205\/\" data-orig-file=\"https:\/\/www.infomoney.com.br\/wp-content\/uploads\/2023\/04\/vac_abr0404232205.jpg?fit=1170%2C700&amp;quality=70&amp;strip=all\" data-orig-size=\"1170,700\" data-comments-opened=\"0\" data-image-meta='{\"aperture\":\"3.2\",\"credit\":\"Valter Campanato\\\/Ag\\u00eancia Brasil\",\"camera\":\"Canon EOS-1D X\",\"caption\":\"Bras\\u00edlia (DF), 04-04-2023 \\u2013 A ministra da Gest\\u00e3o e Inova\\u00e7\\u00e3o\\u00a0 em Servi\\u00e7os P\\u00fablicos, Esther Dweck, participa do programa A Voz do Brasil. Foto Valter Campanato\\\/Ag\\u00eancia Brasil.\\n\\u00a0\",\"created_timestamp\":\"1680635157\",\"copyright\":\"Ag\\u00eancia Brasil\\\/EBC\",\"focal_length\":\"123\",\"iso\":\"1250\",\"shutter_speed\":\"0.008\",\"title\":\"\",\"orientation\":\"1\"}' data-image-title=\"Esther Dweck, ministra da Gest\u00e3o e Inova\u00e7\u00e3o\u00a0em Servi\u00e7os P\u00fablicos\" data-image-description=\"\" data-image-caption=\"&lt;p&gt;A ministra da Gest\u00e3o e Inova\u00e7\u00e3o\u00a0em Servi\u00e7os P\u00fablicos, Esther Dweck (Foto: Valter Campanato\/Ag\u00eancia Brasil)&lt;\/p&gt;\n\" data-medium-file=\"https:\/\/www.infomoney.com.br\/wp-content\/uploads\/2023\/04\/vac_abr0404232205.jpg?fit=300%2C179&amp;quality=70&amp;strip=all\" data-large-file=\"https:\/\/www.infomoney.com.br\/wp-content\/uploads\/2023\/04\/vac_abr0404232205.jpg?fit=1170%2C700&amp;quality=70&amp;strip=all\">Esther Dweck falou ao programa Bom dia, Ministro, da EBC<\/p>\n<p>The post <a rel=\"nofollow\" href=\"https:\/\/www.infomoney.com.br\/politica\/estabilidade-nao-e-protecao-ao-servidor-mas-ao-estado-diz-ministra\/\">Estabilidade n\u00e3o \u00e9 prote\u00e7\u00e3o ao servidor mas ao Estado, diz ministra<\/a> appeared first on <a rel=\"nofollow\" href=\"https:\/\/www.infomoney.com.br\/\">InfoMoney<\/a>.<\/p>\n","protected":false},"author":44,"featured_media":0,"comment_status":"closed","ping_status":"closed","sticky":false,"template":"","format":"standard","meta":{"advgb_blocks_editor_width":"","advgb_blocks_columns_visual_guide":"","footnotes":""},"categories":[2244,34,260,47,6871,1734],"tags":[35],"class_list":["post-39316","post","type-post","status-publish","format-standard","hentry","category-esther-dweck","category-g1","category-governo","category-politica","category-reforma-administrativa","category-servidores-publicos","tag-g1"],"author_meta":{"display_name":"Ag\u00eancia Brasil","author_link":"https:\/\/sindaopcpb.org.br\/author\/agencia-brasil\/"},"featured_img":null,"coauthors":[],"tax_additional":{"categories":{"linked":["<a href=\"https:\/\/sindaopcpb.org.br\/esther-dweck\/\" class=\"advgb-post-tax-term\">Esther Dweck<\/a>","<a href=\"https:\/\/sindaopcpb.org.br\/g1\/\" class=\"advgb-post-tax-term\">G1<\/a>","<a href=\"https:\/\/sindaopcpb.org.br\/governo\/\" class=\"advgb-post-tax-term\">Governo<\/a>","<a href=\"https:\/\/sindaopcpb.org.br\/politica\/\" class=\"advgb-post-tax-term\">POLITICA<\/a>","<a href=\"https:\/\/sindaopcpb.org.br\/reforma-administrativa\/\" class=\"advgb-post-tax-term\">Reforma Administrativa<\/a>","<a href=\"https:\/\/sindaopcpb.org.br\/servidores-publicos\/\" class=\"advgb-post-tax-term\">Servidores p\u00fablicos<\/a>"],"unlinked":["<span class=\"advgb-post-tax-term\">Esther Dweck<\/span>","<span class=\"advgb-post-tax-term\">G1<\/span>","<span class=\"advgb-post-tax-term\">Governo<\/span>","<span class=\"advgb-post-tax-term\">POLITICA<\/span>","<span class=\"advgb-post-tax-term\">Reforma Administrativa<\/span>","<span class=\"advgb-post-tax-term\">Servidores p\u00fablicos<\/span>"]},"tags":{"linked":["<a href=\"https:\/\/sindaopcpb.org.br\/servidores-publicos\/\" class=\"advgb-post-tax-term\">g1<\/a>"],"unlinked":["<span class=\"advgb-post-tax-term\">g1<\/span>"]}},"comment_count":"0","relative_dates":{"created":"Publicado 3 anos atr\u00e1s","modified":"Atualizado 3 anos atr\u00e1s"},"absolute_dates":{"created":"Publicado em 18 de outubro de 2023","modified":"Atualizado em 18 de outubro de 2023"},"absolute_dates_time":{"created":"Publicado em 18 de outubro de 2023 15:17","modified":"Atualizado em 18 de outubro de 2023 15:17"},"featured_img_caption":"","series_order":"","_links":{"self":[{"href":"https:\/\/sindaopcpb.org.br\/index.php\/wp-json\/wp\/v2\/posts\/39316","targetHints":{"allow":["GET"]}}],"collection":[{"href":"https:\/\/sindaopcpb.org.br\/index.php\/wp-json\/wp\/v2\/posts"}],"about":[{"href":"https:\/\/sindaopcpb.org.br\/index.php\/wp-json\/wp\/v2\/types\/post"}],"author":[{"embeddable":true,"href":"https:\/\/sindaopcpb.org.br\/index.php\/wp-json\/wp\/v2\/users\/44"}],"replies":[{"embeddable":true,"href":"https:\/\/sindaopcpb.org.br\/index.php\/wp-json\/wp\/v2\/comments?post=39316"}],"version-history":[{"count":2,"href":"https:\/\/sindaopcpb.org.br\/index.php\/wp-json\/wp\/v2\/posts\/39316\/revisions"}],"predecessor-version":[{"id":39340,"href":"https:\/\/sindaopcpb.org.br\/index.php\/wp-json\/wp\/v2\/posts\/39316\/revisions\/39340"}],"wp:attachment":[{"href":"https:\/\/sindaopcpb.org.br\/index.php\/wp-json\/wp\/v2\/media?parent=39316"}],"wp:term":[{"taxonomy":"category","embeddable":true,"href":"https:\/\/sindaopcpb.org.br\/index.php\/wp-json\/wp\/v2\/categories?post=39316"},{"taxonomy":"post_tag","embeddable":true,"href":"https:\/\/sindaopcpb.org.br\/index.php\/wp-json\/wp\/v2\/tags?post=39316"}],"curies":[{"name":"wp","href":"https:\/\/api.w.org\/{rel}","templated":true}]}}