{"id":39314,"date":"2023-10-18T14:17:05","date_gmt":"2023-10-18T17:17:05","guid":{"rendered":"https:\/\/wpa.wscom.com.br\/?p=928360"},"modified":"2023-10-18T14:17:05","modified_gmt":"2023-10-18T17:17:05","slug":"mestres-da-educacao-2023-governo-do-estado-lanca-edital-do-premio-para-professores","status":"publish","type":"post","link":"https:\/\/sindaopcpb.org.br\/index.php\/2023\/10\/18\/mestres-da-educacao-2023-governo-do-estado-lanca-edital-do-premio-para-professores\/","title":{"rendered":"Mestres da Educa\u00e7\u00e3o 2023: Governo do Estado lan\u00e7a edital do pr\u00eamio para professores"},"content":{"rendered":"<p>O Governo da Para\u00edba, por meio da Secretaria de Estado da Educa\u00e7\u00e3o (SEE-PB) divulgou, na edi\u00e7\u00e3o do Di\u00e1rio Oficial do Estado (DOE) desta quarta-feira (18), o edital n\u00ba 026\/2023 do Pr\u00eamio Mestres da Educa\u00e7\u00e3o. A a\u00e7\u00e3o busca de reconhecer e incentivar as boas pr\u00e1ticas pedag\u00f3gicas no ambiente escolar e tem como p\u00fablico-alvo os professores da rede estadual de Educa\u00e7\u00e3o B\u00e1sica. O valor da premia\u00e7\u00e3o para os professores corresponde ao 14\u00ba sal\u00e1rio.<\/p>\n<p>O pr\u00eamio valoriza os docentes que se destacam em diversas \u00e1reas do conhecimento e que prop\u00f5em pr\u00e1ticas pedag\u00f3gicas inovadoras. Seu principal foco s\u00e3o professores que, em meio aos desafios de ensino-aprendizagem no ano letivo de 2023, conseguiram promover um ambiente favor\u00e1vel \u00e0 aprendizagem, incentivando projetos educativos e pr\u00e1ticas que garantam acesso, perman\u00eancia e conclus\u00e3o dos alunos na educa\u00e7\u00e3o b\u00e1sica.<\/p>\n<p>Para participar, os educadores precisam estar em efetivo exerc\u00edcio, com registro de carga hor\u00e1ria no Sistema de Acompanhamento de Pessoal da SEE-PB. O per\u00edodo de inscri\u00e7\u00f5es iniciou nesta quarta-feira e segue at\u00e9 o dia 6 de novembro. No ato da inscri\u00e7\u00e3o, realizada por meio do endere\u00e7o eletr\u00f4nico\u00a0<a href=\"http:\/\/www.see.pb.gov.br\/premios\" rel=\"noopener nofollow\" target=\"_blank\">www.see.pb.gov.br\/premios<\/a>\u00a0os interessados devem enviar o formul\u00e1rio de inscri\u00e7\u00e3o, projeto elaborado para o ano de 2023, relat\u00f3rio\u00a0e documentos comprobat\u00f3rios no local indicado.<\/p>\n<p>Uma comiss\u00e3o avaliar\u00e1 os documentos dos inscritos, considerando tr\u00eas principais quadros: Projeto, Relat\u00f3rio de Execu\u00e7\u00e3o do Projeto e Documentos Comprobat\u00f3rios. O projeto do professor ser\u00e1 avaliado sob diversas dimens\u00f5es, incluindo alinhamento com a Base Nacional Comum Curricular e m\u00e9todos de execu\u00e7\u00e3o. O relat\u00f3rio deve fornecer evid\u00eancias das a\u00e7\u00f5es pedag\u00f3gicas realizadas em 2023 e os documentos comprobat\u00f3rios devem confirmar o desenvolvimento do projeto.<\/p>\n<p>De acordo com o cronograma, ap\u00f3s o per\u00edodo de inscri\u00e7\u00f5es, a homologa\u00e7\u00e3o preliminar das inscri\u00e7\u00f5es ser\u00e1 divulgada no dia 9 de novembro e a final em 16 de novembro. A an\u00e1lise dos materiais ocorrer\u00e1 de 20 de novembro a 8 de dezembro, com a divulga\u00e7\u00e3o dos vencedores at\u00e9 31 de dezembro de 2023.<\/p>\n<p>\u201cEssa \u00e9 uma iniciativa que refor\u00e7a a import\u00e2ncia do papel do educador na forma\u00e7\u00e3o de cidad\u00e3os cr\u00edticos e participativos. Com o pr\u00eamio Mestres da Educa\u00e7\u00e3o, a Secretaria busca n\u00e3o apenas valorizar o trabalho dos nossos profissionais, mas tamb\u00e9m incentiv\u00e1-los a continuar desenvolvendo m\u00e9todos inovadores e eficientes de ensino. Convido todos os professores a participar pois esta \u00e9 uma excelente oportunidade para valorizarmos e reconhecermos as boas pr\u00e1ticas pedag\u00f3gicas que voc\u00eas, com tanto empenho, desenvolvem em nossas escolas\u201d, destaca o secret\u00e1rio de Educa\u00e7\u00e3o do Estado, Roberto Sousa.<\/p>\n<p><b>Edi\u00e7\u00e3o anterior\u00a0<\/b>&#8211; A edi\u00e7\u00e3o de 2022 do Mestres da Educa\u00e7\u00e3o premiou 1,7 mil docentes e recebeu um investimento de R$ 8,5 milh\u00f5es do Governo da Para\u00edba.<\/p>\n<p>O post <a rel=\"nofollow noopener\" href=\"https:\/\/wscom.com.br\/mestres-da-educacao-2023-governo-do-estado-lanca-edital-do-premio-para-professores\/\" target=\"_blank\">Mestres da Educa\u00e7\u00e3o 2023: Governo do Estado lan\u00e7a edital do pr\u00eamio para professores<\/a> apareceu primeiro em <a rel=\"nofollow noopener\" href=\"https:\/\/wscom.com.br\/\" target=\"_blank\">WSCOM<\/a>.<\/p>\n","protected":false},"excerpt":{"rendered":"<p>O Governo da Para\u00edba, por meio da Secretaria de Estado da Educa\u00e7\u00e3o (SEE-PB) divulgou, na edi\u00e7\u00e3o do Di\u00e1rio Oficial do Estado (DOE) desta quarta-feira (18), o edital n\u00ba 026\/2023 do Pr\u00eamio Mestres da Educa\u00e7\u00e3o. A a\u00e7\u00e3o busca de reconhecer e incentivar as boas pr\u00e1ticas pedag\u00f3gicas no ambiente escolar e tem como p\u00fablico-alvo os professores da [\u2026]<\/p>\n<p>O post <a rel=\"nofollow\" href=\"https:\/\/wscom.com.br\/mestres-da-educacao-2023-governo-do-estado-lanca-edital-do-premio-para-professores\/\">Mestres da Educa\u00e7\u00e3o 2023: Governo do Estado lan\u00e7a edital do pr\u00eamio para professores<\/a> apareceu primeiro em <a rel=\"nofollow\" href=\"https:\/\/wscom.com.br\/\">WSCOM<\/a>.<\/p>\n","protected":false},"author":49,"featured_media":0,"comment_status":"closed","ping_status":"closed","sticky":false,"template":"","format":"standard","meta":{"advgb_blocks_editor_width":"","advgb_blocks_columns_visual_guide":"","footnotes":""},"categories":[229,34,10178,54],"tags":[35],"class_list":["post-39314","post","type-post","status-publish","format-standard","hentry","category-educacao","category-g1","category-mestres-da-educacao","category-paraiba","tag-g1"],"author_meta":{"display_name":"Cristiane Cavalcante","author_link":"https:\/\/sindaopcpb.org.br\/author\/cristiane-cavalcante\/"},"featured_img":null,"coauthors":[],"tax_additional":{"categories":{"linked":["<a href=\"https:\/\/sindaopcpb.org.br\/educacao\/\" class=\"advgb-post-tax-term\">Educa\u00e7\u00e3o<\/a>","<a href=\"https:\/\/sindaopcpb.org.br\/g1\/\" class=\"advgb-post-tax-term\">G1<\/a>","<a href=\"https:\/\/sindaopcpb.org.br\/mestres-da-educacao\/\" class=\"advgb-post-tax-term\">Mestres da Educa\u00e7\u00e3o<\/a>","<a href=\"https:\/\/sindaopcpb.org.br\/paraiba\/\" class=\"advgb-post-tax-term\">Para\u00edba<\/a>"],"unlinked":["<span class=\"advgb-post-tax-term\">Educa\u00e7\u00e3o<\/span>","<span class=\"advgb-post-tax-term\">G1<\/span>","<span class=\"advgb-post-tax-term\">Mestres da Educa\u00e7\u00e3o<\/span>","<span class=\"advgb-post-tax-term\">Para\u00edba<\/span>"]},"tags":{"linked":["<a href=\"https:\/\/sindaopcpb.org.br\/paraiba\/\" class=\"advgb-post-tax-term\">g1<\/a>"],"unlinked":["<span class=\"advgb-post-tax-term\">g1<\/span>"]}},"comment_count":"0","relative_dates":{"created":"Publicado 3 anos atr\u00e1s","modified":"Atualizado 3 anos atr\u00e1s"},"absolute_dates":{"created":"Publicado em 18 de outubro de 2023","modified":"Atualizado em 18 de outubro de 2023"},"absolute_dates_time":{"created":"Publicado em 18 de outubro de 2023 14:17","modified":"Atualizado em 18 de outubro de 2023 14:17"},"featured_img_caption":"","series_order":"","_links":{"self":[{"href":"https:\/\/sindaopcpb.org.br\/index.php\/wp-json\/wp\/v2\/posts\/39314","targetHints":{"allow":["GET"]}}],"collection":[{"href":"https:\/\/sindaopcpb.org.br\/index.php\/wp-json\/wp\/v2\/posts"}],"about":[{"href":"https:\/\/sindaopcpb.org.br\/index.php\/wp-json\/wp\/v2\/types\/post"}],"author":[{"embeddable":true,"href":"https:\/\/sindaopcpb.org.br\/index.php\/wp-json\/wp\/v2\/users\/49"}],"replies":[{"embeddable":true,"href":"https:\/\/sindaopcpb.org.br\/index.php\/wp-json\/wp\/v2\/comments?post=39314"}],"version-history":[{"count":1,"href":"https:\/\/sindaopcpb.org.br\/index.php\/wp-json\/wp\/v2\/posts\/39314\/revisions"}],"predecessor-version":[{"id":39315,"href":"https:\/\/sindaopcpb.org.br\/index.php\/wp-json\/wp\/v2\/posts\/39314\/revisions\/39315"}],"wp:attachment":[{"href":"https:\/\/sindaopcpb.org.br\/index.php\/wp-json\/wp\/v2\/media?parent=39314"}],"wp:term":[{"taxonomy":"category","embeddable":true,"href":"https:\/\/sindaopcpb.org.br\/index.php\/wp-json\/wp\/v2\/categories?post=39314"},{"taxonomy":"post_tag","embeddable":true,"href":"https:\/\/sindaopcpb.org.br\/index.php\/wp-json\/wp\/v2\/tags?post=39314"}],"curies":[{"name":"wp","href":"https:\/\/api.w.org\/{rel}","templated":true}]}}