{"id":39291,"date":"2023-10-18T11:55:22","date_gmt":"2023-10-18T14:55:22","guid":{"rendered":"https:\/\/wpa.wscom.com.br\/?p=928351"},"modified":"2023-10-18T11:55:22","modified_gmt":"2023-10-18T14:55:22","slug":"deputados-pedem-apuracao-da-morte-de-karol-eller-e-da-cura-gay","status":"publish","type":"post","link":"https:\/\/sindaopcpb.org.br\/index.php\/2023\/10\/18\/deputados-pedem-apuracao-da-morte-de-karol-eller-e-da-cura-gay\/","title":{"rendered":"Deputados pedem apura\u00e7\u00e3o da morte de Karol Eller e da \u201ccura gay\u201d"},"content":{"rendered":"<p>&nbsp;<\/p>\n<p>&nbsp;<\/p>\n<p>Os deputados federais Erika Hilton (PSOL-SP), Luciene Cavalcante (PSOL-SP) e o Pastor Henrique Vieira (PSOL-RJ) solicitaram, nesta segunda-feira (16), ao Minist\u00e9rio P\u00fablico Federal (MPF) a apura\u00e7\u00e3o sobre a morte por suic\u00eddio da influenciadora digital Karol Eller e da pr\u00e1tica da chamada \u201ccura gay\u201d a que ela teria sido submetida na igreja Assembleia de Deus de Rio Verde, em Goi\u00e1s.<img decoding=\"async\" src=\"https:\/\/agenciabrasil.ebc.com.br\/ebc.png?id=1561414&amp;o=node\" alt=\"\" title=\"\"><img decoding=\"async\" src=\"https:\/\/agenciabrasil.ebc.com.br\/ebc.gif?id=1561414&amp;o=node\" alt=\"\" title=\"\"><\/p>\n<p>Eller morreu na \u00faltima quinta-feira (12), aos 36 anos. O caso foi registrado pela Pol\u00edcia Civil como suic\u00eddio consumado,\u00a0ocorrido \u00e0s 22h no bairro do Campo Belo, zona sul da capital paulista.<\/p>\n<p>Os parlamentares alegam\u00a0que a igreja evang\u00e9lica \u00e9 respons\u00e1vel pela realiza\u00e7\u00e3o do retiro de jovens Maanaim, que oferece pr\u00e1ticas para \u201cconvers\u00e3o\u201d de jovens bissexuais e\u00a0homossexuais \u00e0 heterossexualidade. Segundo o documento apresentado ao MPF, Karol Eller foi uma das v\u00edtimas dessa pr\u00e1tica.<\/p>\n<p>\u201cServe a presente [representa\u00e7\u00e3o] para solicitar deste \u00f3rg\u00e3o [MPF] a apura\u00e7\u00e3o dos fatos\u00a0narrados com a devida investiga\u00e7\u00e3o da pr\u00e1tica de \u2018cura gay\u2019 pelos representados e demais entidades, profissionais, grupos e empresas em atividade no Brasil, com as medidas cab\u00edveis para a devida a\u00e7\u00e3o de tutela coletiva e a devida a\u00e7\u00e3o penal p\u00fablica pelos crimes de homotransfobia, tortura psicol\u00f3gica e incita\u00e7\u00e3o ao suic\u00eddio pelas autoridades religiosas envolvidas\u201d, diz o documento.<\/p>\n<p>Sem respaldo cient\u00edfico, a pr\u00e1tica \u00e9 vedada por resolu\u00e7\u00e3o do Conselho Federal de Psicologia desde 1999. Isso porque a bissexualidade e a homossexualidade n\u00e3o constituem doen\u00e7a nem dist\u00farbio.<\/p>\n<p>\u201cA hist\u00f3ria da Karol se confunde com a de v\u00e1rias outras pessoas que passaram ou passam por essa viol\u00eancia chamada de \u2018cura gay\u2019. Algumas igrejas desenvolvem essa pr\u00e1tica acreditando que a homossexualidade, bissexualidade e transexualidade s\u00e3o patologias, doen\u00e7as e pecado. Cria-se um ambiente de verdadeira tortura emocional, gerando culpa, medo, frustra\u00e7\u00e3o, ang\u00fastia, depress\u00e3o\u201d, afirmou o pastor Henrique Vieira em sua p\u00e1gina na rede social X.<\/p>\n<p>Ele acrescentou que ouve relatos de pessoas que foram expulsas de casa, de atividades ministeriais, que foram submetidos a ritos de exorcismo. \u201cTudo fruto de uma leitura literalista, descontextualizada, dogm\u00e1tica e fria da B\u00edblia\u201d, escreveu.<\/p>\n<p>O Minist\u00e9rio P\u00fablico Federal (MPF) informou que recebeu\u00a0a representa\u00e7\u00e3o\u00a0nessa ter\u00e7a-feira (17) e que o caso est\u00e1 em fase de an\u00e1lise preliminar para defini\u00e7\u00e3o dos pr\u00f3ximos passos. A procuradoria pode decidir por instaura\u00e7\u00e3o de inqu\u00e9rito, arquivamento ou outras medidas cab\u00edveis. O \u00f3rg\u00e3o informou ainda que n\u00e3o h\u00e1 prazo para conclus\u00e3o da avalia\u00e7\u00e3o inicial.<\/p>\n<p>A\u00a0Ag\u00eancia Brasil\u00a0buscou contato com a\u00a0igreja Assembleia de Deus, de Rio Verde, em Goi\u00e1s, pelos meios dispon\u00edveis no\u00a0<em>site<\/em>\u00a0e nas redes sociais, mas n\u00e3o houve retorno at\u00e9 a publica\u00e7\u00e3o desta\u00a0mat\u00e9ria.<\/p>\n<p>O post <a rel=\"nofollow noopener\" href=\"https:\/\/wscom.com.br\/deputados-pedem-apuracao-da-morte-de-karol-eller-e-da-cura-gay\/\" target=\"_blank\">Deputados pedem apura\u00e7\u00e3o da morte de Karol Eller e da &#8220;cura gay&#8221;<\/a> apareceu primeiro em <a rel=\"nofollow noopener\" href=\"https:\/\/wscom.com.br\/\" target=\"_blank\">WSCOM<\/a>.<\/p>\n","protected":false},"excerpt":{"rendered":"<p>\u00a0 \u00a0 Os deputados federais Erika Hilton (PSOL-SP), Luciene Cavalcante (PSOL-SP) e o Pastor Henrique Vieira (PSOL-RJ) solicitaram, nesta segunda-feira (16), ao Minist\u00e9rio P\u00fablico Federal (MPF) a apura\u00e7\u00e3o sobre a morte por suic\u00eddio da influenciadora digital Karol Eller e da pr\u00e1tica da chamada \u201ccura gay\u201d a que ela teria sido submetida na igreja Assembleia de [\u2026]<\/p>\n<p>O post <a rel=\"nofollow\" href=\"https:\/\/wscom.com.br\/deputados-pedem-apuracao-da-morte-de-karol-eller-e-da-cura-gay\/\">Deputados pedem apura\u00e7\u00e3o da morte de Karol Eller e da \u201ccura gay\u201d<\/a> apareceu primeiro em <a rel=\"nofollow\" href=\"https:\/\/wscom.com.br\/\">WSCOM<\/a>.<\/p>\n","protected":false},"author":42,"featured_media":0,"comment_status":"closed","ping_status":"closed","sticky":false,"template":"","format":"standard","meta":{"advgb_blocks_editor_width":"","advgb_blocks_columns_visual_guide":"","footnotes":""},"categories":[5206,34,1307,278,10029,700],"tags":[35],"class_list":["post-39291","post","type-post","status-publish","format-standard","hentry","category-cura-gay","category-g1","category-investigacao","category-justica","category-karol-eller","category-mpf","tag-g1"],"author_meta":{"display_name":"Rafael Andrade","author_link":"https:\/\/sindaopcpb.org.br\/author\/rafael-andrade\/"},"featured_img":null,"coauthors":[],"tax_additional":{"categories":{"linked":["<a href=\"https:\/\/sindaopcpb.org.br\/cura-gay\/\" class=\"advgb-post-tax-term\">cura gay<\/a>","<a href=\"https:\/\/sindaopcpb.org.br\/g1\/\" class=\"advgb-post-tax-term\">G1<\/a>","<a href=\"https:\/\/sindaopcpb.org.br\/investigacao\/\" class=\"advgb-post-tax-term\">investiga\u00e7\u00e3o<\/a>","<a href=\"https:\/\/sindaopcpb.org.br\/justica\/\" class=\"advgb-post-tax-term\">Justi\u00e7a<\/a>","<a href=\"https:\/\/sindaopcpb.org.br\/karol-eller\/\" class=\"advgb-post-tax-term\">Karol Eller<\/a>","<a href=\"https:\/\/sindaopcpb.org.br\/mpf\/\" class=\"advgb-post-tax-term\">MPF<\/a>"],"unlinked":["<span class=\"advgb-post-tax-term\">cura gay<\/span>","<span class=\"advgb-post-tax-term\">G1<\/span>","<span class=\"advgb-post-tax-term\">investiga\u00e7\u00e3o<\/span>","<span class=\"advgb-post-tax-term\">Justi\u00e7a<\/span>","<span class=\"advgb-post-tax-term\">Karol Eller<\/span>","<span class=\"advgb-post-tax-term\">MPF<\/span>"]},"tags":{"linked":["<a href=\"https:\/\/sindaopcpb.org.br\/mpf\/\" class=\"advgb-post-tax-term\">g1<\/a>"],"unlinked":["<span class=\"advgb-post-tax-term\">g1<\/span>"]}},"comment_count":"0","relative_dates":{"created":"Publicado 3 anos atr\u00e1s","modified":"Atualizado 3 anos atr\u00e1s"},"absolute_dates":{"created":"Publicado em 18 de outubro de 2023","modified":"Atualizado em 18 de outubro de 2023"},"absolute_dates_time":{"created":"Publicado em 18 de outubro de 2023 11:55","modified":"Atualizado em 18 de outubro de 2023 11:55"},"featured_img_caption":"","series_order":"","_links":{"self":[{"href":"https:\/\/sindaopcpb.org.br\/index.php\/wp-json\/wp\/v2\/posts\/39291","targetHints":{"allow":["GET"]}}],"collection":[{"href":"https:\/\/sindaopcpb.org.br\/index.php\/wp-json\/wp\/v2\/posts"}],"about":[{"href":"https:\/\/sindaopcpb.org.br\/index.php\/wp-json\/wp\/v2\/types\/post"}],"author":[{"embeddable":true,"href":"https:\/\/sindaopcpb.org.br\/index.php\/wp-json\/wp\/v2\/users\/42"}],"replies":[{"embeddable":true,"href":"https:\/\/sindaopcpb.org.br\/index.php\/wp-json\/wp\/v2\/comments?post=39291"}],"version-history":[{"count":1,"href":"https:\/\/sindaopcpb.org.br\/index.php\/wp-json\/wp\/v2\/posts\/39291\/revisions"}],"predecessor-version":[{"id":39292,"href":"https:\/\/sindaopcpb.org.br\/index.php\/wp-json\/wp\/v2\/posts\/39291\/revisions\/39292"}],"wp:attachment":[{"href":"https:\/\/sindaopcpb.org.br\/index.php\/wp-json\/wp\/v2\/media?parent=39291"}],"wp:term":[{"taxonomy":"category","embeddable":true,"href":"https:\/\/sindaopcpb.org.br\/index.php\/wp-json\/wp\/v2\/categories?post=39291"},{"taxonomy":"post_tag","embeddable":true,"href":"https:\/\/sindaopcpb.org.br\/index.php\/wp-json\/wp\/v2\/tags?post=39291"}],"curies":[{"name":"wp","href":"https:\/\/api.w.org\/{rel}","templated":true}]}}