{"id":39274,"date":"2023-10-18T11:18:24","date_gmt":"2023-10-18T14:18:24","guid":{"rendered":"https:\/\/wpa.wscom.com.br\/?p=928346"},"modified":"2023-10-18T11:18:24","modified_gmt":"2023-10-18T14:18:24","slug":"irmao-de-emicida-acusa-juliette-e-duda-beat-de-plagio-e-anuncia-processo-veja-a-semelhanca-dos-albuns","status":"publish","type":"post","link":"https:\/\/sindaopcpb.org.br\/index.php\/2023\/10\/18\/irmao-de-emicida-acusa-juliette-e-duda-beat-de-plagio-e-anuncia-processo-veja-a-semelhanca-dos-albuns\/","title":{"rendered":"Irm\u00e3o de Emicida acusa Juliette e Duda Beat de pl\u00e1gio e anuncia processo; veja a semelhan\u00e7a dos \u00e1lbuns"},"content":{"rendered":"<p>&nbsp;<\/p>\n<p>&nbsp;<\/p>\n<p>Juliette e Duda Beat foram acusadas de cometer pl\u00e1gio com o \u00e1lbum \u201cMagia Amarela\u201d, lan\u00e7ado na madrugada desta quarta-feira (18). A acusa\u00e7\u00e3o partiu do irm\u00e3o do rapper Emicida, Evandro Fi\u00f3ti, que tamb\u00e9m \u00e9 diretor, produtor e compositor. De acordo com ele, o pl\u00e1gio teria partido do \u00e1lbum \u201cAmarElo\u201d (veja as compara\u00e7\u00f5es abaixo).<\/p>\n<p>&#8220;Sabe apropria\u00e7\u00e3o e tudo aquilo que a gente discursa sobre \u00e9tica? Ent\u00e3o, esse mercado tem bem pouco. Sem criticar as artistas que inclusive admiro. Mas nosso jur\u00eddico vai trabalhar!&#8221;, escreveu Evandro Fi\u00f3ti.<\/p>\n<p>&#8220;Fam\u00edlia, amigos\/mais cores pra n\u00f3s\/sorte de quem prova essa magia\/a cor da vida \u00e9 amar elos reais&#8221;, diz trecho da m\u00fasica, que ainda aposta na est\u00e9tica amarela como identidade visual do t\u00edtulo do trabalho das cantoras.<\/p>\n<p>&#8220;Estou indignado. Vou explicar esse contexto dessa apropria\u00e7\u00e3o, pl\u00e1gio e mais uma vez falta \u00e9tica nesse mercado vindo em sua maioria (mas n\u00e3o somente), de pessoas brancas. E reafirmo essa cr\u00edtica \u00e9 coerente e vai no lugar certo. N\u00e3o quero hate em cima da Juliette ou Duda&#8221;, escreveu Fi\u00f3ti em outro post.<\/p>\n<p>Veja:<\/p>\n<blockquote class=\"twitter-tweet\" data-width=\"550\" data-dnt=\"true\">\n<p lang=\"pt\" dir=\"ltr\">PL\u00c1GIO &#8211; DUDA BEAT E JULIETTE &#8211; AMARELO <br \/>Descaradamente copiou o Emicida, copiou at\u00e9 fonte, a do Emicida t\u00e1 em it\u00e1lico, copiou os vitrais, a cor da roupa do Emicida<\/p>\n<p>Conceito do album: Pl\u00e1gio <a href=\"https:\/\/t.co\/T7NYutqJvV\" rel=\"nofollow\">pic.twitter.com\/T7NYutqJvV<\/a><\/p>\n<p>&mdash; ZuRock Zu Vilarins &#8211; Serial Killers (Canal )<img decoding=\"async\" src=\"https:\/\/s.w.org\/images\/core\/emoji\/13.0.1\/72x72\/1f6a9.png\" alt=\"\ud83d\udea9\" class=\"wp-smiley\" style=\"height: 1em; max-height: 1em;\" title=\"\"><img decoding=\"async\" src=\"https:\/\/s.w.org\/images\/core\/emoji\/13.0.1\/72x72\/1f918.png\" alt=\"\ud83e\udd18\" class=\"wp-smiley\" style=\"height: 1em; max-height: 1em;\" title=\"\"> (@ZurockV) <a href=\"https:\/\/twitter.com\/ZurockV\/status\/1714583261416935541?ref_src=twsrc%5Etfw\" rel=\"nofollow noopener\" target=\"_blank\">October 18, 2023<\/a><\/p>\n<\/blockquote>\n<p><script async src=\"https:\/\/platform.twitter.com\/widgets.js\" charset=\"utf-8\"><\/script><\/p>\n<p>O post <a rel=\"nofollow noopener\" href=\"https:\/\/wscom.com.br\/irmao-de-emicida-acusa-juliette-e-duda-beat-de-plagio-e-anuncia-processo\/\" target=\"_blank\">Irm\u00e3o de Emicida acusa Juliette e Duda Beat de pl\u00e1gio e anuncia processo; veja a semelhan\u00e7a dos \u00e1lbuns<\/a> apareceu primeiro em <a rel=\"nofollow noopener\" href=\"https:\/\/wscom.com.br\/\" target=\"_blank\">WSCOM<\/a>.<\/p>\n","protected":false},"excerpt":{"rendered":"<p>\u00a0 \u00a0 Juliette e Duda Beat foram acusadas de cometer pl\u00e1gio com o \u00e1lbum \u201cMagia Amarela\u201d, lan\u00e7ado na madrugada desta quarta-feira (18). A acusa\u00e7\u00e3o partiu do irm\u00e3o do rapper Emicida, Evandro Fi\u00f3ti, que tamb\u00e9m \u00e9 diretor, produtor e compositor. De acordo com ele, o pl\u00e1gio teria partido do \u00e1lbum \u201cAmarElo\u201d (veja as compara\u00e7\u00f5es abaixo). \u201cSabe [\u2026]<\/p>\n<p>O post <a rel=\"nofollow\" href=\"https:\/\/wscom.com.br\/irmao-de-emicida-acusa-juliette-e-duda-beat-de-plagio-e-anuncia-processo\/\">Irm\u00e3o de Emicida acusa Juliette e Duda Beat de pl\u00e1gio e anuncia processo; veja a semelhan\u00e7a dos \u00e1lbuns<\/a> apareceu primeiro em <a rel=\"nofollow\" href=\"https:\/\/wscom.com.br\/\">WSCOM<\/a>.<\/p>\n","protected":false},"author":42,"featured_media":0,"comment_status":"closed","ping_status":"closed","sticky":false,"template":"","format":"standard","meta":{"advgb_blocks_editor_width":"","advgb_blocks_columns_visual_guide":"","footnotes":""},"categories":[10244,10245,34,3644,302,10246],"tags":[35],"class_list":["post-39274","post","type-post","status-publish","format-standard","hentry","category-duda-beat","category-emicida","category-g1","category-juliette","category-musica","category-plagio","tag-g1"],"author_meta":{"display_name":"Rafael Andrade","author_link":"https:\/\/sindaopcpb.org.br\/author\/rafael-andrade\/"},"featured_img":null,"coauthors":[],"tax_additional":{"categories":{"linked":["<a href=\"https:\/\/sindaopcpb.org.br\/duda-beat\/\" class=\"advgb-post-tax-term\">duda beat<\/a>","<a href=\"https:\/\/sindaopcpb.org.br\/emicida\/\" class=\"advgb-post-tax-term\">emicida<\/a>","<a href=\"https:\/\/sindaopcpb.org.br\/g1\/\" class=\"advgb-post-tax-term\">G1<\/a>","<a href=\"https:\/\/sindaopcpb.org.br\/juliette\/\" class=\"advgb-post-tax-term\">Juliette<\/a>","<a href=\"https:\/\/sindaopcpb.org.br\/musica\/\" class=\"advgb-post-tax-term\">M\u00fasica<\/a>","<a href=\"https:\/\/sindaopcpb.org.br\/plagio\/\" class=\"advgb-post-tax-term\">Pl\u00e1gio<\/a>"],"unlinked":["<span class=\"advgb-post-tax-term\">duda beat<\/span>","<span class=\"advgb-post-tax-term\">emicida<\/span>","<span class=\"advgb-post-tax-term\">G1<\/span>","<span class=\"advgb-post-tax-term\">Juliette<\/span>","<span class=\"advgb-post-tax-term\">M\u00fasica<\/span>","<span class=\"advgb-post-tax-term\">Pl\u00e1gio<\/span>"]},"tags":{"linked":["<a href=\"https:\/\/sindaopcpb.org.br\/plagio\/\" class=\"advgb-post-tax-term\">g1<\/a>"],"unlinked":["<span class=\"advgb-post-tax-term\">g1<\/span>"]}},"comment_count":"0","relative_dates":{"created":"Publicado 3 anos atr\u00e1s","modified":"Atualizado 3 anos atr\u00e1s"},"absolute_dates":{"created":"Publicado em 18 de outubro de 2023","modified":"Atualizado em 18 de outubro de 2023"},"absolute_dates_time":{"created":"Publicado em 18 de outubro de 2023 11:18","modified":"Atualizado em 18 de outubro de 2023 11:18"},"featured_img_caption":"","series_order":"","_links":{"self":[{"href":"https:\/\/sindaopcpb.org.br\/index.php\/wp-json\/wp\/v2\/posts\/39274","targetHints":{"allow":["GET"]}}],"collection":[{"href":"https:\/\/sindaopcpb.org.br\/index.php\/wp-json\/wp\/v2\/posts"}],"about":[{"href":"https:\/\/sindaopcpb.org.br\/index.php\/wp-json\/wp\/v2\/types\/post"}],"author":[{"embeddable":true,"href":"https:\/\/sindaopcpb.org.br\/index.php\/wp-json\/wp\/v2\/users\/42"}],"replies":[{"embeddable":true,"href":"https:\/\/sindaopcpb.org.br\/index.php\/wp-json\/wp\/v2\/comments?post=39274"}],"version-history":[{"count":1,"href":"https:\/\/sindaopcpb.org.br\/index.php\/wp-json\/wp\/v2\/posts\/39274\/revisions"}],"predecessor-version":[{"id":39275,"href":"https:\/\/sindaopcpb.org.br\/index.php\/wp-json\/wp\/v2\/posts\/39274\/revisions\/39275"}],"wp:attachment":[{"href":"https:\/\/sindaopcpb.org.br\/index.php\/wp-json\/wp\/v2\/media?parent=39274"}],"wp:term":[{"taxonomy":"category","embeddable":true,"href":"https:\/\/sindaopcpb.org.br\/index.php\/wp-json\/wp\/v2\/categories?post=39274"},{"taxonomy":"post_tag","embeddable":true,"href":"https:\/\/sindaopcpb.org.br\/index.php\/wp-json\/wp\/v2\/tags?post=39274"}],"curies":[{"name":"wp","href":"https:\/\/api.w.org\/{rel}","templated":true}]}}