{"id":39271,"date":"2023-10-18T10:30:04","date_gmt":"2023-10-18T13:30:04","guid":{"rendered":"https:\/\/g1.globo.com\/pb\/paraiba\/noticia\/2023\/10\/18\/resultado-final-do-processo-seletivo-para-gestores-escolares-da-prefeitura-de-patos-e-divulgado.ghtml"},"modified":"2023-10-18T10:30:04","modified_gmt":"2023-10-18T13:30:04","slug":"resultado-final-do-processo-seletivo-para-gestores-escolares-da-prefeitura-de-patos-e-divulgado","status":"publish","type":"post","link":"https:\/\/sindaopcpb.org.br\/index.php\/2023\/10\/18\/resultado-final-do-processo-seletivo-para-gestores-escolares-da-prefeitura-de-patos-e-divulgado\/","title":{"rendered":"Resultado final do processo seletivo para gestores escolares da Prefeitura de Patos \u00e9 divulgado"},"content":{"rendered":"   <img src=\"https:\/\/s2.glbimg.com\/qTMZpDl-b9IkmLtRMBgrYU56AEk=\/i.s3.glbimg.com\/v1\/AUTH_59edd422c0c84a879bd37670ae4f538a\/internal_photos\/bs\/2020\/D\/J\/wT3DRHTgKfprWECY9ntw\/saladeaulapatospb.jpeg\" \/><br \/>     Foram ofertadas 48 vagas para gestores escolares e 38 para gestores adjuntos. Resultado final do processo seletivo para gestores escolares da Prefeitura de Patos \u00e9 divulgado\nPrefeitura de Patos\/Divulga\u00e7\u00e3o\nFoi divulgado nesta ter\u00e7a-feira (17) o resultado final do processo seletivo da prefeitura de Patos, no Sert\u00e3o paraibano, com 86 vagas para gestores escolares e gestores adjuntos da educa\u00e7\u00e3o b\u00e1sica. A sele\u00e7\u00e3o foi realizada por meio de crit\u00e9rios t\u00e9cnicos e seguiu cinco etapas.\nConfira o resultado final do processo seletivo\nForam ofertadas 48 vagas para gestores escolares, sendo 45 para ampla concorr\u00eancia e 3 para pessoas com defici\u00eancia, e 38 para gestores adjuntos, sendo 36 para ampla concorr\u00eancia e 2 para pessoas com defici\u00eancia.\nAs remunera\u00e7\u00f5es dos cargos ser\u00e3o sal\u00e1rio m\u00ednimo + gratifica\u00e7\u00e3o. Para professores efetivos da Rede Municipal de Ensino, os vencimentos ser\u00e3o: sal\u00e1rio base + gratifica\u00e7\u00e3o do cargo.\nProcesso seletivo da prefeitura de Patos\nVagas: 86\nN\u00edvel: superior\nInscri\u00e7\u00f5es: 22 a 25 de agosto, presencialmente\nSal\u00e1rios: sal\u00e1rio m\u00ednimo (ou base) + gratifica\u00e7\u00e3o\nEdital do processo seletivo da prefeitura de Patos\nV\u00eddeos mais assistidos do g1 Para\u00edba  ","protected":false},"excerpt":{"rendered":"<p>        Foram ofertadas 48 vagas para gestores escolares e 38 para gestores adjuntos. Resultado final do processo seletivo para gestores escolares da Prefeitura de Patos \u00e9 divulgado<br \/>\nPrefeitura de Patos\/Divulga\u00e7\u00e3o<br \/>\nFoi divulgado nesta ter\u00e7a-feira (17) o &#8230;<\/p>\n","protected":false},"author":2,"featured_media":0,"comment_status":"closed","ping_status":"closed","sticky":false,"template":"","format":"standard","meta":{"advgb_blocks_editor_width":"","advgb_blocks_columns_visual_guide":"","footnotes":""},"categories":[34],"tags":[35],"class_list":["post-39271","post","type-post","status-publish","format-standard","hentry","category-g1","tag-g1"],"author_meta":{"display_name":"g1 &gt; Para\u00edba","author_link":"https:\/\/sindaopcpb.org.br\/author\/g1-paraiba\/"},"featured_img":null,"coauthors":[],"tax_additional":{"categories":{"linked":["<a href=\"https:\/\/sindaopcpb.org.br\/g1\/\" class=\"advgb-post-tax-term\">G1<\/a>"],"unlinked":["<span class=\"advgb-post-tax-term\">G1<\/span>"]},"tags":{"linked":["<a href=\"https:\/\/sindaopcpb.org.br\/g1\/\" class=\"advgb-post-tax-term\">g1<\/a>"],"unlinked":["<span class=\"advgb-post-tax-term\">g1<\/span>"]}},"comment_count":"0","relative_dates":{"created":"Publicado 3 anos atr\u00e1s","modified":"Atualizado 3 anos atr\u00e1s"},"absolute_dates":{"created":"Publicado em 18 de outubro de 2023","modified":"Atualizado em 18 de outubro de 2023"},"absolute_dates_time":{"created":"Publicado em 18 de outubro de 2023 10:30","modified":"Atualizado em 18 de outubro de 2023 10:30"},"featured_img_caption":"","series_order":"","_links":{"self":[{"href":"https:\/\/sindaopcpb.org.br\/index.php\/wp-json\/wp\/v2\/posts\/39271","targetHints":{"allow":["GET"]}}],"collection":[{"href":"https:\/\/sindaopcpb.org.br\/index.php\/wp-json\/wp\/v2\/posts"}],"about":[{"href":"https:\/\/sindaopcpb.org.br\/index.php\/wp-json\/wp\/v2\/types\/post"}],"author":[{"embeddable":true,"href":"https:\/\/sindaopcpb.org.br\/index.php\/wp-json\/wp\/v2\/users\/2"}],"replies":[{"embeddable":true,"href":"https:\/\/sindaopcpb.org.br\/index.php\/wp-json\/wp\/v2\/comments?post=39271"}],"version-history":[{"count":1,"href":"https:\/\/sindaopcpb.org.br\/index.php\/wp-json\/wp\/v2\/posts\/39271\/revisions"}],"predecessor-version":[{"id":39272,"href":"https:\/\/sindaopcpb.org.br\/index.php\/wp-json\/wp\/v2\/posts\/39271\/revisions\/39272"}],"wp:attachment":[{"href":"https:\/\/sindaopcpb.org.br\/index.php\/wp-json\/wp\/v2\/media?parent=39271"}],"wp:term":[{"taxonomy":"category","embeddable":true,"href":"https:\/\/sindaopcpb.org.br\/index.php\/wp-json\/wp\/v2\/categories?post=39271"},{"taxonomy":"post_tag","embeddable":true,"href":"https:\/\/sindaopcpb.org.br\/index.php\/wp-json\/wp\/v2\/tags?post=39271"}],"curies":[{"name":"wp","href":"https:\/\/api.w.org\/{rel}","templated":true}]}}