{"id":39263,"date":"2023-10-18T09:41:10","date_gmt":"2023-10-18T12:41:10","guid":{"rendered":"https:\/\/g1.globo.com\/pb\/paraiba\/noticia\/2023\/10\/18\/emicida-x-juliette-e-duda-beat-entenda-a-treta-envolvendo-suposto-plagio-de-amarelo.ghtml"},"modified":"2023-10-18T09:41:10","modified_gmt":"2023-10-18T12:41:10","slug":"emicida-x-juliette-e-duda-beat-entenda-a-treta-envolvendo-suposto-plagio-de-amarelo","status":"publish","type":"post","link":"https:\/\/sindaopcpb.org.br\/index.php\/2023\/10\/18\/emicida-x-juliette-e-duda-beat-entenda-a-treta-envolvendo-suposto-plagio-de-amarelo\/","title":{"rendered":"Emicida x Juliette e Duda Beat: entenda a treta envolvendo suposto &#8216;pl\u00e1gio&#8217; de AmarElo"},"content":{"rendered":"   <img src=\"https:\/\/s2.glbimg.com\/QhhRwzqJfUi32cqgdusvrXtlDEU=\/i.s3.glbimg.com\/v1\/AUTH_59edd422c0c84a879bd37670ae4f538a\/internal_photos\/bs\/2023\/A\/x\/AJBJTYQoqDWMOmSTrzcw\/juliette-duda-beat-e-emicida.jpg\" \/><br \/>     M\u00fasica lan\u00e7ada pela ganhadora do BBB 21, \u00e9 apontada nas redes sociais como pl\u00e1gio do trabalho de Emicida. O cantor lan\u00e7ou seu \u00e1lbum em junho de 2019.  Juliette e Duda Beat s\u00e3o acusadas de plagiar projeto de Emicida\nMontagem\/g1\nA m\u00fasica \u201cMagia Amarela\u201c, parceria de Juliette com a pernambucana Duda Beat lan\u00e7ada nesta  quarta-feira (18), se tornou um dos assuntos mais comentados nas redes sociais ap\u00f3s acusa\u00e7\u00f5es de um suposto pl\u00e1gio do projeto \"AmarElo\", de Emicida,  lan\u00e7ado em junho de 2019. \nA pol\u00eamica come\u00e7ou logo ap\u00f3s o an\u00fancio do single nas redes sociais da ex-bbb. Internautas apontaram semelhan\u00e7as como o cen\u00e1rio fotogr\u00e1fico, a fonte da arte de divulga\u00e7\u00e3o e o conceito geral do trabalho (veja imagem acima). \nTanto que o irm\u00e3o e produtor de Emicida, Evandro Fi\u00f3ti, se pronunciou sobre o assunto durante uma live feita no Instagram: \n\"Tem banda de artista branco que a gente encontra em todo lugar, que mal lan\u00e7ou um disco e que em um ano j\u00e1 ganhou um Grammy. A gente levou 12 anos para ganhar um Grammy. E o trabalho que a gente ganhou um Grammy acabou de ser roubado conceitualmente. Entendeu? Tem no\u00e7\u00e3o o \u00f3dio que gera? Tem no\u00e7\u00e3o a vontade que d\u00e1 de botar fogo em tudo?\".\nNas redes sociais, ele ainda disse: \"Sabe apropria\u00e7\u00e3o e tudo aquilo que a gente discursa sobre \u00e9tica? Ent\u00e3o, esse mercado tem bem pouco. Sem criticar as artistas que inclusive admiro. Mas nosso jur\u00eddico vai trabalhar\". \nO rapper Emicida durante show no Theatro Municipal de S\u00e3o Paulo, registrado no document\u00e1rio AmarElo\nReprodu\u00e7\u00e3o\/Amarelo\nA m\u00fasica lan\u00e7ada por Juliette e Duda Beat faz parte de uma campanha de reposicionamento de uma marca, cujo nome n\u00e3o foi mencionado (veja a letra completa da m\u00fasica mais abaixo). A marca, inclusive, teria entrado em contato com o Emicida para fazer parte do projeto, mas n\u00e3o fecharam acordo, afirmou Fi\u00f3ti.\n\"Essa marca negociou com a gente, s\u00f3 que a gente n\u00e3o chegou a um acordo por cronograma, prazo e quest\u00f5es financeiras tamb\u00e9m, porque a verba que eles tinham n\u00e3o justificava a entrega que a gente tinha que fazer\u201d.\nO projeto de Emicida, \"AmarElo\" envolve tr\u00eas partes: o disco \"Amarelo\", o doc \"Amarelo - \u00e9 tudo pra Ontem\" e o \"Amarelo ao vivo\".\nO g1 entrou em contato com as equipes de Emicida, Juliette e Duda Beat. \nEm nota, Juliette informou que a m\u00fasica faz parte de uma campanha publicit\u00e1ria e que sua equipe est\u00e1 em contato com os respons\u00e1veis para esclarecimentos (leia na \u00edntegra abaixo).\n\"Informamos que a m\u00fasica \"Magia Amarela\" faz parte de uma campanha publicit\u00e1ria e que Juliette foi contratada como uma das int\u00e9rpretes para este trabalho audiovisual. A equipe da cantora est\u00e1 em contato com os contratantes respons\u00e1veis pela cria\u00e7\u00e3o e produ\u00e7\u00e3o da campanha para mais esclarecimentos\".\nAs equipes de Emicida e Duda Beat ainda n\u00e3o se posicionaram.\nEntenda o que \u00e9 pl\u00e1gio\nRebeca Estrela, advogada especialista em direito autoral, explica que o pl\u00e1gio deve ser analisado de forma espec\u00edfica, pois, \"cada caso \u00e9 um caso\". Ela explica que a suposta c\u00f3pia est\u00e1 relacionada ao conjunto de aspectos vinculados \u00e0 criatividade de um trabalho.\n\"O nome da m\u00fasica e o conceito da capa (cor e tipografia) possu\u00edrem certa semelhan\u00e7a n\u00e3o caracterizam, por si s\u00f3, a acusa\u00e7\u00e3o de pl\u00e1gio (...) intuito de reproduzir a cria\u00e7\u00e3o alheia precisa estar presente um conjunto de similitudes entre as caracter\u00edsticas inerentes da obra, como melodia, ritmo, composi\u00e7\u00e3o e elementos visuais\", afirmou a advogada. \n\u201cPara ser considerado um pl\u00e1gio, tem que haver o uso da criatividade do outro. O direito autoral sempre \u00e9 vinculado ao uso da mente humana, ent\u00e3o vai de caso a caso. \u00c9 complexo dizer se teve ou n\u00e3o, mas o pl\u00e1gio \u00e9 uma repeti\u00e7\u00e3o de c\u00f3pias, um item por si s\u00f3 n\u00e3o pode o caracterizar o pl\u00e1gio\u201d, completou.\nO advogado Daniel Campello disse ao g1 que diversas quest\u00f5es espec\u00edficas devem ser observadas em poss\u00edvel pl\u00e1gios, por exemplo:\nSemelhan\u00e7a - O elemento copiado precisa ser uma cria\u00e7\u00e3o musical original, \u00fanica. N\u00e3o basta a coincid\u00eancia de trechos corriqueiros, simples, que podem aparecer em qualquer can\u00e7\u00e3o.\nAnterioridade - A obra que se alega ser plagiada precisa ser, comprovadamente, anterior \u00e0 que \u00e9 alvo da acusa\u00e7\u00e3o, \u00e9 claro.\nProva de acesso - O acusador deve demonstrar que o suposto plagiador teve contato com sua m\u00fasica. N\u00e3o basta s\u00f3 mostrar que a faixa estava dispon\u00edvel no YouTube, por exemplo.\nM\u00e1-f\u00e9 - Deve ficar claro que o plagiador \u00e9 um impostor e agiu para ter uma vantagem: se apropriar de um sucesso alheio ou de algo original que ele n\u00e3o conseguiria criar.\nJader Finamore, produtor musical paraibano, tamb\u00e9m explica que o pl\u00e1gio em si pode ser considerado como tal, a partir da c\u00f3pia da letra da m\u00fasica ou da melodia da can\u00e7\u00e3o.\n\"O pl\u00e1gio \u00e9 praticamente uma c\u00f3pia. Por lei, ele se d\u00e1 na letra ou melodia da m\u00fasica. Quest\u00f5es mais subjetivas se d\u00e3o de muitas e muitas formas, por coincid\u00eancia de escolha de roupa, cor de lan\u00e7amento\", explica.\nO produtor explica que para se comprovar um pl\u00e1gio, \u00e9 preciso que a parte considerada lesada entre na Justi\u00e7a e passe por um processo judicial comum. Caso seja comprovado, a parte acusada pode pagar multa e ser obrigada a retirar a m\u00fasica do ar.\n\"Se for comprovado o pl\u00e1gio, ela paga uma multa e a m\u00fasica \u00e9 obrigatoriamente retirada do ar. Para comprovar, tem que entrar na Justi\u00e7a, tem uma per\u00edcia sobre a m\u00fasica (...) Um processo judicial comum\", diz.\nO g1 procurou o Ecad, entidade brasileira respons\u00e1vel pela arrecada\u00e7\u00e3o e distribui\u00e7\u00e3o dos direitos autorais das m\u00fasicas aos autores, para saber mais detalhes se pode ser considerado pl\u00e1gio a m\u00fasica de Juliette e Duda Beat, mas n\u00e3o teve retorno at\u00e9 a \u00faltima atualiza\u00e7\u00e3o desta reportagem. \nLEIA TAMB\u00c9M:\nCantor Ednaldo Pereira briga na justi\u00e7a h\u00e1 10 anos para receber por downloads de m\u00fasicas para toque de celular\nDanieze Santiago \u00e9 acusada de pl\u00e1gio em m\u00fasicas de forr\u00f3 rom\u00e2ntico por cantores de Portugal e justifica: 'Foi um erro'\nRepercuss\u00e3o na internet\nO nome do Emicida chegou a ser o assunto mais comentado no X, antigo Twitter, na manh\u00e3 desta quarta-feira (18). Os internautas repercutiram o lan\u00e7amento da cantora. \nVeja abaixo a repercuss\u00e3o no antigo Twitter: \nRepercuss\u00e3o de poss\u00edvel pl\u00e1gio de Juliette e Duda Beat com projeto de Emicida\nReprodu\u00e7\u00e3o\/Internet\nRepercuss\u00e3o de poss\u00edvel pl\u00e1gio de Juliette e Duda Beat com projeto de Emicida\nReprodu\u00e7\u00e3o\/Internet\nRepercuss\u00e3o de poss\u00edvel pl\u00e1gio de Juliette e Duda Beat com projeto de Emicida\nReprodu\u00e7\u00e3o\/Internet\nRepercuss\u00e3o de poss\u00edvel pl\u00e1gio de Juliette e Duda Beat com projeto de Emicida\nReprodu\u00e7\u00e3o\/Internet\nEssa n\u00e3o \u00e9 a primeira vez que Juliette \u00e9 acusada de supostamente plagiar trabalhos de outros artistas. Quando lan\u00e7ou a m\u00fasica \"Quase N\u00e3o Namoro\", parceria com Marina Sena, internautas apontaram semelhan\u00e7as com \"Gracinha\", de Manu Gavassi.\nNa \u00e9poca, Manu chegou a falar sobre o assunto e afirmou que Juliette pediu desculpas pelo ocorrido.\nVeja tipografia da produ\u00e7\u00e3o de Manu Gavassi e Juliette com Marina Sena\nReprodu\u00e7\u00e3o\/Twitter\nLetra de \"Magia Amarela\", de Juliette e Duda Beat\nSabe aquele amor que deixa o cora\u00e7\u00e3o quentin?\nFaz um bem danado\nMuda o sabor e deixa tudo mais docin\nRetomar tudo num abra\u00e7o\nFam\u00edlia, amigos\nMais cores pra n\u00f3s\nSorte de quem prova essa magia\nA cor da vida \u00e9 amar elos reais\nE todo mundo quer amar elos leais\nA cor da vida \u00e9 amar elos reais\nE todo mundo quer amar elos leais\nA cor da vida \u00e9 amarelo (A cor da vida \u00e9 amarelo)\nS\u00f3 faz sentido se fa\u00e7a sentir\nCompartilho sentimentos pra juntar\nO encontro \u00e9 agora e aqui\nPor isso a gente tem que aproveitar\nFam\u00edlia, amigos\nMais cores pra n\u00f3s\nSorte de quem prova essa magia\nA cor da vida \u00e9 amar elos reais\nFam\u00edlia, amigos\nMais cores pra n\u00f3s\nSorte de quem prova essa magia\nA cor da vida \u00e9 amar elos reais\nA cor da vida \u00e9 amar elos leais (O que todo mundo quer)\nAmar elos leais\nA cor da vida \u00e9 amarelo, a cor da vida \u00e9 amarelo\nA cor da vida \u00e9 amar elos reais\nE todo mundo quer amar elos leais\nA cor da vida \u00e9 amar elos reais (O que todo mundo quer)\nE todo mundo quer amar elos leais\nA cor da vida \u00e9 amarelo, a cor da vida \u00e9 amarelo  ","protected":false},"excerpt":{"rendered":"<p>        M\u00fasica lan\u00e7ada pela ganhadora do BBB 21, \u00e9 apontada nas redes sociais como pl\u00e1gio do trabalho de Emicida. O cantor lan\u00e7ou seu \u00e1lbum em junho de 2019.  Juliette e Duda Beat s\u00e3o acusadas de plagiar projeto de Emicida<br \/>\nMontagem\/g1<br \/>\nA m\u00fasica \u201cMagia A&#8230;<\/p>\n","protected":false},"author":2,"featured_media":0,"comment_status":"closed","ping_status":"closed","sticky":false,"template":"","format":"standard","meta":{"advgb_blocks_editor_width":"","advgb_blocks_columns_visual_guide":"","footnotes":""},"categories":[34],"tags":[35],"class_list":["post-39263","post","type-post","status-publish","format-standard","hentry","category-g1","tag-g1"],"author_meta":{"display_name":"g1 &gt; Para\u00edba","author_link":"https:\/\/sindaopcpb.org.br\/author\/g1-paraiba\/"},"featured_img":null,"coauthors":[],"tax_additional":{"categories":{"linked":["<a href=\"https:\/\/sindaopcpb.org.br\/g1\/\" class=\"advgb-post-tax-term\">G1<\/a>"],"unlinked":["<span class=\"advgb-post-tax-term\">G1<\/span>"]},"tags":{"linked":["<a href=\"https:\/\/sindaopcpb.org.br\/g1\/\" class=\"advgb-post-tax-term\">g1<\/a>"],"unlinked":["<span class=\"advgb-post-tax-term\">g1<\/span>"]}},"comment_count":"0","relative_dates":{"created":"Publicado 3 anos atr\u00e1s","modified":"Atualizado 3 anos atr\u00e1s"},"absolute_dates":{"created":"Publicado em 18 de outubro de 2023","modified":"Atualizado em 18 de outubro de 2023"},"absolute_dates_time":{"created":"Publicado em 18 de outubro de 2023 09:41","modified":"Atualizado em 18 de outubro de 2023 09:41"},"featured_img_caption":"","series_order":"","_links":{"self":[{"href":"https:\/\/sindaopcpb.org.br\/index.php\/wp-json\/wp\/v2\/posts\/39263","targetHints":{"allow":["GET"]}}],"collection":[{"href":"https:\/\/sindaopcpb.org.br\/index.php\/wp-json\/wp\/v2\/posts"}],"about":[{"href":"https:\/\/sindaopcpb.org.br\/index.php\/wp-json\/wp\/v2\/types\/post"}],"author":[{"embeddable":true,"href":"https:\/\/sindaopcpb.org.br\/index.php\/wp-json\/wp\/v2\/users\/2"}],"replies":[{"embeddable":true,"href":"https:\/\/sindaopcpb.org.br\/index.php\/wp-json\/wp\/v2\/comments?post=39263"}],"version-history":[{"count":7,"href":"https:\/\/sindaopcpb.org.br\/index.php\/wp-json\/wp\/v2\/posts\/39263\/revisions"}],"predecessor-version":[{"id":39410,"href":"https:\/\/sindaopcpb.org.br\/index.php\/wp-json\/wp\/v2\/posts\/39263\/revisions\/39410"}],"wp:attachment":[{"href":"https:\/\/sindaopcpb.org.br\/index.php\/wp-json\/wp\/v2\/media?parent=39263"}],"wp:term":[{"taxonomy":"category","embeddable":true,"href":"https:\/\/sindaopcpb.org.br\/index.php\/wp-json\/wp\/v2\/categories?post=39263"},{"taxonomy":"post_tag","embeddable":true,"href":"https:\/\/sindaopcpb.org.br\/index.php\/wp-json\/wp\/v2\/tags?post=39263"}],"curies":[{"name":"wp","href":"https:\/\/api.w.org\/{rel}","templated":true}]}}