{"id":39261,"date":"2023-10-18T09:11:34","date_gmt":"2023-10-18T12:11:34","guid":{"rendered":"https:\/\/wpa.wscom.com.br\/?p=928322"},"modified":"2023-10-18T09:11:34","modified_gmt":"2023-10-18T12:11:34","slug":"vt-kebradeira-sofre-acidente-apos-perder-controle-de-carro-em-joao-pessoa","status":"publish","type":"post","link":"https:\/\/sindaopcpb.org.br\/index.php\/2023\/10\/18\/vt-kebradeira-sofre-acidente-apos-perder-controle-de-carro-em-joao-pessoa\/","title":{"rendered":"VT Kebradeira sofre acidente ap\u00f3s perder controle de carro em Jo\u00e3o Pessoa"},"content":{"rendered":"<p>&nbsp;<\/p>\n<p>&nbsp;<\/p>\n<p>Na noite de ter\u00e7a-feira (17), o cantor e dan\u00e7arino conhecido como VT Kebradeira esteve envolvido em um acidente de carro no bairro de Quadramares, em Jo\u00e3o Pessoa. O fato ocorreu na Avenida Hilton Souto Maior, quando o ve\u00edculo que o artista estava perdeu o controle, subindo a cal\u00e7ada e colidindo com uma barraca que vendia coco.<\/p>\n<p>A causa apontada pelo cantor foi uma falha nos freios do ve\u00edculo, o que o impossibilitou de parar a tempo. Entrentanto, no momento do acidente, o com\u00e9rcio n\u00e3o estava em opera\u00e7\u00e3o e nenhuma pessoa ferida foi registrada.<\/p>\n<p>Momentos antes do acidente, VT Kebradeira compartilhou registros de sua presen\u00e7a em uma academia em suas redes sociais.<\/p>\n<p>O post <a rel=\"nofollow noopener\" href=\"https:\/\/wscom.com.br\/vt-kebradeira-sofre-acidente-apos-perder-controle-de-carro-em-joao-pessoa\/\" target=\"_blank\">VT Kebradeira sofre acidente ap\u00f3s perder controle de carro em Jo\u00e3o Pessoa<\/a> apareceu primeiro em <a rel=\"nofollow noopener\" href=\"https:\/\/wscom.com.br\/\" target=\"_blank\">WSCOM<\/a>.<\/p>\n","protected":false},"excerpt":{"rendered":"<p>\u00a0 \u00a0 Na noite de ter\u00e7a-feira (17), o cantor e dan\u00e7arino conhecido como VT Kebradeira esteve envolvido em um acidente de carro no bairro de Quadramares, em Jo\u00e3o Pessoa. O fato ocorreu na Avenida Hilton Souto Maior, quando o ve\u00edculo que o artista estava perdeu o controle, subindo a cal\u00e7ada e colidindo com uma barraca [\u2026]<\/p>\n<p>O post <a rel=\"nofollow\" href=\"https:\/\/wscom.com.br\/vt-kebradeira-sofre-acidente-apos-perder-controle-de-carro-em-joao-pessoa\/\">VT Kebradeira sofre acidente ap\u00f3s perder controle de carro em Jo\u00e3o Pessoa<\/a> apareceu primeiro em <a rel=\"nofollow\" href=\"https:\/\/wscom.com.br\/\">WSCOM<\/a>.<\/p>\n","protected":false},"author":42,"featured_media":0,"comment_status":"closed","ping_status":"closed","sticky":false,"template":"","format":"standard","meta":{"advgb_blocks_editor_width":"","advgb_blocks_columns_visual_guide":"","footnotes":""},"categories":[34,71,302,10242],"tags":[35],"class_list":["post-39261","post","type-post","status-publish","format-standard","hentry","category-g1","category-joao-pessoa","category-musica","category-vt-kebradeira","tag-g1"],"author_meta":{"display_name":"Rafael Andrade","author_link":"https:\/\/sindaopcpb.org.br\/author\/rafael-andrade\/"},"featured_img":null,"coauthors":[],"tax_additional":{"categories":{"linked":["<a href=\"https:\/\/sindaopcpb.org.br\/g1\/\" class=\"advgb-post-tax-term\">G1<\/a>","<a href=\"https:\/\/sindaopcpb.org.br\/joao-pessoa\/\" class=\"advgb-post-tax-term\">Jo\u00e3o Pessoa<\/a>","<a href=\"https:\/\/sindaopcpb.org.br\/musica\/\" class=\"advgb-post-tax-term\">M\u00fasica<\/a>","<a href=\"https:\/\/sindaopcpb.org.br\/vt-kebradeira\/\" class=\"advgb-post-tax-term\">VT Kebradeira<\/a>"],"unlinked":["<span class=\"advgb-post-tax-term\">G1<\/span>","<span class=\"advgb-post-tax-term\">Jo\u00e3o Pessoa<\/span>","<span class=\"advgb-post-tax-term\">M\u00fasica<\/span>","<span class=\"advgb-post-tax-term\">VT Kebradeira<\/span>"]},"tags":{"linked":["<a href=\"https:\/\/sindaopcpb.org.br\/vt-kebradeira\/\" class=\"advgb-post-tax-term\">g1<\/a>"],"unlinked":["<span class=\"advgb-post-tax-term\">g1<\/span>"]}},"comment_count":"0","relative_dates":{"created":"Publicado 3 anos atr\u00e1s","modified":"Atualizado 3 anos atr\u00e1s"},"absolute_dates":{"created":"Publicado em 18 de outubro de 2023","modified":"Atualizado em 18 de outubro de 2023"},"absolute_dates_time":{"created":"Publicado em 18 de outubro de 2023 09:11","modified":"Atualizado em 18 de outubro de 2023 09:11"},"featured_img_caption":"","series_order":"","_links":{"self":[{"href":"https:\/\/sindaopcpb.org.br\/index.php\/wp-json\/wp\/v2\/posts\/39261","targetHints":{"allow":["GET"]}}],"collection":[{"href":"https:\/\/sindaopcpb.org.br\/index.php\/wp-json\/wp\/v2\/posts"}],"about":[{"href":"https:\/\/sindaopcpb.org.br\/index.php\/wp-json\/wp\/v2\/types\/post"}],"author":[{"embeddable":true,"href":"https:\/\/sindaopcpb.org.br\/index.php\/wp-json\/wp\/v2\/users\/42"}],"replies":[{"embeddable":true,"href":"https:\/\/sindaopcpb.org.br\/index.php\/wp-json\/wp\/v2\/comments?post=39261"}],"version-history":[{"count":1,"href":"https:\/\/sindaopcpb.org.br\/index.php\/wp-json\/wp\/v2\/posts\/39261\/revisions"}],"predecessor-version":[{"id":39262,"href":"https:\/\/sindaopcpb.org.br\/index.php\/wp-json\/wp\/v2\/posts\/39261\/revisions\/39262"}],"wp:attachment":[{"href":"https:\/\/sindaopcpb.org.br\/index.php\/wp-json\/wp\/v2\/media?parent=39261"}],"wp:term":[{"taxonomy":"category","embeddable":true,"href":"https:\/\/sindaopcpb.org.br\/index.php\/wp-json\/wp\/v2\/categories?post=39261"},{"taxonomy":"post_tag","embeddable":true,"href":"https:\/\/sindaopcpb.org.br\/index.php\/wp-json\/wp\/v2\/tags?post=39261"}],"curies":[{"name":"wp","href":"https:\/\/api.w.org\/{rel}","templated":true}]}}