{"id":39253,"date":"2023-10-18T10:22:36","date_gmt":"2023-10-18T13:22:36","guid":{"rendered":"https:\/\/wpa.wscom.com.br\/?p=928336"},"modified":"2023-10-18T10:22:36","modified_gmt":"2023-10-18T13:22:36","slug":"cicero-lucena-autoriza-tres-projetos-de-empracamento-e-a-pavimentacao-de-10-novas-ruas-nos-bancarios","status":"publish","type":"post","link":"https:\/\/sindaopcpb.org.br\/index.php\/2023\/10\/18\/cicero-lucena-autoriza-tres-projetos-de-empracamento-e-a-pavimentacao-de-10-novas-ruas-nos-bancarios\/","title":{"rendered":"C\u00edcero Lucena autoriza tr\u00eas projetos de empra\u00e7amento e a pavimenta\u00e7\u00e3o de 10 novas ruas nos Banc\u00e1rios"},"content":{"rendered":"<p>A Prefeitura de Jo\u00e3o Pessoa est\u00e1 investindo mais de R$ 500 milh\u00f5es em obras de Infraestrutura na cidade. S\u00e3o interven\u00e7\u00f5es de drenagem, pavimenta\u00e7\u00e3o, asfalto, constru\u00e7\u00e3o de pra\u00e7as e parques, reforma de escolas, programa de LED, entre outras a\u00e7\u00f5es, que est\u00e3o presentes em v\u00e1rios bairros da Capital. Nesta quarta-feira (18), o prefeito C\u00edcero Lucena est\u00e1 dando sequ\u00eancia a esse trabalho nos Banc\u00e1rios, onde autorizou a constru\u00e7\u00e3o de tr\u00eas projetos de empra\u00e7amento e a pavimenta\u00e7\u00e3o de 10 novas ruas.<\/p>\n<p>A obra de empra\u00e7amento, com \u00e1reas de lazer e paisagismo, est\u00e1 integrada ao Parque Linear das Tr\u00eas Ruas, que a Prefeitura est\u00e1 executando nos Banc\u00e1rios e que o prefeito aproveitou para fiscalizar o andamento dos trabalhos. Essas interven\u00e7\u00f5es, de acordo com o gestor, mostram o olhar da gest\u00e3o municipal para a \u00e1rea de Infraestrutura, entendendo a necessidade do cuidado com a cidade, em meio ao crescimento habitacional e com as consequentes demandas da popula\u00e7\u00e3o.<\/p>\n<figure class=\"wp-block-gallery has-nested-images columns-default is-cropped wp-block-gallery-3 is-layout-flex wp-block-gallery-is-layout-flex\">\n<figure class=\"wp-block-image size-large\"><img decoding=\"async\" loading=\"lazy\" class=\"wp-image-330421\" src=\"https:\/\/www.joaopessoa.pb.gov.br\/wp-content\/uploads\/2023\/10\/WhatsApp-Image-2023-10-18-at-09.59.03-1-682x1024.jpeg\" sizes=\"auto, (max-width: 682px) 100vw, 682px\" srcset=\"https:\/\/www.joaopessoa.pb.gov.br\/wp-content\/uploads\/2023\/10\/WhatsApp-Image-2023-10-18-at-09.59.03-1-682x1024.jpeg 682w, https:\/\/www.joaopessoa.pb.gov.br\/wp-content\/uploads\/2023\/10\/WhatsApp-Image-2023-10-18-at-09.59.03-1-768x1153.jpeg 768w, https:\/\/www.joaopessoa.pb.gov.br\/wp-content\/uploads\/2023\/10\/WhatsApp-Image-2023-10-18-at-09.59.03-1-1023x1536.jpeg 1023w, https:\/\/www.joaopessoa.pb.gov.br\/wp-content\/uploads\/2023\/10\/WhatsApp-Image-2023-10-18-at-09.59.03-1-400x600.jpeg 400w, https:\/\/www.joaopessoa.pb.gov.br\/wp-content\/uploads\/2023\/10\/WhatsApp-Image-2023-10-18-at-09.59.03-1.jpeg 1066w\" alt=\"\" width=\"682\" height=\"1024\" data-id=\"330421\" title=\"\"><\/figure>\n<figure class=\"wp-block-image size-large\"><\/figure>\n<\/figure>\n<p>\u201cEsse Parque Linear das Tr\u00eas Ruas, que ser\u00e1 coroado com a parceria com o Governo do Estado, que est\u00e1 fazendo a liga\u00e7\u00e3o dos Banc\u00e1rios \u00e0 Cidade Universit\u00e1ria, \u00e9 um projeto misto de mobilidade e urbanismo. Podemos dizer que \u00e9 um projeto de mobilidade humana, que \u00e9 motivo de muita alegria. Vamos continuar avan\u00e7ando, na pr\u00f3xima quarta-feira j\u00e1 vamos entregar 60 ruas na cidade de Jo\u00e3o Pessoa\u201d, disse o prefeito, que esteve acompanhado do vice, Leo Bezerra, vereadores municipais e v\u00e1rios secret\u00e1rios da gest\u00e3o.<\/p>\n<p><strong>Empra\u00e7amentos \u2013<\/strong>\u00a0S\u00e3o tr\u00eas projetos, que incluem a constru\u00e7\u00e3o de espa\u00e7os de lazer e conviv\u00eancia, com ilumina\u00e7\u00e3o de LED, acessibilidade, constru\u00e7\u00e3o de bancos, piso intertravado, academia da terceira idade e kit mesa de jogos, em uma \u00e1rea com jardinagem. O investimento \u00e9 de R$ 240 mil.<\/p>\n<figure class=\"wp-block-gallery has-nested-images columns-default is-cropped wp-block-gallery-5 is-layout-flex wp-block-gallery-is-layout-flex\">\n<figure class=\"wp-block-image size-large\"><img decoding=\"async\" loading=\"lazy\" class=\"wp-image-330424\" src=\"https:\/\/www.joaopessoa.pb.gov.br\/wp-content\/uploads\/2023\/10\/WhatsApp-Image-2023-10-18-at-09.59.04-1024x682.jpeg\" sizes=\"auto, (max-width: 1024px) 100vw, 1024px\" srcset=\"https:\/\/www.joaopessoa.pb.gov.br\/wp-content\/uploads\/2023\/10\/WhatsApp-Image-2023-10-18-at-09.59.04-1024x682.jpeg 1024w, https:\/\/www.joaopessoa.pb.gov.br\/wp-content\/uploads\/2023\/10\/WhatsApp-Image-2023-10-18-at-09.59.04-768x512.jpeg 768w, https:\/\/www.joaopessoa.pb.gov.br\/wp-content\/uploads\/2023\/10\/WhatsApp-Image-2023-10-18-at-09.59.04-1536x1023.jpeg 1536w, https:\/\/www.joaopessoa.pb.gov.br\/wp-content\/uploads\/2023\/10\/WhatsApp-Image-2023-10-18-at-09.59.04-600x400.jpeg 600w, https:\/\/www.joaopessoa.pb.gov.br\/wp-content\/uploads\/2023\/10\/WhatsApp-Image-2023-10-18-at-09.59.04.jpeg 1600w\" alt=\"\" width=\"1024\" height=\"682\" data-id=\"330424\" title=\"\"><\/figure>\n<figure class=\"wp-block-image size-large\"><\/figure>\n<\/figure>\n<p>\u201cAqui, nos Banc\u00e1rios, esses espa\u00e7os, que ficam entre as ruas que estamos pavimentando, vamos ligar, por exemplo, a Avenida S\u00e9rgio Guerra com o Parque Linear das Tr\u00eas Ruas, integrando essas duas principais avenidas do bairro, que s\u00e3o extremamente importantes. E que a gente cria esses espa\u00e7os, que deixam de ser locais de lixo, espa\u00e7os de drogas, espa\u00e7os n\u00e3o utilizados hoje pela popula\u00e7\u00e3o\u201d, explicou o secret\u00e1rio de Infraestrutura, Rubens Falc\u00e3o.<\/p>\n<p><strong>Pavimenta\u00e7\u00e3o \u2013<\/strong>\u00a0 Est\u00e1 garantindo 100% das ruas pavimentadas em 25 bairros, contando 15 j\u00e1 executados e mais 10 com servi\u00e7os em andamento. De acordo com a Secretaria de Infraestrutura (Seinfra), at\u00e9 o final de 2024 ser\u00e3o 35 bairros conclu\u00eddos. Em toda a cidade, j\u00e1 s\u00e3o 187 ruas entregues e 200 com obras em andamento. Nesta ordem de servi\u00e7o o investimento \u00e9 de R$ 1 milh\u00e3o para a pavimenta\u00e7\u00e3o das 10 ruas, sem nomes, que ter\u00e3o cal\u00e7amento, cal\u00e7adas padronizadas, drenagem, piso t\u00e1til e acessibilidade.<\/p>\n<figure class=\"wp-block-gallery has-nested-images columns-default is-cropped wp-block-gallery-7 is-layout-flex wp-block-gallery-is-layout-flex\">\n<figure class=\"wp-block-image size-large\"><\/figure>\n<figure class=\"wp-block-image size-large\"><img decoding=\"async\" loading=\"lazy\" class=\"wp-image-330427\" src=\"https:\/\/www.joaopessoa.pb.gov.br\/wp-content\/uploads\/2023\/10\/WhatsApp-Image-2023-10-18-at-09.59.00-1-683x1024.jpeg\" sizes=\"auto, (max-width: 683px) 100vw, 683px\" srcset=\"https:\/\/www.joaopessoa.pb.gov.br\/wp-content\/uploads\/2023\/10\/WhatsApp-Image-2023-10-18-at-09.59.00-1-683x1024.jpeg 683w, https:\/\/www.joaopessoa.pb.gov.br\/wp-content\/uploads\/2023\/10\/WhatsApp-Image-2023-10-18-at-09.59.00-1-768x1152.jpeg 768w, https:\/\/www.joaopessoa.pb.gov.br\/wp-content\/uploads\/2023\/10\/WhatsApp-Image-2023-10-18-at-09.59.00-1-1024x1536.jpeg 1024w, https:\/\/www.joaopessoa.pb.gov.br\/wp-content\/uploads\/2023\/10\/WhatsApp-Image-2023-10-18-at-09.59.00-1-1366x2048.jpeg 1366w, https:\/\/www.joaopessoa.pb.gov.br\/wp-content\/uploads\/2023\/10\/WhatsApp-Image-2023-10-18-at-09.59.00-1-400x600.jpeg 400w, https:\/\/www.joaopessoa.pb.gov.br\/wp-content\/uploads\/2023\/10\/WhatsApp-Image-2023-10-18-at-09.59.00-1-scaled.jpeg 1707w\" alt=\"\" width=\"683\" height=\"1024\" data-id=\"330427\" title=\"\"><\/figure>\n<figure class=\"wp-block-image size-large\"><img decoding=\"async\" loading=\"lazy\" class=\"wp-image-330428\" src=\"https:\/\/www.joaopessoa.pb.gov.br\/wp-content\/uploads\/2023\/10\/WhatsApp-Image-2023-10-18-at-09.59.00-683x1024.jpeg\" sizes=\"auto, (max-width: 683px) 100vw, 683px\" srcset=\"https:\/\/www.joaopessoa.pb.gov.br\/wp-content\/uploads\/2023\/10\/WhatsApp-Image-2023-10-18-at-09.59.00-683x1024.jpeg 683w, https:\/\/www.joaopessoa.pb.gov.br\/wp-content\/uploads\/2023\/10\/WhatsApp-Image-2023-10-18-at-09.59.00-768x1152.jpeg 768w, https:\/\/www.joaopessoa.pb.gov.br\/wp-content\/uploads\/2023\/10\/WhatsApp-Image-2023-10-18-at-09.59.00-1024x1536.jpeg 1024w, https:\/\/www.joaopessoa.pb.gov.br\/wp-content\/uploads\/2023\/10\/WhatsApp-Image-2023-10-18-at-09.59.00-1366x2048.jpeg 1366w, https:\/\/www.joaopessoa.pb.gov.br\/wp-content\/uploads\/2023\/10\/WhatsApp-Image-2023-10-18-at-09.59.00-400x600.jpeg 400w, https:\/\/www.joaopessoa.pb.gov.br\/wp-content\/uploads\/2023\/10\/WhatsApp-Image-2023-10-18-at-09.59.00-scaled.jpeg 1707w\" alt=\"\" width=\"683\" height=\"1024\" data-id=\"330428\" title=\"\"><\/figure>\n<\/figure>\n<p><strong>Parque das Tr\u00eas Ruas \u2013<\/strong>\u00a0A obra avan\u00e7a e est\u00e1 com 43% do cronograma j\u00e1 executado. O investimento da Prefeitura \u00e9 de R$ 10,6 milh\u00f5es, para executar o projeto em uma \u00e1rea de 9,3 hectares, com diversos locais de lazer, conv\u00edvio e contempla\u00e7\u00e3o, onde a popula\u00e7\u00e3o poder\u00e1 usufruir de tr\u00eas espa\u00e7os \u2013 o Recanto dos Esportes, Recanto das Crian\u00e7as e o Recanto das \u00c1rvores.<\/p>\n<figure class=\"wp-block-gallery has-nested-images columns-default is-cropped wp-block-gallery-9 is-layout-flex wp-block-gallery-is-layout-flex\">\n<figure class=\"wp-block-image size-large\"><\/figure>\n<figure class=\"wp-block-image size-large\"><img decoding=\"async\" loading=\"lazy\" class=\"wp-image-330436\" src=\"https:\/\/www.joaopessoa.pb.gov.br\/wp-content\/uploads\/2023\/10\/WhatsApp-Image-2023-10-18-at-09.58.59-1-1-683x1024.jpeg\" sizes=\"auto, (max-width: 683px) 100vw, 683px\" srcset=\"https:\/\/www.joaopessoa.pb.gov.br\/wp-content\/uploads\/2023\/10\/WhatsApp-Image-2023-10-18-at-09.58.59-1-1-683x1024.jpeg 683w, https:\/\/www.joaopessoa.pb.gov.br\/wp-content\/uploads\/2023\/10\/WhatsApp-Image-2023-10-18-at-09.58.59-1-1-768x1152.jpeg 768w, https:\/\/www.joaopessoa.pb.gov.br\/wp-content\/uploads\/2023\/10\/WhatsApp-Image-2023-10-18-at-09.58.59-1-1-1024x1536.jpeg 1024w, https:\/\/www.joaopessoa.pb.gov.br\/wp-content\/uploads\/2023\/10\/WhatsApp-Image-2023-10-18-at-09.58.59-1-1-1366x2048.jpeg 1366w, https:\/\/www.joaopessoa.pb.gov.br\/wp-content\/uploads\/2023\/10\/WhatsApp-Image-2023-10-18-at-09.58.59-1-1-400x600.jpeg 400w, https:\/\/www.joaopessoa.pb.gov.br\/wp-content\/uploads\/2023\/10\/WhatsApp-Image-2023-10-18-at-09.58.59-1-1-scaled.jpeg 1707w\" alt=\"\" width=\"683\" height=\"1024\" data-id=\"330436\" title=\"\"><\/figure>\n<figure class=\"wp-block-image size-large\"><img decoding=\"async\" loading=\"lazy\" class=\"wp-image-330430\" src=\"https:\/\/www.joaopessoa.pb.gov.br\/wp-content\/uploads\/2023\/10\/WhatsApp-Image-2023-10-18-at-09.58.59-2-683x1024.jpeg\" sizes=\"auto, (max-width: 683px) 100vw, 683px\" srcset=\"https:\/\/www.joaopessoa.pb.gov.br\/wp-content\/uploads\/2023\/10\/WhatsApp-Image-2023-10-18-at-09.58.59-2-683x1024.jpeg 683w, https:\/\/www.joaopessoa.pb.gov.br\/wp-content\/uploads\/2023\/10\/WhatsApp-Image-2023-10-18-at-09.58.59-2-768x1152.jpeg 768w, https:\/\/www.joaopessoa.pb.gov.br\/wp-content\/uploads\/2023\/10\/WhatsApp-Image-2023-10-18-at-09.58.59-2-1024x1536.jpeg 1024w, https:\/\/www.joaopessoa.pb.gov.br\/wp-content\/uploads\/2023\/10\/WhatsApp-Image-2023-10-18-at-09.58.59-2-1366x2048.jpeg 1366w, https:\/\/www.joaopessoa.pb.gov.br\/wp-content\/uploads\/2023\/10\/WhatsApp-Image-2023-10-18-at-09.58.59-2-400x600.jpeg 400w, https:\/\/www.joaopessoa.pb.gov.br\/wp-content\/uploads\/2023\/10\/WhatsApp-Image-2023-10-18-at-09.58.59-2-scaled.jpeg 1707w\" alt=\"\" width=\"683\" height=\"1024\" data-id=\"330430\" title=\"\"><\/figure>\n<figure class=\"wp-block-image size-large\"><img decoding=\"async\" loading=\"lazy\" class=\"wp-image-330435\" src=\"https:\/\/www.joaopessoa.pb.gov.br\/wp-content\/uploads\/2023\/10\/WhatsApp-Image-2023-10-18-at-09.58.59-3-1-683x1024.jpeg\" sizes=\"auto, (max-width: 683px) 100vw, 683px\" srcset=\"https:\/\/www.joaopessoa.pb.gov.br\/wp-content\/uploads\/2023\/10\/WhatsApp-Image-2023-10-18-at-09.58.59-3-1-683x1024.jpeg 683w, https:\/\/www.joaopessoa.pb.gov.br\/wp-content\/uploads\/2023\/10\/WhatsApp-Image-2023-10-18-at-09.58.59-3-1-768x1152.jpeg 768w, https:\/\/www.joaopessoa.pb.gov.br\/wp-content\/uploads\/2023\/10\/WhatsApp-Image-2023-10-18-at-09.58.59-3-1-1024x1536.jpeg 1024w, https:\/\/www.joaopessoa.pb.gov.br\/wp-content\/uploads\/2023\/10\/WhatsApp-Image-2023-10-18-at-09.58.59-3-1-1366x2048.jpeg 1366w, https:\/\/www.joaopessoa.pb.gov.br\/wp-content\/uploads\/2023\/10\/WhatsApp-Image-2023-10-18-at-09.58.59-3-1-400x600.jpeg 400w, https:\/\/www.joaopessoa.pb.gov.br\/wp-content\/uploads\/2023\/10\/WhatsApp-Image-2023-10-18-at-09.58.59-3-1-scaled.jpeg 1707w\" alt=\"\" width=\"683\" height=\"1024\" data-id=\"330435\" title=\"\"><\/figure>\n<\/figure>\n<p>O parque tamb\u00e9m ter\u00e1 pista para caminhada e ciclovia de 1,6 quil\u00f4metros (km), espa\u00e7o para esportes radicais, cal\u00e7adas padronizadas e com acessibilidade, ilumina\u00e7\u00e3o em LED, bancos, jardins, lugares para a\u00e7\u00f5es, totens, estacionamento e biciclet\u00e1rio. A obra tamb\u00e9m est\u00e1 integrada ao viaduto que vai ligar os Banc\u00e1rios \u00e0 UFPB, que est\u00e1 sendo executada pelo Governo do Estado.<\/p>\n<p>O post <a rel=\"nofollow noopener\" href=\"https:\/\/wscom.com.br\/cicero-lucena-autoriza-tres-projetos-de-empracamento\/\" target=\"_blank\">C\u00edcero Lucena autoriza tr\u00eas projetos de empra\u00e7amento e a pavimenta\u00e7\u00e3o de 10 novas ruas nos Banc\u00e1rios<\/a> apareceu primeiro em <a rel=\"nofollow noopener\" href=\"https:\/\/wscom.com.br\/\" target=\"_blank\">WSCOM<\/a>.<\/p>\n","protected":false},"excerpt":{"rendered":"<p>A Prefeitura de Jo\u00e3o Pessoa est\u00e1 investindo mais de R$ 500 milh\u00f5es em obras de Infraestrutura na cidade. S\u00e3o interven\u00e7\u00f5es de drenagem, pavimenta\u00e7\u00e3o, asfalto, constru\u00e7\u00e3o de pra\u00e7as e parques, reforma de escolas, programa de LED, entre outras a\u00e7\u00f5es, que est\u00e3o presentes em v\u00e1rios bairros da Capital. Nesta quarta-feira (18), o prefeito C\u00edcero Lucena est\u00e1 dando [\u2026]<\/p>\n<p>O post <a rel=\"nofollow\" href=\"https:\/\/wscom.com.br\/cicero-lucena-autoriza-tres-projetos-de-empracamento\/\">C\u00edcero Lucena autoriza tr\u00eas projetos de empra\u00e7amento e a pavimenta\u00e7\u00e3o de 10 novas ruas nos Banc\u00e1rios<\/a> apareceu primeiro em <a rel=\"nofollow\" href=\"https:\/\/wscom.com.br\/\">WSCOM<\/a>.<\/p>\n","protected":false},"author":50,"featured_media":0,"comment_status":"closed","ping_status":"closed","sticky":false,"template":"","format":"standard","meta":{"advgb_blocks_editor_width":"","advgb_blocks_columns_visual_guide":"","footnotes":""},"categories":[466,34,47,10238,6745],"tags":[35],"class_list":["post-39253","post","type-post","status-publish","format-standard","hentry","category-cicero","category-g1","category-politica","category-praca","category-projeto","tag-g1"],"author_meta":{"display_name":"Wallyson","author_link":"https:\/\/sindaopcpb.org.br\/author\/wallyson\/"},"featured_img":null,"coauthors":[],"tax_additional":{"categories":{"linked":["<a href=\"https:\/\/sindaopcpb.org.br\/cicero\/\" class=\"advgb-post-tax-term\">c\u00edcero<\/a>","<a href=\"https:\/\/sindaopcpb.org.br\/g1\/\" class=\"advgb-post-tax-term\">G1<\/a>","<a href=\"https:\/\/sindaopcpb.org.br\/politica\/\" class=\"advgb-post-tax-term\">POLITICA<\/a>","<a href=\"https:\/\/sindaopcpb.org.br\/praca\/\" class=\"advgb-post-tax-term\">Pra\u00e7a<\/a>","<a href=\"https:\/\/sindaopcpb.org.br\/projeto\/\" class=\"advgb-post-tax-term\">Projeto<\/a>"],"unlinked":["<span class=\"advgb-post-tax-term\">c\u00edcero<\/span>","<span class=\"advgb-post-tax-term\">G1<\/span>","<span class=\"advgb-post-tax-term\">POLITICA<\/span>","<span class=\"advgb-post-tax-term\">Pra\u00e7a<\/span>","<span class=\"advgb-post-tax-term\">Projeto<\/span>"]},"tags":{"linked":["<a href=\"https:\/\/sindaopcpb.org.br\/projeto\/\" class=\"advgb-post-tax-term\">g1<\/a>"],"unlinked":["<span class=\"advgb-post-tax-term\">g1<\/span>"]}},"comment_count":"0","relative_dates":{"created":"Publicado 3 anos atr\u00e1s","modified":"Atualizado 3 anos atr\u00e1s"},"absolute_dates":{"created":"Publicado em 18 de outubro de 2023","modified":"Atualizado em 18 de outubro de 2023"},"absolute_dates_time":{"created":"Publicado em 18 de outubro de 2023 10:22","modified":"Atualizado em 18 de outubro de 2023 10:22"},"featured_img_caption":"","series_order":"","_links":{"self":[{"href":"https:\/\/sindaopcpb.org.br\/index.php\/wp-json\/wp\/v2\/posts\/39253","targetHints":{"allow":["GET"]}}],"collection":[{"href":"https:\/\/sindaopcpb.org.br\/index.php\/wp-json\/wp\/v2\/posts"}],"about":[{"href":"https:\/\/sindaopcpb.org.br\/index.php\/wp-json\/wp\/v2\/types\/post"}],"author":[{"embeddable":true,"href":"https:\/\/sindaopcpb.org.br\/index.php\/wp-json\/wp\/v2\/users\/50"}],"replies":[{"embeddable":true,"href":"https:\/\/sindaopcpb.org.br\/index.php\/wp-json\/wp\/v2\/comments?post=39253"}],"version-history":[{"count":1,"href":"https:\/\/sindaopcpb.org.br\/index.php\/wp-json\/wp\/v2\/posts\/39253\/revisions"}],"predecessor-version":[{"id":39254,"href":"https:\/\/sindaopcpb.org.br\/index.php\/wp-json\/wp\/v2\/posts\/39253\/revisions\/39254"}],"wp:attachment":[{"href":"https:\/\/sindaopcpb.org.br\/index.php\/wp-json\/wp\/v2\/media?parent=39253"}],"wp:term":[{"taxonomy":"category","embeddable":true,"href":"https:\/\/sindaopcpb.org.br\/index.php\/wp-json\/wp\/v2\/categories?post=39253"},{"taxonomy":"post_tag","embeddable":true,"href":"https:\/\/sindaopcpb.org.br\/index.php\/wp-json\/wp\/v2\/tags?post=39253"}],"curies":[{"name":"wp","href":"https:\/\/api.w.org\/{rel}","templated":true}]}}