{"id":39239,"date":"2023-10-18T07:45:16","date_gmt":"2023-10-18T10:45:16","guid":{"rendered":"https:\/\/wpa.wscom.com.br\/?p=928304"},"modified":"2023-10-18T07:45:16","modified_gmt":"2023-10-18T10:45:16","slug":"dizem-que-serei-a-proxima-vitima-caso-nao-repense-minha-atuacao-politica-diz-samia-bonfim-apos-assassinato-de-seu-irmao","status":"publish","type":"post","link":"https:\/\/sindaopcpb.org.br\/index.php\/2023\/10\/18\/dizem-que-serei-a-proxima-vitima-caso-nao-repense-minha-atuacao-politica-diz-samia-bonfim-apos-assassinato-de-seu-irmao\/","title":{"rendered":"\u201cDizem que serei a pr\u00f3xima v\u00edtima caso n\u00e3o repense minha atua\u00e7\u00e3o pol\u00edtica\u201d, diz S\u00e2mia Bonfim, ap\u00f3s assassinato de seu irm\u00e3o"},"content":{"rendered":"<p>&nbsp;<\/p>\n<p>&nbsp;<\/p>\n<p>A deputada federal S\u00e2mia Bomfim (PSOL-SP) revelou que tem sido alvo de amea\u00e7as nas duas semanas subsequentes ao assassinato de seu irm\u00e3o, o m\u00e9dico Diego Bomfim. Devido a essas amea\u00e7as, ela solicitou prote\u00e7\u00e3o policial \u00e0 C\u00e2mara, na forma de uma escolta da Pol\u00edcia Federal. Em entrevista\u00a0ao Globo, a deputada descreveu o medo e o desespero de receber tais mensagens e e-mails amea\u00e7adores.<\/p>\n<p>&#8220;Quando soube do crime, imaginei imediatamente uma repres\u00e1lia contra mim. Hoje, a investiga\u00e7\u00e3o aponta para morte por engano e n\u00e3o duvido das investiga\u00e7\u00f5es realizadas at\u00e9 aqui. Mas eu sempre recebi muitas amea\u00e7as e n\u00e3o consigo me distanciar desse tipo de pensamento involunt\u00e1rio, j\u00e1 que essas intimida\u00e7\u00f5es n\u00e3o cessaram ap\u00f3s o assassinato do meu irm\u00e3o&#8221;, disse ela.<\/p>\n<p>A investiga\u00e7\u00e3o sugere que seu irm\u00e3o possa ter sido morto por engano enquanto estava com amigos em um quiosque na Barra da Tijuca, no Rio de Janeiro. As autoridades acreditam que um dos m\u00e9dicos que acompanhava Diego foi confundido por um grupo rival como um membro de uma quadrilha que atua na regi\u00e3o.<\/p>\n<p>S\u00e2mia relatou que as amea\u00e7as n\u00e3o cessaram mesmo ap\u00f3s a morte de seu irm\u00e3o. Ela recebeu mensagens e e-mails amea\u00e7adores, que foram encaminhados \u00e0 Pol\u00edcia Federal. Alguns grupos alegam ser os autores do crime, enquanto outros a amea\u00e7am, afirmando que ela ser\u00e1 a pr\u00f3xima v\u00edtima caso n\u00e3o mude sua atua\u00e7\u00e3o pol\u00edtica. &#8220;Recebi novas mensagens e e-mails, j\u00e1 encaminhados \u00e0 Pol\u00edcia Federal. Alguns grupos reivindicam a autoria do crime, dizem que s\u00e3o os autores da execu\u00e7\u00e3o. Outros se aproveitam do ocorrido e amea\u00e7am, dizem que serei a pr\u00f3xima v\u00edtima, caso n\u00e3o repense a minha atua\u00e7\u00e3o pol\u00edtica. Tem quem se aproveite desse momento para amea\u00e7ar a vida do meu filho, uma crian\u00e7a, e do meu marido. \u00c9 aterrorizante receber este tipo de e-mail. Desesperador&#8221;, disse S\u00e2mia.<\/p>\n<p>O post <a rel=\"nofollow noopener\" href=\"https:\/\/wscom.com.br\/dizem-que-serei-a-proxima-vitima-caso-nao-repense-minha-atuacao-politica-diz-samia-bonfim-apos-assassinato-de-seu-irmao\/\" target=\"_blank\">&#8220;Dizem que serei a pr\u00f3xima v\u00edtima caso n\u00e3o repense minha atua\u00e7\u00e3o pol\u00edtica&#8221;, diz S\u00e2mia Bonfim, ap\u00f3s assassinato de seu irm\u00e3o<\/a> apareceu primeiro em <a rel=\"nofollow noopener\" href=\"https:\/\/wscom.com.br\/\" target=\"_blank\">WSCOM<\/a>.<\/p>\n","protected":false},"excerpt":{"rendered":"<p>\u00a0 \u00a0 A deputada federal S\u00e2mia Bomfim (PSOL-SP) revelou que tem sido alvo de amea\u00e7as nas duas semanas subsequentes ao assassinato de seu irm\u00e3o, o m\u00e9dico Diego Bomfim. Devido a essas amea\u00e7as, ela solicitou prote\u00e7\u00e3o policial \u00e0 C\u00e2mara, na forma de uma escolta da Pol\u00edcia Federal. Em entrevista\u00a0ao Globo, a deputada descreveu o medo e [\u2026]<\/p>\n<p>O post <a rel=\"nofollow\" href=\"https:\/\/wscom.com.br\/dizem-que-serei-a-proxima-vitima-caso-nao-repense-minha-atuacao-politica-diz-samia-bonfim-apos-assassinato-de-seu-irmao\/\">\u201cDizem que serei a pr\u00f3xima v\u00edtima caso n\u00e3o repense minha atua\u00e7\u00e3o pol\u00edtica\u201d, diz S\u00e2mia Bonfim, ap\u00f3s assassinato de seu irm\u00e3o<\/a> apareceu primeiro em <a rel=\"nofollow\" href=\"https:\/\/wscom.com.br\/\">WSCOM<\/a>.<\/p>\n","protected":false},"author":42,"featured_media":0,"comment_status":"closed","ping_status":"closed","sticky":false,"template":"","format":"standard","meta":{"advgb_blocks_editor_width":"","advgb_blocks_columns_visual_guide":"","footnotes":""},"categories":[9376,34,47,7678],"tags":[35],"class_list":["post-39239","post","type-post","status-publish","format-standard","hentry","category-ameacas","category-g1","category-politica","category-samia-bomfim","tag-g1"],"author_meta":{"display_name":"Rafael Andrade","author_link":"https:\/\/sindaopcpb.org.br\/author\/rafael-andrade\/"},"featured_img":null,"coauthors":[],"tax_additional":{"categories":{"linked":["<a href=\"https:\/\/sindaopcpb.org.br\/ameacas\/\" class=\"advgb-post-tax-term\">AMEA\u00c7AS<\/a>","<a href=\"https:\/\/sindaopcpb.org.br\/g1\/\" class=\"advgb-post-tax-term\">G1<\/a>","<a href=\"https:\/\/sindaopcpb.org.br\/politica\/\" class=\"advgb-post-tax-term\">POLITICA<\/a>","<a href=\"https:\/\/sindaopcpb.org.br\/samia-bomfim\/\" class=\"advgb-post-tax-term\">S\u00e2mia Bomfim<\/a>"],"unlinked":["<span class=\"advgb-post-tax-term\">AMEA\u00c7AS<\/span>","<span class=\"advgb-post-tax-term\">G1<\/span>","<span class=\"advgb-post-tax-term\">POLITICA<\/span>","<span class=\"advgb-post-tax-term\">S\u00e2mia Bomfim<\/span>"]},"tags":{"linked":["<a href=\"https:\/\/sindaopcpb.org.br\/samia-bomfim\/\" class=\"advgb-post-tax-term\">g1<\/a>"],"unlinked":["<span class=\"advgb-post-tax-term\">g1<\/span>"]}},"comment_count":"0","relative_dates":{"created":"Publicado 3 anos atr\u00e1s","modified":"Atualizado 3 anos atr\u00e1s"},"absolute_dates":{"created":"Publicado em 18 de outubro de 2023","modified":"Atualizado em 18 de outubro de 2023"},"absolute_dates_time":{"created":"Publicado em 18 de outubro de 2023 07:45","modified":"Atualizado em 18 de outubro de 2023 07:45"},"featured_img_caption":"","series_order":"","_links":{"self":[{"href":"https:\/\/sindaopcpb.org.br\/index.php\/wp-json\/wp\/v2\/posts\/39239","targetHints":{"allow":["GET"]}}],"collection":[{"href":"https:\/\/sindaopcpb.org.br\/index.php\/wp-json\/wp\/v2\/posts"}],"about":[{"href":"https:\/\/sindaopcpb.org.br\/index.php\/wp-json\/wp\/v2\/types\/post"}],"author":[{"embeddable":true,"href":"https:\/\/sindaopcpb.org.br\/index.php\/wp-json\/wp\/v2\/users\/42"}],"replies":[{"embeddable":true,"href":"https:\/\/sindaopcpb.org.br\/index.php\/wp-json\/wp\/v2\/comments?post=39239"}],"version-history":[{"count":1,"href":"https:\/\/sindaopcpb.org.br\/index.php\/wp-json\/wp\/v2\/posts\/39239\/revisions"}],"predecessor-version":[{"id":39240,"href":"https:\/\/sindaopcpb.org.br\/index.php\/wp-json\/wp\/v2\/posts\/39239\/revisions\/39240"}],"wp:attachment":[{"href":"https:\/\/sindaopcpb.org.br\/index.php\/wp-json\/wp\/v2\/media?parent=39239"}],"wp:term":[{"taxonomy":"category","embeddable":true,"href":"https:\/\/sindaopcpb.org.br\/index.php\/wp-json\/wp\/v2\/categories?post=39239"},{"taxonomy":"post_tag","embeddable":true,"href":"https:\/\/sindaopcpb.org.br\/index.php\/wp-json\/wp\/v2\/tags?post=39239"}],"curies":[{"name":"wp","href":"https:\/\/api.w.org\/{rel}","templated":true}]}}