{"id":39237,"date":"2023-10-18T07:48:53","date_gmt":"2023-10-18T10:48:53","guid":{"rendered":"https:\/\/wpa.wscom.com.br\/?p=928307"},"modified":"2023-10-18T07:48:53","modified_gmt":"2023-10-18T10:48:53","slug":"ou-voce-esta-com-a-palestina-ou-voce-esta-ao-lado-do-genocidio-dizem-rabinos-judeus-apos-massacre-israelense-em-hospital","status":"publish","type":"post","link":"https:\/\/sindaopcpb.org.br\/index.php\/2023\/10\/18\/ou-voce-esta-com-a-palestina-ou-voce-esta-ao-lado-do-genocidio-dizem-rabinos-judeus-apos-massacre-israelense-em-hospital\/","title":{"rendered":"\u201cOu voc\u00ea est\u00e1 com a Palestina ou voc\u00ea est\u00e1 ao lado do genoc\u00eddio\u201d, dizem rabinos judeus, ap\u00f3s massacre israelense em hospital"},"content":{"rendered":"<p>&nbsp;<\/p>\n<p>&nbsp;<\/p>\n<p>&#8220;Os sionistas est\u00e3o cometendo genoc\u00eddio contra o povo palestino. O seu objetivo \u00e9 destruir todo o povo palestino. Eles n\u00e3o s\u00e3o judeus, s\u00e3o sionistas. N\u00e3o chame Israel de Estado Judeu, porque Israel \u00e9 um Estado sionista ocupante. N\u00e3o chame os sionistas de judeus, eles n\u00e3o t\u00eam nada a ver com o juda\u00edsmo. N\u00e3o associe o Sionismo ao Juda\u00edsmo, pois o Sionismo n\u00e3o \u00e9 o mesmo que o Juda\u00edsmo&#8221;, postou em suas redes sociais o grupo Torah Judaism, formado por rabinos ortodoxos. Abaixo do post, a imagem com os dizeres: &#8220;ou voc\u00ea est\u00e1 ao lado da Palestina, ou voc\u00ea est\u00e1 ao lado do genoc\u00eddio&#8221;.<\/p>\n<p>Tal imagem foi postada ap\u00f3s o massacre promovido pelo governo de Benjamin Netanyahu em um hospital, que assassinou mais de 500 civis, entre mulheres, idosos, m\u00e9dicos e enfermeiras, provocando indigna\u00e7\u00e3o internacional. O grupo de rabinos ortodoxos tamb\u00e9m adotou a bandeira da Palestina em seus perfis nas redes sociais. Confira:<\/p>\n<blockquote class=\"twitter-tweet\" data-width=\"550\" data-dnt=\"true\">\n<p lang=\"en\" dir=\"ltr\">Zionists are committing genocide against the Palestinian people. Their aim is to destroy the entire Palestinian people.<\/p>\n<p>They are not Jews, they are Zionists. Do not call Israel the Jewish state because Israel is an occupying Zionist state. Don&#39;t call Zionists Jews, they have\u2026 <a href=\"https:\/\/t.co\/s2QuC0eiCX\" rel=\"nofollow\">pic.twitter.com\/s2QuC0eiCX<\/a><\/p>\n<p>&mdash; Torah Judaism (@TorahJudaism) <a href=\"https:\/\/twitter.com\/TorahJudaism\/status\/1714534958654534068?ref_src=twsrc%5Etfw\" rel=\"nofollow noopener\" target=\"_blank\">October 18, 2023<\/a><\/p>\n<\/blockquote>\n<p><script async src=\"https:\/\/platform.twitter.com\/widgets.js\" charset=\"utf-8\"><\/script><\/p>\n<p>O post <a rel=\"nofollow noopener\" href=\"https:\/\/wscom.com.br\/ou-voce-esta-com-a-palestina-ou-voce-esta-ao-lado-do-genocidio-dizem-rabinos-judeus-apos-massacre-israelense-em-hospital\/\" target=\"_blank\">&#8220;Ou voc\u00ea est\u00e1 com a Palestina ou voc\u00ea est\u00e1 ao lado do genoc\u00eddio&#8221;, dizem rabinos judeus, ap\u00f3s massacre israelense em hospital<\/a> apareceu primeiro em <a rel=\"nofollow noopener\" href=\"https:\/\/wscom.com.br\/\" target=\"_blank\">WSCOM<\/a>.<\/p>\n","protected":false},"excerpt":{"rendered":"<p>\u00a0 \u00a0 \u201cOs sionistas est\u00e3o cometendo genoc\u00eddio contra o povo palestino. O seu objetivo \u00e9 destruir todo o povo palestino. Eles n\u00e3o s\u00e3o judeus, s\u00e3o sionistas. N\u00e3o chame Israel de Estado Judeu, porque Israel \u00e9 um Estado sionista ocupante. N\u00e3o chame os sionistas de judeus, eles n\u00e3o t\u00eam nada a ver com o juda\u00edsmo. N\u00e3o [\u2026]<\/p>\n<p>O post <a rel=\"nofollow\" href=\"https:\/\/wscom.com.br\/ou-voce-esta-com-a-palestina-ou-voce-esta-ao-lado-do-genocidio-dizem-rabinos-judeus-apos-massacre-israelense-em-hospital\/\">\u201cOu voc\u00ea est\u00e1 com a Palestina ou voc\u00ea est\u00e1 ao lado do genoc\u00eddio\u201d, dizem rabinos judeus, ap\u00f3s massacre israelense em hospital<\/a> apareceu primeiro em <a rel=\"nofollow\" href=\"https:\/\/wscom.com.br\/\">WSCOM<\/a>.<\/p>\n","protected":false},"author":42,"featured_media":0,"comment_status":"closed","ping_status":"closed","sticky":false,"template":"","format":"standard","meta":{"advgb_blocks_editor_width":"","advgb_blocks_columns_visual_guide":"","footnotes":""},"categories":[10030,34,111,9893,9900],"tags":[35],"class_list":["post-39237","post","type-post","status-publish","format-standard","hentry","category-conflito-no-oriente-medio","category-g1","category-internacional","category-israel","category-palestina","tag-g1"],"author_meta":{"display_name":"Rafael Andrade","author_link":"https:\/\/sindaopcpb.org.br\/author\/rafael-andrade\/"},"featured_img":null,"coauthors":[],"tax_additional":{"categories":{"linked":["<a href=\"https:\/\/sindaopcpb.org.br\/conflito-no-oriente-medio\/\" class=\"advgb-post-tax-term\">Conflito no Oriente M\u00e9dio<\/a>","<a href=\"https:\/\/sindaopcpb.org.br\/g1\/\" class=\"advgb-post-tax-term\">G1<\/a>","<a href=\"https:\/\/sindaopcpb.org.br\/internacional\/\" class=\"advgb-post-tax-term\">Internacional<\/a>","<a href=\"https:\/\/sindaopcpb.org.br\/israel\/\" class=\"advgb-post-tax-term\">israel<\/a>","<a href=\"https:\/\/sindaopcpb.org.br\/palestina\/\" class=\"advgb-post-tax-term\">Palestina<\/a>"],"unlinked":["<span class=\"advgb-post-tax-term\">Conflito no Oriente M\u00e9dio<\/span>","<span class=\"advgb-post-tax-term\">G1<\/span>","<span class=\"advgb-post-tax-term\">Internacional<\/span>","<span class=\"advgb-post-tax-term\">israel<\/span>","<span class=\"advgb-post-tax-term\">Palestina<\/span>"]},"tags":{"linked":["<a href=\"https:\/\/sindaopcpb.org.br\/palestina\/\" class=\"advgb-post-tax-term\">g1<\/a>"],"unlinked":["<span class=\"advgb-post-tax-term\">g1<\/span>"]}},"comment_count":"0","relative_dates":{"created":"Publicado 3 anos atr\u00e1s","modified":"Atualizado 3 anos atr\u00e1s"},"absolute_dates":{"created":"Publicado em 18 de outubro de 2023","modified":"Atualizado em 18 de outubro de 2023"},"absolute_dates_time":{"created":"Publicado em 18 de outubro de 2023 07:48","modified":"Atualizado em 18 de outubro de 2023 07:48"},"featured_img_caption":"","series_order":"","_links":{"self":[{"href":"https:\/\/sindaopcpb.org.br\/index.php\/wp-json\/wp\/v2\/posts\/39237","targetHints":{"allow":["GET"]}}],"collection":[{"href":"https:\/\/sindaopcpb.org.br\/index.php\/wp-json\/wp\/v2\/posts"}],"about":[{"href":"https:\/\/sindaopcpb.org.br\/index.php\/wp-json\/wp\/v2\/types\/post"}],"author":[{"embeddable":true,"href":"https:\/\/sindaopcpb.org.br\/index.php\/wp-json\/wp\/v2\/users\/42"}],"replies":[{"embeddable":true,"href":"https:\/\/sindaopcpb.org.br\/index.php\/wp-json\/wp\/v2\/comments?post=39237"}],"version-history":[{"count":1,"href":"https:\/\/sindaopcpb.org.br\/index.php\/wp-json\/wp\/v2\/posts\/39237\/revisions"}],"predecessor-version":[{"id":39238,"href":"https:\/\/sindaopcpb.org.br\/index.php\/wp-json\/wp\/v2\/posts\/39237\/revisions\/39238"}],"wp:attachment":[{"href":"https:\/\/sindaopcpb.org.br\/index.php\/wp-json\/wp\/v2\/media?parent=39237"}],"wp:term":[{"taxonomy":"category","embeddable":true,"href":"https:\/\/sindaopcpb.org.br\/index.php\/wp-json\/wp\/v2\/categories?post=39237"},{"taxonomy":"post_tag","embeddable":true,"href":"https:\/\/sindaopcpb.org.br\/index.php\/wp-json\/wp\/v2\/tags?post=39237"}],"curies":[{"name":"wp","href":"https:\/\/api.w.org\/{rel}","templated":true}]}}