{"id":39219,"date":"2023-10-17T19:10:26","date_gmt":"2023-10-17T22:10:26","guid":{"rendered":"https:\/\/www.infomoney.com.br\/?p=2271120"},"modified":"2023-10-17T19:10:26","modified_gmt":"2023-10-17T22:10:26","slug":"privatizacao-da-sabesp-sera-por-follow-on-e-preve-golden-share-do-governo-veja-detalhes","status":"publish","type":"post","link":"https:\/\/sindaopcpb.org.br\/index.php\/2023\/10\/17\/privatizacao-da-sabesp-sera-por-follow-on-e-preve-golden-share-do-governo-veja-detalhes\/","title":{"rendered":"Privatiza\u00e7\u00e3o da Sabesp ser\u00e1 por follow-on e prev\u00ea golden share do governo; veja detalhes"},"content":{"rendered":"<p><img loading=\"lazy\" width=\"300\" height=\"201\" src=\"https:\/\/www.infomoney.com.br\/wp-content\/uploads\/2023\/07\/52907524710_bc71563eb1_c.jpg?fit=300%2C201&amp;quality=70&amp;strip=all\" class=\"attachment-medium size-medium wp-post-image\" alt=\"\" decoding=\"async\" style=\"float:right; margin:0 0 10px 10px;\" srcset=\"https:\/\/www.infomoney.com.br\/wp-content\/uploads\/2023\/07\/52907524710_bc71563eb1_c.jpg?w=799&amp;quality=70&amp;strip=all 799w, https:\/\/www.infomoney.com.br\/wp-content\/uploads\/2023\/07\/52907524710_bc71563eb1_c.jpg?w=300&amp;quality=70&amp;strip=all 300w, https:\/\/www.infomoney.com.br\/wp-content\/uploads\/2023\/07\/52907524710_bc71563eb1_c.jpg?w=768&amp;quality=70&amp;strip=all 768w, https:\/\/www.infomoney.com.br\/wp-content\/uploads\/2023\/07\/52907524710_bc71563eb1_c.jpg?w=150&amp;quality=70&amp;strip=all 150w\" sizes=\"auto, (max-width: 300px) 100vw, 300px\" data-attachment-id=\"2179617\" data-permalink=\"https:\/\/www.infomoney.com.br\/politica\/tarcisio-e-favorito-para-suceder-bolsonaro-na-direita-apos-inelegibilidade-no-tse-dizem-analistas\/attachment\/52907524710_bc71563eb1_c\/\" data-orig-file=\"https:\/\/www.infomoney.com.br\/wp-content\/uploads\/2023\/07\/52907524710_bc71563eb1_c.jpg?fit=799%2C534&amp;quality=70&amp;strip=all\" data-orig-size=\"799,534\" data-comments-opened=\"0\" data-image-meta=\"{&quot;aperture&quot;:&quot;0&quot;,&quot;credit&quot;:&quot;Monica Andrade&quot;,&quot;camera&quot;:&quot;&quot;,&quot;caption&quot;:&quot;&quot;,&quot;created_timestamp&quot;:&quot;0&quot;,&quot;copyright&quot;:&quot;&quot;,&quot;focal_length&quot;:&quot;0&quot;,&quot;iso&quot;:&quot;0&quot;,&quot;shutter_speed&quot;:&quot;0&quot;,&quot;title&quot;:&quot;&quot;,&quot;orientation&quot;:&quot;0&quot;}\" data-image-title=\"Tarc\u00edsio de Freitas\" data-image-description=\"\" data-image-caption=\"&lt;p&gt;O governador de S\u00e3o Paulo, Tarc\u00edsio de Freitas (Republicanos), em cerim\u00f4nia de assinatura de pagamento de subs\u00eddios habitacionais (Foto: M\u00f4nica Andrade\/Governo do Estado de SP)&lt;\/p&gt;\n\" data-medium-file=\"https:\/\/www.infomoney.com.br\/wp-content\/uploads\/2023\/07\/52907524710_bc71563eb1_c.jpg?fit=300%2C201&amp;quality=70&amp;strip=all\" data-large-file=\"https:\/\/www.infomoney.com.br\/wp-content\/uploads\/2023\/07\/52907524710_bc71563eb1_c.jpg?fit=799%2C534&amp;quality=70&amp;strip=all\" title=\"\"><\/p>\n<p>O Projeto de Lei de privatiza&ccedil;&atilde;o da Sabesp (<a href=\"https:\/\/www.infomoney.com.br\/cotacoes\/b3\/acao\/sabesp-sbsp3\/\" rel=\"nofollow noopener\" target=\"_blank\">SBSP3<\/a>) ser&aacute; via <em>follow-on<\/em> (emiss&atilde;o de a&ccedil;&otilde;es) e o governo do estado de S&atilde;o Paulo vai reduzir sua participa&ccedil;&atilde;o na empresa para uma porcentagem entre 15% e 30%, mas manter direito a veto em decis&otilde;es estrat&eacute;gicas (<em>golden share<\/em>).<\/p>\n<p>Os detalhes foram apresentados nesta ter&ccedil;a-feira (17) a deputados estaduais da base aliada, que analisar&atilde;o o projeto na Assembleia Legislativa do Estado (Alesp). A expectativa de Tarc&iacute;sio &eacute; conseguir aprov&aacute;-lo <a href=\"https:\/\/www.infomoney.com.br\/politica\/privatizacao-da-sabesp-tarcisio-diz-que-enviara-amanha-projeto-de-lei-a-alesp\/\" rel=\"nofollow noopener\" target=\"_blank\">at&eacute; o final de novembro ou come&ccedil;o de dezembro<\/a>.<\/p>\n<p>A oposi&ccedil;&atilde;o questionou o processo via PL, em vez de uma Proposta de Emenda &agrave; Constitui&ccedil;&atilde;o (PEC). O deputado estadual Em&iacute;dio de Souza (PT), l&iacute;der da frente parlamentar contra a privatiza&ccedil;&atilde;o, afirma que a Constitui&ccedil;&atilde;o paulista &ldquo;fixa expressamente que o servi&ccedil;o de &aacute;gua esgoto ser&aacute; executado por empresa p&uacute;blica de saneamento&rdquo;. Diz tamb&eacute;m que o governador fez uma &ldquo;manobra&rdquo;, pois um Projeto de Lei exige 48 votos para ser aprovado na assembleia, enquanto uma PEC demanda 57.<\/p>\n<p>Com o follow-on, o governo paulista vai reduzir sua participa&ccedil;&atilde;o na empresa abaixo de 50% e fazer com que ela deixe de ser estatal, em um modelo parecido com o usado pelos governos Michel Temer (MDB) e Jair Bolsonaro (PL) para privatizar a BR Distribuidora (atual Vibra Energia, <a href=\"https:\/\/www.infomoney.com.br\/cotacoes\/b3\/acao\/vibra-energia-vbbr3\/\" rel=\"nofollow noopener\" target=\"_blank\">VBBR3<\/a>) e a Eletrobras (<a href=\"https:\/\/www.infomoney.com.br\/cotacoes\/b3\/acao\/eletrobras-elet3\/\" rel=\"nofollow noopener\" target=\"_blank\">ELET3<\/a>; <a href=\"https:\/\/www.infomoney.com.br\/cotacoes\/b3\/acao\/eletrobras-elet6\/\" rel=\"nofollow noopener\" target=\"_blank\">ELET6<\/a>), respectivamente.<\/p>\n<p>A <em>golden share<\/em> dar&aacute; ao governo estadual o poder de veto em decis&otilde;es estrat&eacute;gicas, como a mudan&ccedil;a de nome, da sede e do objeto social da empresa, al&eacute;m de &ldquo;quanto ao limite de exerc&iacute;cio de votos por acionistas ou grupo de acionistas&rdquo;.<\/p>\n<p>As premissas da privatiza&ccedil;&atilde;o s&atilde;o; a universaliza&ccedil;&atilde;o dos servi&ccedil;os de saneamento e antecipa&ccedil;&atilde;o das metas de 2033 para 2029; inclus&atilde;o da popula&ccedil;&atilde;o n&atilde;o atendida que mora em &aacute;reas rurais e n&uacute;cleos urbanos informais consolidados; e a redu&ccedil;&atilde;o do pre&ccedil;o da tarifa de &aacute;gua e esgoto, segundo a apresenta&ccedil;&atilde;o do governo feita aos deputados da base.<\/p>\n<p>O documento diz que a Sabesp &eacute; uma das maiores empresas do setor no mundo (top 5 em receita anual), atendendo a cerca de 28 milh&otilde;es de habitantes em 375 cidades. A empresa &eacute;<\/p>\n<p><em>(Esta reportagem est&aacute; em atualiza&ccedil;&atilde;o)<\/em><\/p>\n<\/p>\n<div class=\"cta-end\">\n<div class=\"im-cta\" >\n<div class=\"im-shortcode-forms bg-light bg-opacity-25 border rounded-4 p-3 p-sm-4 p-md-3 p-lg-4 px-xxl-5 my-5\" data-configuration='{\"form_name\":false,\"form_hat\":\"Newsletter\",\"form_email\":true,\"form_icon\":\"newsletter\",\"form_phone\":false,\"form_campaign\":\"NIM\",\"form_thankyou\":\"\",\"form_journey\":\"APIEvent-26a5198d-8e09-06ef-5f80-cd9127757ad1\",\"form_button\":\"Quero receber\",\"form_context\":\"newsletter\",\"form_origin\":\"https:\\\/\\\/www.infomoney.com.br\\\/politica\\\/feed\\\/?utm_medium=materia&#038;utm_source=infomoney&#038;utm_campaign=NIM&#038;utm_term=politica&#038;utm_content=newsletter\",\"form_position\":\"final\",\"form_category\":\"cta_form\"}'>\n<div class=\"d-flex flex-column align-items-center align-items-lg-start mb-4 flex-lg-row\">\n<div class=\"rounded-circle mb-2 mb-lg-0 mr-lg-4 me-lg-4 p-3 p-lg-4 bg-blue-400\"><svg width=\"40\" height=\"40\" viewBox=\"0 0 40 40\" fill=\"none\" xmlns=\"http:\/\/www.w3.org\/2000\/svg\"><path d=\"M20 20.25 6.042 11.042v19.041c0 .167.048.299.146.396a.535.535 0 0 0 .395.146h15.792V32.5H6.583a2.328 2.328 0 0 1-1.708-.708 2.328 2.328 0 0 1-.708-1.709V9.917c0-.667.236-1.236.708-1.709A2.328 2.328 0 0 1 6.583 7.5h26.834c.666 0 1.236.236 1.708.708a2.33 2.33 0 0 1 .708 1.709v12.458h-1.875V11.042L20 20.25Zm0-2 13.667-8.875H6.333L20 18.25Zm11.75 18.958-1.292-1.333 3.334-3.375h-9v-1.875h9l-3.375-3.417 1.333-1.291 5.667 5.625-5.667 5.666ZM6.042 11.042v20.791-9.458.25-13.25 1.667Z\" fill=\"#fff\"\/><\/svg><\/div>\n<div class=\"flex-fill text-center text-lg-left\">\n<div class=\"h6 small text-orange-700 lh-base mb-1\">Newsletter<\/div>\n<div class=\"text-body h4 m-0\">Infomorning<\/div>\n<div class=\"text-body small lh-base mt-2\">Receba no seu e-mail logo pela manh&atilde; as not&iacute;cias que v&atilde;o mexer com os mercados, com os seus investimentos e o seu bolso durante o dia<\/div>\n<\/div>\n<\/div>\n<\/div>\n<\/div>\n<\/div>\n<p>The post <a rel=\"nofollow noopener\" href=\"https:\/\/www.infomoney.com.br\/politica\/privatizacao-da-sabesp-projeto-de-lei-follow-on-golden-share-veja-detalhes\/\" target=\"_blank\">Privatiza\u00e7\u00e3o da Sabesp ser\u00e1 por follow-on e prev\u00ea golden share do governo; veja detalhes<\/a> appeared first on <a rel=\"nofollow noopener\" href=\"https:\/\/www.infomoney.com.br\/\" target=\"_blank\">InfoMoney<\/a>.<\/p>\n","protected":false},"excerpt":{"rendered":"<p><img loading=\"lazy\" decoding=\"async\" width=\"300\" height=\"201\" src=\"https:\/\/www.infomoney.com.br\/wp-content\/uploads\/2023\/07\/52907524710_bc71563eb1_c.jpg?fit=300%2C201&amp;quality=70&amp;strip=all\" class=\"attachment-medium size-medium wp-post-image\" alt=\"\" data-attachment-id=\"2179617\" data-permalink=\"https:\/\/www.infomoney.com.br\/politica\/tarcisio-e-favorito-para-suceder-bolsonaro-na-direita-apos-inelegibilidade-no-tse-dizem-analistas\/attachment\/52907524710_bc71563eb1_c\/\" data-orig-file=\"https:\/\/www.infomoney.com.br\/wp-content\/uploads\/2023\/07\/52907524710_bc71563eb1_c.jpg?fit=799%2C534&amp;quality=70&amp;strip=all\" data-orig-size=\"799,534\" data-comments-opened=\"0\" data-image-meta='{\"aperture\":\"0\",\"credit\":\"Monica Andrade\",\"camera\":\"\",\"caption\":\"\",\"created_timestamp\":\"0\",\"copyright\":\"\",\"focal_length\":\"0\",\"iso\":\"0\",\"shutter_speed\":\"0\",\"title\":\"\",\"orientation\":\"0\"}' data-image-title=\"Tarc\u00edsio de Freitas\" data-image-description=\"\" data-image-caption=\"&lt;p&gt;O governador de S\u00e3o Paulo, Tarc\u00edsio de Freitas (Republicanos), em cerim\u00f4nia de assinatura de pagamento de subs\u00eddios habitacionais (Foto: M\u00f4nica Andrade\/Governo do Estado de SP)&lt;\/p&gt;\n\" data-medium-file=\"https:\/\/www.infomoney.com.br\/wp-content\/uploads\/2023\/07\/52907524710_bc71563eb1_c.jpg?fit=300%2C201&amp;quality=70&amp;strip=all\" data-large-file=\"https:\/\/www.infomoney.com.br\/wp-content\/uploads\/2023\/07\/52907524710_bc71563eb1_c.jpg?fit=799%2C534&amp;quality=70&amp;strip=all\">Modelo \u00e9 parecido com o usado pelos presidentes Michel Temer e Jair Bolsonaro para privatizar a BR Distribuidora (atual Vibra Energia) e a Eletrobras<\/p>\n<p>The post <a rel=\"nofollow\" href=\"https:\/\/www.infomoney.com.br\/politica\/privatizacao-da-sabesp-projeto-de-lei-follow-on-golden-share-veja-detalhes\/\">Privatiza\u00e7\u00e3o da Sabesp ser\u00e1 por follow-on e prev\u00ea golden share do governo; veja detalhes<\/a> appeared first on <a rel=\"nofollow\" href=\"https:\/\/www.infomoney.com.br\/\">InfoMoney<\/a>.<\/p>\n","protected":false},"author":53,"featured_media":0,"comment_status":"closed","ping_status":"closed","sticky":false,"template":"","format":"standard","meta":{"advgb_blocks_editor_width":"","advgb_blocks_columns_visual_guide":"","footnotes":""},"categories":[34,127,444,47,365,423,424,367],"tags":[35],"class_list":["post-39219","post","type-post","status-publish","format-standard","hentry","category-g1","category-mercados","category-minhas-financas","category-politica","category-privatizacao","category-sabesp","category-sao-paulo","category-tarcisio-de-freitas","tag-g1"],"author_meta":{"display_name":"Lucas Sampaio","author_link":"https:\/\/sindaopcpb.org.br\/author\/lucas-sampaio\/"},"featured_img":null,"coauthors":[],"tax_additional":{"categories":{"linked":["<a href=\"https:\/\/sindaopcpb.org.br\/g1\/\" class=\"advgb-post-tax-term\">G1<\/a>","<a href=\"https:\/\/sindaopcpb.org.br\/mercados\/\" class=\"advgb-post-tax-term\">Mercados<\/a>","<a href=\"https:\/\/sindaopcpb.org.br\/minhas-financas\/\" class=\"advgb-post-tax-term\">Minhas Finan\u00e7as<\/a>","<a href=\"https:\/\/sindaopcpb.org.br\/politica\/\" class=\"advgb-post-tax-term\">POLITICA<\/a>","<a href=\"https:\/\/sindaopcpb.org.br\/privatizacao\/\" class=\"advgb-post-tax-term\">Privatiza\u00e7\u00e3o<\/a>","<a href=\"https:\/\/sindaopcpb.org.br\/sabesp\/\" class=\"advgb-post-tax-term\">Sabesp<\/a>","<a href=\"https:\/\/sindaopcpb.org.br\/sao-paulo\/\" class=\"advgb-post-tax-term\">S\u00e3o Paulo<\/a>","<a href=\"https:\/\/sindaopcpb.org.br\/tarcisio-de-freitas\/\" class=\"advgb-post-tax-term\">Tarc\u00edsio de Freitas<\/a>"],"unlinked":["<span class=\"advgb-post-tax-term\">G1<\/span>","<span class=\"advgb-post-tax-term\">Mercados<\/span>","<span class=\"advgb-post-tax-term\">Minhas Finan\u00e7as<\/span>","<span class=\"advgb-post-tax-term\">POLITICA<\/span>","<span class=\"advgb-post-tax-term\">Privatiza\u00e7\u00e3o<\/span>","<span class=\"advgb-post-tax-term\">Sabesp<\/span>","<span class=\"advgb-post-tax-term\">S\u00e3o Paulo<\/span>","<span class=\"advgb-post-tax-term\">Tarc\u00edsio de Freitas<\/span>"]},"tags":{"linked":["<a href=\"https:\/\/sindaopcpb.org.br\/tarcisio-de-freitas\/\" class=\"advgb-post-tax-term\">g1<\/a>"],"unlinked":["<span class=\"advgb-post-tax-term\">g1<\/span>"]}},"comment_count":"0","relative_dates":{"created":"Publicado 3 anos atr\u00e1s","modified":"Atualizado 3 anos atr\u00e1s"},"absolute_dates":{"created":"Publicado em 17 de outubro de 2023","modified":"Atualizado em 17 de outubro de 2023"},"absolute_dates_time":{"created":"Publicado em 17 de outubro de 2023 19:10","modified":"Atualizado em 17 de outubro de 2023 19:10"},"featured_img_caption":"","series_order":"","_links":{"self":[{"href":"https:\/\/sindaopcpb.org.br\/index.php\/wp-json\/wp\/v2\/posts\/39219","targetHints":{"allow":["GET"]}}],"collection":[{"href":"https:\/\/sindaopcpb.org.br\/index.php\/wp-json\/wp\/v2\/posts"}],"about":[{"href":"https:\/\/sindaopcpb.org.br\/index.php\/wp-json\/wp\/v2\/types\/post"}],"author":[{"embeddable":true,"href":"https:\/\/sindaopcpb.org.br\/index.php\/wp-json\/wp\/v2\/users\/53"}],"replies":[{"embeddable":true,"href":"https:\/\/sindaopcpb.org.br\/index.php\/wp-json\/wp\/v2\/comments?post=39219"}],"version-history":[{"count":4,"href":"https:\/\/sindaopcpb.org.br\/index.php\/wp-json\/wp\/v2\/posts\/39219\/revisions"}],"predecessor-version":[{"id":39270,"href":"https:\/\/sindaopcpb.org.br\/index.php\/wp-json\/wp\/v2\/posts\/39219\/revisions\/39270"}],"wp:attachment":[{"href":"https:\/\/sindaopcpb.org.br\/index.php\/wp-json\/wp\/v2\/media?parent=39219"}],"wp:term":[{"taxonomy":"category","embeddable":true,"href":"https:\/\/sindaopcpb.org.br\/index.php\/wp-json\/wp\/v2\/categories?post=39219"},{"taxonomy":"post_tag","embeddable":true,"href":"https:\/\/sindaopcpb.org.br\/index.php\/wp-json\/wp\/v2\/tags?post=39219"}],"curies":[{"name":"wp","href":"https:\/\/api.w.org\/{rel}","templated":true}]}}