{"id":39201,"date":"2023-10-17T17:20:00","date_gmt":"2023-10-17T20:20:00","guid":{"rendered":"https:\/\/www.infomoney.com.br\/?p=2270904"},"modified":"2023-10-17T17:20:00","modified_gmt":"2023-10-17T20:20:00","slug":"oposicao-reclama-de-manobra-de-tarcisio-que-tenta-privatizar-sabesp-via-pl-e-nao-pec","status":"publish","type":"post","link":"https:\/\/sindaopcpb.org.br\/index.php\/2023\/10\/17\/oposicao-reclama-de-manobra-de-tarcisio-que-tenta-privatizar-sabesp-via-pl-e-nao-pec\/","title":{"rendered":"Oposi\u00e7\u00e3o reclama de \u2018manobra\u2019 de Tarc\u00edsio, que tenta privatizar Sabesp via PL, e n\u00e3o PEC"},"content":{"rendered":"<p><img loading=\"lazy\" width=\"300\" height=\"197\" src=\"https:\/\/www.infomoney.com.br\/wp-content\/uploads\/2019\/06\/tarcisio-gomes-de-freitas-.jpg?fit=300%2C197&amp;quality=70&amp;strip=all\" class=\"attachment-medium size-medium wp-post-image\" alt=\"\" decoding=\"async\" style=\"float:right; margin:0 0 10px 10px;\" srcset=\"https:\/\/www.infomoney.com.br\/wp-content\/uploads\/2019\/06\/tarcisio-gomes-de-freitas-.jpg?w=900&amp;quality=70&amp;strip=all 900w, https:\/\/www.infomoney.com.br\/wp-content\/uploads\/2019\/06\/tarcisio-gomes-de-freitas-.jpg?w=300&amp;quality=70&amp;strip=all 300w, https:\/\/www.infomoney.com.br\/wp-content\/uploads\/2019\/06\/tarcisio-gomes-de-freitas-.jpg?w=768&amp;quality=70&amp;strip=all 768w, https:\/\/www.infomoney.com.br\/wp-content\/uploads\/2019\/06\/tarcisio-gomes-de-freitas-.jpg?w=150&amp;quality=70&amp;strip=all 150w\" sizes=\"auto, (max-width: 300px) 100vw, 300px\" data-attachment-id=\"54745\" data-permalink=\"https:\/\/www.infomoney.com.br\/?attachment_id=54745\" data-orig-file=\"https:\/\/www.infomoney.com.br\/wp-content\/uploads\/2019\/06\/tarcisio-gomes-de-freitas-.jpg?fit=900%2C590&amp;quality=70&amp;strip=all\" data-orig-size=\"900,590\" data-comments-opened=\"1\" data-image-meta=\"{&quot;aperture&quot;:&quot;0&quot;,&quot;credit&quot;:&quot;&quot;,&quot;camera&quot;:&quot;&quot;,&quot;caption&quot;:&quot;&quot;,&quot;created_timestamp&quot;:&quot;0&quot;,&quot;copyright&quot;:&quot;&quot;,&quot;focal_length&quot;:&quot;0&quot;,&quot;iso&quot;:&quot;0&quot;,&quot;shutter_speed&quot;:&quot;0&quot;,&quot;title&quot;:&quot;&quot;,&quot;orientation&quot;:&quot;0&quot;}\" data-image-title=\"tarcisio-gomes-de-freitas-\" data-image-description=\"\" data-image-caption=\"\" data-medium-file=\"https:\/\/www.infomoney.com.br\/wp-content\/uploads\/2019\/06\/tarcisio-gomes-de-freitas-.jpg?fit=300%2C197&amp;quality=70&amp;strip=all\" data-large-file=\"https:\/\/www.infomoney.com.br\/wp-content\/uploads\/2019\/06\/tarcisio-gomes-de-freitas-.jpg?fit=900%2C590&amp;quality=70&amp;strip=all\" title=\"\"><\/p>\n<p>Ainda sem acesso ao projeto de lei (PL) da privatiza&ccedil;&atilde;o da Sabesp &ndash; que o governador de S&atilde;o Paulo, Tarc&iacute;sio de Freitas (Republicanos), apresentou &agrave; sua base na manh&atilde; desta ter&ccedil;a-feira -, a oposi&ccedil;&atilde;o j&aacute; prepara seu primeiro argumento contra o texto: &ldquo;Por que um PL, e n&atilde;o uma PEC?&rdquo;, questiona o deputado estadual Em&iacute;dio de Souza (PT).<\/p>\n<p>Em&iacute;dio, que liderou a Frente Parlamentar contra a Privatiza&ccedil;&atilde;o da Sabesp, reclama que Tarc&iacute;sio organizou uma &ldquo;manobra&rdquo; para que o texto seja votado como um projeto de lei, que exige um qu&oacute;rum de 48 deputados, enquanto uma PEC demandaria 57 parlamentares.<\/p>\n<p>&ldquo;Para ele, &eacute; bem mais f&aacute;cil&rdquo;, disse o deputado ao <i>Broadcast Pol&iacute;tico<\/i> (sistema de not&iacute;cias em tempo real do Grupo Estado), sobre a possibilidade de aprova&ccedil;&atilde;o do projeto se tramitar nos moldes preferidos pelo governador.<\/p>\n<p>Em&iacute;dio, no entanto, deixa claro que a Constitui&ccedil;&atilde;o do Estado &ldquo;fixa expressamente que o servi&ccedil;o de &aacute;gua esgoto ser&aacute; executado por empresa p&uacute;blica de saneamento&rdquo;, sendo que qualquer mudan&ccedil;a referente a isso deveria ser revista via PEC.<\/p>\n<p>Tarc&iacute;sio pretende enviar o texto &agrave; Alesp, em regime de urg&ecirc;ncia, ainda nesta ter&ccedil;a-feira, depois do encontro com os parlamentares.<\/p>\n<p>A expectativa do governo &eacute; que a privatiza&ccedil;&atilde;o da Sabesp seja aprovada ainda em 2023 na Casa. Com isso, o processo de desestatiza&ccedil;&atilde;o teria in&iacute;cio j&aacute; no in&iacute;cio de 2024.<\/p>\n<p>Em agosto, o governo anunciou a escolha do modelo de <i>follow-on<\/i>, oferta subsequente de a&ccedil;&otilde;es, para a privatiza&ccedil;&atilde;o.<\/p>\n<p>Para isso, &eacute; necess&aacute;ria a autoriza&ccedil;&atilde;o da Alesp para se desfazer da fatia societ&aacute;ria que torna o Estado acionista majorit&aacute;rio na empresa. O Estado de S&atilde;o Paulo, hoje, det&eacute;m 50,3% das a&ccedil;&otilde;es da Sabesp.<\/p>\n<p>Se aprovado o projeto, o Estado dever&aacute; seguir como acionista minorit&aacute;rio. A nova participa&ccedil;&atilde;o estatal na companhia, ainda n&atilde;o definida, foi mais um ponto de aten&ccedil;&atilde;o citado por investidores, que temem n&atilde;o ter uma voz ativa em decis&otilde;es-chave ap&oacute;s a privatiza&ccedil;&atilde;o.<\/p>\n<\/p>\n<div class=\"cta-end\">\n<div class=\"im-cta\" >\n<div class=\"im-shortcode-forms bg-light bg-opacity-25 border rounded-4 p-3 p-sm-4 p-md-3 p-lg-4 px-xxl-5 my-5\" data-configuration='{\"form_name\":false,\"form_hat\":\"Newsletter\",\"form_email\":true,\"form_icon\":\"newsletter\",\"form_phone\":false,\"form_campaign\":\"NIM\",\"form_thankyou\":\"\",\"form_journey\":\"APIEvent-26a5198d-8e09-06ef-5f80-cd9127757ad1\",\"form_button\":\"Quero receber\",\"form_context\":\"newsletter\",\"form_origin\":\"https:\\\/\\\/www.infomoney.com.br\\\/politica\\\/feed\\\/?utm_medium=materia&#038;utm_source=infomoney&#038;utm_campaign=NIM&#038;utm_term=politica&#038;utm_content=newsletter\",\"form_position\":\"final\",\"form_category\":\"cta_form\"}'>\n<div class=\"d-flex flex-column align-items-center align-items-lg-start mb-4 flex-lg-row\">\n<div class=\"rounded-circle mb-2 mb-lg-0 mr-lg-4 me-lg-4 p-3 p-lg-4 bg-blue-400\"><svg width=\"40\" height=\"40\" viewBox=\"0 0 40 40\" fill=\"none\" xmlns=\"http:\/\/www.w3.org\/2000\/svg\"><path d=\"M20 20.25 6.042 11.042v19.041c0 .167.048.299.146.396a.535.535 0 0 0 .395.146h15.792V32.5H6.583a2.328 2.328 0 0 1-1.708-.708 2.328 2.328 0 0 1-.708-1.709V9.917c0-.667.236-1.236.708-1.709A2.328 2.328 0 0 1 6.583 7.5h26.834c.666 0 1.236.236 1.708.708a2.33 2.33 0 0 1 .708 1.709v12.458h-1.875V11.042L20 20.25Zm0-2 13.667-8.875H6.333L20 18.25Zm11.75 18.958-1.292-1.333 3.334-3.375h-9v-1.875h9l-3.375-3.417 1.333-1.291 5.667 5.625-5.667 5.666ZM6.042 11.042v20.791-9.458.25-13.25 1.667Z\" fill=\"#fff\"\/><\/svg><\/div>\n<div class=\"flex-fill text-center text-lg-left\">\n<div class=\"h6 small text-orange-700 lh-base mb-1\">Newsletter<\/div>\n<div class=\"text-body h4 m-0\">Infomorning<\/div>\n<div class=\"text-body small lh-base mt-2\">Receba no seu e-mail logo pela manh&atilde; as not&iacute;cias que v&atilde;o mexer com os mercados, com os seus investimentos e o seu bolso durante o dia<\/div>\n<\/div>\n<\/div>\n<\/div>\n<\/div>\n<\/div>\n<p>The post <a rel=\"nofollow noopener\" href=\"https:\/\/www.infomoney.com.br\/politica\/oposicao-reclama-de-manobra-de-tarcisio-que-tenta-privatizar-sabesp-via-pl-e-nao-pec\/\" target=\"_blank\">Oposi\u00e7\u00e3o reclama de &#8216;manobra&#8217; de Tarc\u00edsio, que tenta privatizar Sabesp via PL, e n\u00e3o PEC<\/a> appeared first on <a rel=\"nofollow noopener\" href=\"https:\/\/www.infomoney.com.br\/\" target=\"_blank\">InfoMoney<\/a>.<\/p>\n","protected":false},"excerpt":{"rendered":"<p><img loading=\"lazy\" decoding=\"async\" width=\"300\" height=\"197\" src=\"https:\/\/www.infomoney.com.br\/wp-content\/uploads\/2019\/06\/tarcisio-gomes-de-freitas-.jpg?fit=300%2C197&amp;quality=70&amp;strip=all\" class=\"attachment-medium size-medium wp-post-image\" alt=\"\" data-attachment-id=\"54745\" data-permalink=\"https:\/\/www.infomoney.com.br\/?attachment_id=54745\" data-orig-file=\"https:\/\/www.infomoney.com.br\/wp-content\/uploads\/2019\/06\/tarcisio-gomes-de-freitas-.jpg?fit=900%2C590&amp;quality=70&amp;strip=all\" data-orig-size=\"900,590\" data-comments-opened=\"1\" data-image-meta='{\"aperture\":\"0\",\"credit\":\"\",\"camera\":\"\",\"caption\":\"\",\"created_timestamp\":\"0\",\"copyright\":\"\",\"focal_length\":\"0\",\"iso\":\"0\",\"shutter_speed\":\"0\",\"title\":\"\",\"orientation\":\"0\"}' data-image-title=\"tarcisio-gomes-de-freitas-\" data-image-description=\"\" data-image-caption=\"\" data-medium-file=\"https:\/\/www.infomoney.com.br\/wp-content\/uploads\/2019\/06\/tarcisio-gomes-de-freitas-.jpg?fit=300%2C197&amp;quality=70&amp;strip=all\" data-large-file=\"https:\/\/www.infomoney.com.br\/wp-content\/uploads\/2019\/06\/tarcisio-gomes-de-freitas-.jpg?fit=900%2C590&amp;quality=70&amp;strip=all\">Em\u00eddio Souza aponta que a Constitui\u00e7\u00e3o do Estado &#8220;fixa expressamente que o servi\u00e7o de \u00e1gua esgoto ser\u00e1 executado por empresa p\u00fablica de saneamento&#8221;<\/p>\n<p>The post <a rel=\"nofollow\" href=\"https:\/\/www.infomoney.com.br\/politica\/oposicao-reclama-de-manobra-de-tarcisio-que-tenta-privatizar-sabesp-via-pl-e-nao-pec\/\">Oposi\u00e7\u00e3o reclama de \u2018manobra\u2019 de Tarc\u00edsio, que tenta privatizar Sabesp via PL, e n\u00e3o PEC<\/a> appeared first on <a rel=\"nofollow\" href=\"https:\/\/www.infomoney.com.br\/\">InfoMoney<\/a>.<\/p>\n","protected":false},"author":43,"featured_media":0,"comment_status":"closed","ping_status":"closed","sticky":false,"template":"","format":"standard","meta":{"advgb_blocks_editor_width":"","advgb_blocks_columns_visual_guide":"","footnotes":""},"categories":[8595,34,47,365,423,367],"tags":[35],"class_list":["post-39201","post","type-post","status-publish","format-standard","hentry","category-alesp","category-g1","category-politica","category-privatizacao","category-sabesp","category-tarcisio-de-freitas","tag-g1"],"author_meta":{"display_name":"Estad\u00e3o Conte\u00fado","author_link":"https:\/\/sindaopcpb.org.br\/author\/estadao-conteudo\/"},"featured_img":null,"coauthors":[],"tax_additional":{"categories":{"linked":["<a href=\"https:\/\/sindaopcpb.org.br\/alesp\/\" class=\"advgb-post-tax-term\">Alesp<\/a>","<a href=\"https:\/\/sindaopcpb.org.br\/g1\/\" class=\"advgb-post-tax-term\">G1<\/a>","<a href=\"https:\/\/sindaopcpb.org.br\/politica\/\" class=\"advgb-post-tax-term\">POLITICA<\/a>","<a href=\"https:\/\/sindaopcpb.org.br\/privatizacao\/\" class=\"advgb-post-tax-term\">Privatiza\u00e7\u00e3o<\/a>","<a href=\"https:\/\/sindaopcpb.org.br\/sabesp\/\" class=\"advgb-post-tax-term\">Sabesp<\/a>","<a href=\"https:\/\/sindaopcpb.org.br\/tarcisio-de-freitas\/\" class=\"advgb-post-tax-term\">Tarc\u00edsio de Freitas<\/a>"],"unlinked":["<span class=\"advgb-post-tax-term\">Alesp<\/span>","<span class=\"advgb-post-tax-term\">G1<\/span>","<span class=\"advgb-post-tax-term\">POLITICA<\/span>","<span class=\"advgb-post-tax-term\">Privatiza\u00e7\u00e3o<\/span>","<span class=\"advgb-post-tax-term\">Sabesp<\/span>","<span class=\"advgb-post-tax-term\">Tarc\u00edsio de Freitas<\/span>"]},"tags":{"linked":["<a href=\"https:\/\/sindaopcpb.org.br\/tarcisio-de-freitas\/\" class=\"advgb-post-tax-term\">g1<\/a>"],"unlinked":["<span class=\"advgb-post-tax-term\">g1<\/span>"]}},"comment_count":"0","relative_dates":{"created":"Publicado 3 anos atr\u00e1s","modified":"Atualizado 3 anos atr\u00e1s"},"absolute_dates":{"created":"Publicado em 17 de outubro de 2023","modified":"Atualizado em 17 de outubro de 2023"},"absolute_dates_time":{"created":"Publicado em 17 de outubro de 2023 17:20","modified":"Atualizado em 17 de outubro de 2023 17:20"},"featured_img_caption":"","series_order":"","_links":{"self":[{"href":"https:\/\/sindaopcpb.org.br\/index.php\/wp-json\/wp\/v2\/posts\/39201","targetHints":{"allow":["GET"]}}],"collection":[{"href":"https:\/\/sindaopcpb.org.br\/index.php\/wp-json\/wp\/v2\/posts"}],"about":[{"href":"https:\/\/sindaopcpb.org.br\/index.php\/wp-json\/wp\/v2\/types\/post"}],"author":[{"embeddable":true,"href":"https:\/\/sindaopcpb.org.br\/index.php\/wp-json\/wp\/v2\/users\/43"}],"replies":[{"embeddable":true,"href":"https:\/\/sindaopcpb.org.br\/index.php\/wp-json\/wp\/v2\/comments?post=39201"}],"version-history":[{"count":1,"href":"https:\/\/sindaopcpb.org.br\/index.php\/wp-json\/wp\/v2\/posts\/39201\/revisions"}],"predecessor-version":[{"id":39202,"href":"https:\/\/sindaopcpb.org.br\/index.php\/wp-json\/wp\/v2\/posts\/39201\/revisions\/39202"}],"wp:attachment":[{"href":"https:\/\/sindaopcpb.org.br\/index.php\/wp-json\/wp\/v2\/media?parent=39201"}],"wp:term":[{"taxonomy":"category","embeddable":true,"href":"https:\/\/sindaopcpb.org.br\/index.php\/wp-json\/wp\/v2\/categories?post=39201"},{"taxonomy":"post_tag","embeddable":true,"href":"https:\/\/sindaopcpb.org.br\/index.php\/wp-json\/wp\/v2\/tags?post=39201"}],"curies":[{"name":"wp","href":"https:\/\/api.w.org\/{rel}","templated":true}]}}