{"id":39188,"date":"2023-10-17T15:45:49","date_gmt":"2023-10-17T18:45:49","guid":{"rendered":"https:\/\/wpa.wscom.com.br\/?p=928170"},"modified":"2023-10-17T15:45:49","modified_gmt":"2023-10-17T18:45:49","slug":"fausto-momente-e-o-novo-executivo-de-futebol-do-botafogo-pb","status":"publish","type":"post","link":"https:\/\/sindaopcpb.org.br\/index.php\/2023\/10\/17\/fausto-momente-e-o-novo-executivo-de-futebol-do-botafogo-pb\/","title":{"rendered":"Fausto Momente \u00e9 o novo Executivo de Futebol do Botafogo-PB"},"content":{"rendered":"<p><span>O ex-atacante Fausto Momente foi nomeado o novo Executivo de Futebol do Botafogo. Aos 42 anos, ele esteve anteriormente em Manaus, onde atuou como Diretor Executivo de Futebol em 2021, e agora assume o cargo no clube pessoense com a responsabilidade de contribuir para a forma\u00e7\u00e3o do elenco da temporada 2024.<\/span><\/p>\n<p><span>Anteriormente, Fausto Momente ocupou o cargo de Diretor Executivo na Linense durante o per\u00edodo de 2014 a 2018, desempenhando um papel essencial na montagem e gest\u00e3o do elenco durante esses anos. Entre 2018 e 2020, ele trabalhou no Athletico-PR, desempenhando diversas fun\u00e7\u00f5es, incluindo L\u00edder de Escotismo, Analista de Mercado e Montagem de Elenco na Forma\u00e7\u00e3o e Profissional. <\/span><span>Em 2021, passou pelo Coritiba como Coordenador de Alto Rendimento, onde tamb\u00e9m contribuiu para a montagem do Elenco Profissional. Al\u00e9m disso, Fausto Momente teve a experi\u00eancia de atuar como CEO do Inter de Limeira-SP.<\/span><\/p>\n<p><span>No campo esportivo, Fausto teve uma passagem significativa pelo Botafogo, sendo parte do Campe\u00e3o Brasileiro da S\u00e9rie D de 2013. Durante sua passagem, ele marcou 4 gols em 13 jogos.<\/span><\/p>\n<p>O post <a rel=\"nofollow noopener\" href=\"https:\/\/wscom.com.br\/fausto-momente-e-o-novo-executivo-de-futebol-do-botafogo-pb\/\" target=\"_blank\">Fausto Momente \u00e9 o novo Executivo de Futebol do Botafogo-PB<\/a> apareceu primeiro em <a rel=\"nofollow noopener\" href=\"https:\/\/wscom.com.br\/\" target=\"_blank\">WSCOM<\/a>.<\/p>\n","protected":false},"excerpt":{"rendered":"<p>O ex-atacante Fausto Momente foi nomeado o novo Executivo de Futebol do Botafogo. Aos 42 anos, ele esteve anteriormente em Manaus, onde atuou como Diretor Executivo de Futebol em 2021, e agora assume o cargo no clube pessoense com a responsabilidade de contribuir para a forma\u00e7\u00e3o do elenco da temporada 2024. Anteriormente, Fausto Momente ocupou [\u2026]<\/p>\n<p>O post <a rel=\"nofollow\" href=\"https:\/\/wscom.com.br\/fausto-momente-e-o-novo-executivo-de-futebol-do-botafogo-pb\/\">Fausto Momente \u00e9 o novo Executivo de Futebol do Botafogo-PB<\/a> apareceu primeiro em <a rel=\"nofollow\" href=\"https:\/\/wscom.com.br\/\">WSCOM<\/a>.<\/p>\n","protected":false},"author":49,"featured_media":0,"comment_status":"closed","ping_status":"closed","sticky":false,"template":"","format":"standard","meta":{"advgb_blocks_editor_width":"","advgb_blocks_columns_visual_guide":"","footnotes":""},"categories":[156,207,10223,10224,79,34],"tags":[35],"class_list":["post-39188","post","type-post","status-publish","format-standard","hentry","category-botafogo-pb","category-esporte","category-executivo-de-futebol","category-fausto-momente","category-futebol","category-g1","tag-g1"],"author_meta":{"display_name":"Cristiane Cavalcante","author_link":"https:\/\/sindaopcpb.org.br\/author\/cristiane-cavalcante\/"},"featured_img":null,"coauthors":[],"tax_additional":{"categories":{"linked":["<a href=\"https:\/\/sindaopcpb.org.br\/botafogo-pb\/\" class=\"advgb-post-tax-term\">Botafogo-PB<\/a>","<a href=\"https:\/\/sindaopcpb.org.br\/esporte\/\" class=\"advgb-post-tax-term\">Esporte<\/a>","<a href=\"https:\/\/sindaopcpb.org.br\/executivo-de-futebol\/\" class=\"advgb-post-tax-term\">executivo de futebol<\/a>","<a href=\"https:\/\/sindaopcpb.org.br\/fausto-momente\/\" class=\"advgb-post-tax-term\">Fausto Momente<\/a>","<a href=\"https:\/\/sindaopcpb.org.br\/futebol\/\" class=\"advgb-post-tax-term\">Futebol<\/a>","<a href=\"https:\/\/sindaopcpb.org.br\/g1\/\" class=\"advgb-post-tax-term\">G1<\/a>"],"unlinked":["<span class=\"advgb-post-tax-term\">Botafogo-PB<\/span>","<span class=\"advgb-post-tax-term\">Esporte<\/span>","<span class=\"advgb-post-tax-term\">executivo de futebol<\/span>","<span class=\"advgb-post-tax-term\">Fausto Momente<\/span>","<span class=\"advgb-post-tax-term\">Futebol<\/span>","<span class=\"advgb-post-tax-term\">G1<\/span>"]},"tags":{"linked":["<a href=\"https:\/\/sindaopcpb.org.br\/g1\/\" class=\"advgb-post-tax-term\">g1<\/a>"],"unlinked":["<span class=\"advgb-post-tax-term\">g1<\/span>"]}},"comment_count":"0","relative_dates":{"created":"Publicado 3 anos atr\u00e1s","modified":"Atualizado 3 anos atr\u00e1s"},"absolute_dates":{"created":"Publicado em 17 de outubro de 2023","modified":"Atualizado em 17 de outubro de 2023"},"absolute_dates_time":{"created":"Publicado em 17 de outubro de 2023 15:45","modified":"Atualizado em 17 de outubro de 2023 15:45"},"featured_img_caption":"","series_order":"","_links":{"self":[{"href":"https:\/\/sindaopcpb.org.br\/index.php\/wp-json\/wp\/v2\/posts\/39188","targetHints":{"allow":["GET"]}}],"collection":[{"href":"https:\/\/sindaopcpb.org.br\/index.php\/wp-json\/wp\/v2\/posts"}],"about":[{"href":"https:\/\/sindaopcpb.org.br\/index.php\/wp-json\/wp\/v2\/types\/post"}],"author":[{"embeddable":true,"href":"https:\/\/sindaopcpb.org.br\/index.php\/wp-json\/wp\/v2\/users\/49"}],"replies":[{"embeddable":true,"href":"https:\/\/sindaopcpb.org.br\/index.php\/wp-json\/wp\/v2\/comments?post=39188"}],"version-history":[{"count":1,"href":"https:\/\/sindaopcpb.org.br\/index.php\/wp-json\/wp\/v2\/posts\/39188\/revisions"}],"predecessor-version":[{"id":39189,"href":"https:\/\/sindaopcpb.org.br\/index.php\/wp-json\/wp\/v2\/posts\/39188\/revisions\/39189"}],"wp:attachment":[{"href":"https:\/\/sindaopcpb.org.br\/index.php\/wp-json\/wp\/v2\/media?parent=39188"}],"wp:term":[{"taxonomy":"category","embeddable":true,"href":"https:\/\/sindaopcpb.org.br\/index.php\/wp-json\/wp\/v2\/categories?post=39188"},{"taxonomy":"post_tag","embeddable":true,"href":"https:\/\/sindaopcpb.org.br\/index.php\/wp-json\/wp\/v2\/tags?post=39188"}],"curies":[{"name":"wp","href":"https:\/\/api.w.org\/{rel}","templated":true}]}}