{"id":39178,"date":"2023-10-17T15:16:49","date_gmt":"2023-10-17T18:16:49","guid":{"rendered":"https:\/\/g1.globo.com\/pb\/paraiba\/especial-publicitario\/endor-endometriose-e-dor-cronica\/noticia\/2023\/10\/17\/dia-mundial-de-combate-a-dor-e-comemorado-em-outubro.ghtml"},"modified":"2023-10-17T15:16:49","modified_gmt":"2023-10-17T18:16:49","slug":"dia-mundial-de-combate-a-dor-e-comemorado-em-outubro","status":"publish","type":"post","link":"https:\/\/sindaopcpb.org.br\/index.php\/2023\/10\/17\/dia-mundial-de-combate-a-dor-e-comemorado-em-outubro\/","title":{"rendered":"Dia Mundial de Combate \u00e0 Dor \u00e9 comemorado em outubro"},"content":{"rendered":"   <img src=\"https:\/\/s2.glbimg.com\/7uG-lYSY3L67ewCc7rh6kz-YSI0=\/i.s3.glbimg.com\/v1\/AUTH_59edd422c0c84a879bd37670ae4f538a\/internal_photos\/bs\/2023\/o\/U\/o9BMq6SeeHIrflRDxi3A\/imagem1.jpg\" \/><br \/>     M\u00e9dico da dor Humberto Arcoverde fala sobre as doen\u00e7as mais comuns e como tratar problemas cr\u00f4nicos. Praticar exerc\u00edcios f\u00edsicos ajuda a evitar surgimento de dores cr\u00f4nicas\nFreepik.\nConhecido como m\u00eas de conscientiza\u00e7\u00e3o sobre o c\u00e2ncer de mama, outubro reserva outra pauta muito importante. Nesta ter\u00e7a-feira (17), celebra-se o Dia Mundial de Combate \u00e0 Dor. O assunto \u00e9 uma quest\u00e3o de sa\u00fade p\u00fablica: estima-se que entre 20% a 40% da popula\u00e7\u00e3o mundial sofre com dores cr\u00f4nicas em algum momento da vida. No Brasil, cerca de 37% dos habitantes j\u00e1 foram diagnosticados com o problema.\nO m\u00e9dico Humberto Arcoverde, especialista no tratamento da dor, explica que h\u00e1 fatores claros para diferenciar as dores cr\u00f4nicas e agudas. \"A dor aguda \u00e9 mais intensa e est\u00e1 relacionada a um sintoma de que algo aconteceu com nosso corpo, como se ele estivesse sendo ferido de alguma forma. Essa dor desaparece com o tempo de cicatriza\u00e7\u00e3o de um ferimento ou cura de uma doen\u00e7a. J\u00e1 a dor cr\u00f4nica \u00e9 uma dor que perdura por semanas ou mesmo ap\u00f3s a resolu\u00e7\u00e3o de algum quadro cl\u00ednico\", aponta.\nO especialista orienta que pacientes fiquem atentos aos sinais enviados pelo pr\u00f3prio organismo. \"Quando a dor n\u00e3o passa com o uso de analg\u00e9sicos simples, como o paracetamol e a dipirona, e se tornam constantes, inclusive na forma de choque, queima\u00e7\u00e3o ou formigamento, \u00e9 hora de procurar um m\u00e9dico\", alerta. \nConforme o especialista, as dores cr\u00f4nicas mais comuns s\u00e3o enxaquecas, lombalgias, artroses, neuropatia diab\u00e9tica, fibromialgia e doen\u00e7as ocupacionais (relacionadas ao trabalho). O m\u00e9dico aponta que algumas dessas doen\u00e7as podem surgir em qualquer fase da vida, enquanto outras s\u00e3o mais comuns em determinadas faixas et\u00e1rias. \n\"Dos 29 aos 55 anos, geralmente surgem as doen\u00e7as ocupacionais, causadas por les\u00f5es por esfor\u00e7o repetitivo e m\u00e1 postura. Em um segundo momento, ocorrem as dores degenerativas, causadas por artroses e deteriora\u00e7\u00f5es na coluna\", detalha.\nAl\u00e9m disso, ainda existem as dores cr\u00f4nicas relacionadas ao c\u00e2ncer e ao diabetes. \"O paciente n\u00e3o deve se culpar pelo aparecimento da dor cr\u00f4nica. \u00c9 necess\u00e1rio que o foco seja voltado a h\u00e1bitos que evitem ou minimizem as dores, como a pr\u00e1tica de exerc\u00edcio f\u00edsico e fisioterapia, a manuten\u00e7\u00e3o do peso na faixa saud\u00e1vel e uma alimenta\u00e7\u00e3o balanceada. Tamb\u00e9m \u00e9 recomendado que o paciente n\u00e3o fume, nem consuma bebidas alco\u00f3licas\", ressalta Humberto.\nEle ainda destaca que, em muitos casos, \u00e9 importante procurar um especialista em dor para fazer um tratamento ainda mais amplo e resgatar a qualidade de vida do paciente. \"Quando a dor se torna cr\u00f4nica, existem m\u00e9todos medicamentosos que demandam todo cuidado e um m\u00e9dico especialista no tratamento da dor sabe iniciar os tratamentos de forma efetiva, evitando os efeitos colaterais, valendo-se de uma polifarm\u00e1cia analg\u00e9sica. Utilizamos procedimentos minimamente invasivos e da neuromodula\u00e7\u00e3o\", argumenta.\nO tratamento de dores cr\u00f4nicas pode incluir diversas t\u00e9cnicas, como infiltra\u00e7\u00f5es guiadas por USG ou raio-x e procedimentos venosos ou com radiofrequ\u00eancia. \"S\u00e3o tratamentos minimamente invasivos, que ajudam, aliviam, controlam e reabilitam pacientes. Alguns deles sem cortes, fora do ambiente cir\u00fargico\", arremata o m\u00e9dico.\nMais d\u00favidas sobre o tratamento das dores cr\u00f4nicas podem podem ser esclarecidas no WhatsApp (83) 99400-3535, no Instagram ou site, clicando aqui.\nHumberto Arcoverde Viana Coelho - CRM-PB 7598  ","protected":false},"excerpt":{"rendered":"<p>        M\u00e9dico da dor Humberto Arcoverde fala sobre as doen\u00e7as mais comuns e como tratar problemas cr\u00f4nicos. Praticar exerc\u00edcios f\u00edsicos ajuda a evitar surgimento de dores cr\u00f4nicas<br \/>\nFreepik.<br \/>\nConhecido como m\u00eas de conscientiza\u00e7\u00e3o sobre o c\u00e2ncer de mama, &#8230;<\/p>\n","protected":false},"author":2,"featured_media":0,"comment_status":"closed","ping_status":"closed","sticky":false,"template":"","format":"standard","meta":{"advgb_blocks_editor_width":"","advgb_blocks_columns_visual_guide":"","footnotes":""},"categories":[34],"tags":[35],"class_list":["post-39178","post","type-post","status-publish","format-standard","hentry","category-g1","tag-g1"],"author_meta":{"display_name":"g1 &gt; Para\u00edba","author_link":"https:\/\/sindaopcpb.org.br\/author\/g1-paraiba\/"},"featured_img":null,"coauthors":[],"tax_additional":{"categories":{"linked":["<a href=\"https:\/\/sindaopcpb.org.br\/g1\/\" class=\"advgb-post-tax-term\">G1<\/a>"],"unlinked":["<span class=\"advgb-post-tax-term\">G1<\/span>"]},"tags":{"linked":["<a href=\"https:\/\/sindaopcpb.org.br\/g1\/\" class=\"advgb-post-tax-term\">g1<\/a>"],"unlinked":["<span class=\"advgb-post-tax-term\">g1<\/span>"]}},"comment_count":"0","relative_dates":{"created":"Publicado 3 anos atr\u00e1s","modified":"Atualizado 3 anos atr\u00e1s"},"absolute_dates":{"created":"Publicado em 17 de outubro de 2023","modified":"Atualizado em 17 de outubro de 2023"},"absolute_dates_time":{"created":"Publicado em 17 de outubro de 2023 15:16","modified":"Atualizado em 17 de outubro de 2023 15:16"},"featured_img_caption":"","series_order":"","_links":{"self":[{"href":"https:\/\/sindaopcpb.org.br\/index.php\/wp-json\/wp\/v2\/posts\/39178","targetHints":{"allow":["GET"]}}],"collection":[{"href":"https:\/\/sindaopcpb.org.br\/index.php\/wp-json\/wp\/v2\/posts"}],"about":[{"href":"https:\/\/sindaopcpb.org.br\/index.php\/wp-json\/wp\/v2\/types\/post"}],"author":[{"embeddable":true,"href":"https:\/\/sindaopcpb.org.br\/index.php\/wp-json\/wp\/v2\/users\/2"}],"replies":[{"embeddable":true,"href":"https:\/\/sindaopcpb.org.br\/index.php\/wp-json\/wp\/v2\/comments?post=39178"}],"version-history":[{"count":1,"href":"https:\/\/sindaopcpb.org.br\/index.php\/wp-json\/wp\/v2\/posts\/39178\/revisions"}],"predecessor-version":[{"id":39179,"href":"https:\/\/sindaopcpb.org.br\/index.php\/wp-json\/wp\/v2\/posts\/39178\/revisions\/39179"}],"wp:attachment":[{"href":"https:\/\/sindaopcpb.org.br\/index.php\/wp-json\/wp\/v2\/media?parent=39178"}],"wp:term":[{"taxonomy":"category","embeddable":true,"href":"https:\/\/sindaopcpb.org.br\/index.php\/wp-json\/wp\/v2\/categories?post=39178"},{"taxonomy":"post_tag","embeddable":true,"href":"https:\/\/sindaopcpb.org.br\/index.php\/wp-json\/wp\/v2\/tags?post=39178"}],"curies":[{"name":"wp","href":"https:\/\/api.w.org\/{rel}","templated":true}]}}