{"id":39167,"date":"2023-10-17T14:26:12","date_gmt":"2023-10-17T17:26:12","guid":{"rendered":"https:\/\/wpa.wscom.com.br\/?p=928159"},"modified":"2023-10-17T14:26:12","modified_gmt":"2023-10-17T17:26:12","slug":"vigilante-e-preso-sob-suspeita-de-abuso-sexual-contra-adolescente-em-creche-na-grande-joao-pessoa","status":"publish","type":"post","link":"https:\/\/sindaopcpb.org.br\/index.php\/2023\/10\/17\/vigilante-e-preso-sob-suspeita-de-abuso-sexual-contra-adolescente-em-creche-na-grande-joao-pessoa\/","title":{"rendered":"Vigilante \u00e9 preso sob suspeita de abuso sexual contra adolescente em creche, na Grande Jo\u00e3o Pessoa"},"content":{"rendered":"<p>Na manh\u00e3 desta ter\u00e7a-feira (17), a Pol\u00edcia Civil prendeu um homem de 50 anos suspeito de abusar sexualmente de uma menina de 13 anos em Santa Rita, Grande Jo\u00e3o Pessoa. O crime ocorreu dentro de uma creche do bairro Cicerol\u00e2ndia durante o feriado referente ao Dia do Professor, quando a institui\u00e7\u00e3o estava fechada.<\/p>\n<p>O crime foi descoberto ap\u00f3s den\u00fancia feita pela fam\u00edlia da v\u00edtima. A pol\u00edcia tem um v\u00eddeo que comprovaria os abusos cometidos. Os investigadores afirmam ainda que o seguran\u00e7a ofereceu dinheiro e presentes para induzir o adolescente a entrar na creche. Durante o depoimento prestado na presen\u00e7a de advogados, o homem negou o crime.<\/p>\n<p>Ap\u00f3s a den\u00fancia do caso, a Secretaria de Educa\u00e7\u00e3o do munic\u00edpio demitiu o funcion\u00e1rio. O \u00f3rg\u00e3o colocou toda a rede de apoio municipal, como Conselho Tutelar, Secretaria da Mulher, Secretaria de Sa\u00fade, Secretaria de Assist\u00eancia Social, entre outras, \u00e0 disposi\u00e7\u00e3o da adolescente e de sua fam\u00edlia. A Pol\u00edcia Civil vai investigar o caso.<\/p>\n<p>&nbsp;<\/p>\n<p>O post <a rel=\"nofollow noopener\" href=\"https:\/\/wscom.com.br\/vigilante-e-preso-sob-suspeita-de-abuso-sexual-contra-adolescente-em-creche-na-grande-joao-pessoa\/\" target=\"_blank\">Vigilante \u00e9 preso sob suspeita de abuso sexual contra adolescente em creche, na Grande Jo\u00e3o Pessoa<\/a> apareceu primeiro em <a rel=\"nofollow noopener\" href=\"https:\/\/wscom.com.br\/\" target=\"_blank\">WSCOM<\/a>.<\/p>\n","protected":false},"excerpt":{"rendered":"<p>Na manh\u00e3 desta ter\u00e7a-feira (17), a Pol\u00edcia Civil prendeu um homem de 50 anos suspeito de abusar sexualmente de uma menina de 13 anos em Santa Rita, Grande Jo\u00e3o Pessoa. O crime ocorreu dentro de uma creche do bairro Cicerol\u00e2ndia durante o feriado referente ao Dia do Professor, quando a institui\u00e7\u00e3o estava fechada. O crime [\u2026]<\/p>\n<p>O post <a rel=\"nofollow\" href=\"https:\/\/wscom.com.br\/vigilante-e-preso-sob-suspeita-de-abuso-sexual-contra-adolescente-em-creche-na-grande-joao-pessoa\/\">Vigilante \u00e9 preso sob suspeita de abuso sexual contra adolescente em creche, na Grande Jo\u00e3o Pessoa<\/a> apareceu primeiro em <a rel=\"nofollow\" href=\"https:\/\/wscom.com.br\/\">WSCOM<\/a>.<\/p>\n","protected":false},"author":49,"featured_media":0,"comment_status":"closed","ping_status":"closed","sticky":false,"template":"","format":"standard","meta":{"advgb_blocks_editor_width":"","advgb_blocks_columns_visual_guide":"","footnotes":""},"categories":[9848,34,767,66,384,10219],"tags":[35],"class_list":["post-39167","post","type-post","status-publish","format-standard","hentry","category-aliciamento-de-menor","category-g1","category-grande-joao-pessoa","category-policial","category-santa-rita","category-vigilante-de-creche","tag-g1"],"author_meta":{"display_name":"Cristiane Cavalcante","author_link":"https:\/\/sindaopcpb.org.br\/author\/cristiane-cavalcante\/"},"featured_img":null,"coauthors":[],"tax_additional":{"categories":{"linked":["<a href=\"https:\/\/sindaopcpb.org.br\/aliciamento-de-menor\/\" class=\"advgb-post-tax-term\">Aliciamento de menor<\/a>","<a href=\"https:\/\/sindaopcpb.org.br\/g1\/\" class=\"advgb-post-tax-term\">G1<\/a>","<a href=\"https:\/\/sindaopcpb.org.br\/grande-joao-pessoa\/\" class=\"advgb-post-tax-term\">grande joao pessoa<\/a>","<a href=\"https:\/\/sindaopcpb.org.br\/policial\/\" class=\"advgb-post-tax-term\">Policial<\/a>","<a href=\"https:\/\/sindaopcpb.org.br\/santa-rita\/\" class=\"advgb-post-tax-term\">santa rita<\/a>","<a href=\"https:\/\/sindaopcpb.org.br\/vigilante-de-creche\/\" class=\"advgb-post-tax-term\">vigilante de creche<\/a>"],"unlinked":["<span class=\"advgb-post-tax-term\">Aliciamento de menor<\/span>","<span class=\"advgb-post-tax-term\">G1<\/span>","<span class=\"advgb-post-tax-term\">grande joao pessoa<\/span>","<span class=\"advgb-post-tax-term\">Policial<\/span>","<span class=\"advgb-post-tax-term\">santa rita<\/span>","<span class=\"advgb-post-tax-term\">vigilante de creche<\/span>"]},"tags":{"linked":["<a href=\"https:\/\/sindaopcpb.org.br\/vigilante-de-creche\/\" class=\"advgb-post-tax-term\">g1<\/a>"],"unlinked":["<span class=\"advgb-post-tax-term\">g1<\/span>"]}},"comment_count":"0","relative_dates":{"created":"Publicado 3 anos atr\u00e1s","modified":"Atualizado 3 anos atr\u00e1s"},"absolute_dates":{"created":"Publicado em 17 de outubro de 2023","modified":"Atualizado em 17 de outubro de 2023"},"absolute_dates_time":{"created":"Publicado em 17 de outubro de 2023 14:26","modified":"Atualizado em 17 de outubro de 2023 14:26"},"featured_img_caption":"","series_order":"","_links":{"self":[{"href":"https:\/\/sindaopcpb.org.br\/index.php\/wp-json\/wp\/v2\/posts\/39167","targetHints":{"allow":["GET"]}}],"collection":[{"href":"https:\/\/sindaopcpb.org.br\/index.php\/wp-json\/wp\/v2\/posts"}],"about":[{"href":"https:\/\/sindaopcpb.org.br\/index.php\/wp-json\/wp\/v2\/types\/post"}],"author":[{"embeddable":true,"href":"https:\/\/sindaopcpb.org.br\/index.php\/wp-json\/wp\/v2\/users\/49"}],"replies":[{"embeddable":true,"href":"https:\/\/sindaopcpb.org.br\/index.php\/wp-json\/wp\/v2\/comments?post=39167"}],"version-history":[{"count":1,"href":"https:\/\/sindaopcpb.org.br\/index.php\/wp-json\/wp\/v2\/posts\/39167\/revisions"}],"predecessor-version":[{"id":39168,"href":"https:\/\/sindaopcpb.org.br\/index.php\/wp-json\/wp\/v2\/posts\/39167\/revisions\/39168"}],"wp:attachment":[{"href":"https:\/\/sindaopcpb.org.br\/index.php\/wp-json\/wp\/v2\/media?parent=39167"}],"wp:term":[{"taxonomy":"category","embeddable":true,"href":"https:\/\/sindaopcpb.org.br\/index.php\/wp-json\/wp\/v2\/categories?post=39167"},{"taxonomy":"post_tag","embeddable":true,"href":"https:\/\/sindaopcpb.org.br\/index.php\/wp-json\/wp\/v2\/tags?post=39167"}],"curies":[{"name":"wp","href":"https:\/\/api.w.org\/{rel}","templated":true}]}}