{"id":39163,"date":"2023-10-17T15:29:07","date_gmt":"2023-10-17T18:29:07","guid":{"rendered":"https:\/\/wpa.wscom.com.br\/?p=928166"},"modified":"2023-10-17T15:29:07","modified_gmt":"2023-10-17T18:29:07","slug":"video-passageira-fica-presa-as-ferragens-em-acidente-entre-carro-pipa-e-fiorino-na-br-101","status":"publish","type":"post","link":"https:\/\/sindaopcpb.org.br\/index.php\/2023\/10\/17\/video-passageira-fica-presa-as-ferragens-em-acidente-entre-carro-pipa-e-fiorino-na-br-101\/","title":{"rendered":"[V\u00cdDEO] Passageira fica presa \u00e0s ferragens em acidente entre carro pipa e fiorino na BR-101"},"content":{"rendered":"<p>Um acidente entre um caminh\u00e3o e um carro foi registrado na tarde desta ter\u00e7a-feira, na Regi\u00e3o Metropolitana de Jo\u00e3o Pessoa. A colis\u00e3o entre um carro pipa e um fiorino ocorreu na BR 101, no km 58, no munic\u00edpio de Santa Rita, sentido Recife,\u00a0 por volta das 12h50, resultando em uma pessoa ferida.<\/p>\n<p>A v\u00edtima, uma mulher de identidade n\u00e3o informada, ficou presa nas ferragens do ve\u00edculo fiorino, sendo retirada pelos Bombeiros consciente e orientada. Uma equipe do Samu foi at\u00e9 o local para prestar socorro.<\/p>\n<p>A Pol\u00edcia Rodovi\u00e1ria Federal tamb\u00e9m esteve na rodovia, que ficou interrompida nos dois sentidos durante os trabalhos das equipes de resgate.<\/p>\n<p>Confira:<\/p>\n<div style=\"width: 480px;\" class=\"wp-video\"><!--[if lt IE 9]><script>document.createElement('video');<\/script><![endif]--><br \/>\n<video class=\"wp-video-shortcode\" id=\"video-928166-1\" width=\"480\" height=\"864\" preload=\"metadata\" controls=\"controls\"><source type=\"video\/mp4\" src=\"https:\/\/wpa.wscom.com.br\/wp-content\/uploads\/2023\/10\/VID-20231017-WA0002.mp4?_=1\" \/><a href=\"https:\/\/wpa.wscom.com.br\/wp-content\/uploads\/2023\/10\/VID-20231017-WA0002.mp4\" rel=\"nofollow noopener\" target=\"_blank\">https:\/\/wpa.wscom.com.br\/wp-content\/uploads\/2023\/10\/VID-20231017-WA0002.mp4<\/a><\/video><\/div>\n<p>&nbsp;<\/p>\n<p>O post <a rel=\"nofollow noopener\" href=\"https:\/\/wscom.com.br\/video-passageira-fica-presa-as-ferragens-em-acidente-entre-carro-pipa-e-fiorino-na-br-101\/\" target=\"_blank\">[V\u00cdDEO] Passageira fica presa \u00e0s ferragens em acidente entre carro pipa e fiorino na BR-101<\/a> apareceu primeiro em <a rel=\"nofollow noopener\" href=\"https:\/\/wscom.com.br\/\" target=\"_blank\">WSCOM<\/a>.<\/p>\n","protected":false},"excerpt":{"rendered":"<p>Um acidente entre um caminh\u00e3o e um carro foi registrado na tarde desta ter\u00e7a-feira, na Regi\u00e3o Metropolitana de Jo\u00e3o Pessoa. A colis\u00e3o entre um carro pipa e um fiorino ocorreu na BR 101, no km 58, no munic\u00edpio de Santa Rita, sentido Recife,\u00a0 por volta das 12h50, resultando em uma pessoa ferida. A v\u00edtima, uma [\u2026]<\/p>\n<p>O post <a rel=\"nofollow\" href=\"https:\/\/wscom.com.br\/video-passageira-fica-presa-as-ferragens-em-acidente-entre-carro-pipa-e-fiorino-na-br-101\/\">[V\u00cdDEO] Passageira fica presa \u00e0s ferragens em acidente entre carro pipa e fiorino na BR-101<\/a> apareceu primeiro em <a rel=\"nofollow\" href=\"https:\/\/wscom.com.br\/\">WSCOM<\/a>.<\/p>\n","protected":false},"author":49,"featured_media":0,"comment_status":"closed","ping_status":"closed","sticky":false,"template":"","format":"standard","meta":{"advgb_blocks_editor_width":"","advgb_blocks_columns_visual_guide":"","footnotes":""},"categories":[4618,34,767,66,1152,384],"tags":[35],"class_list":["post-39163","post","type-post","status-publish","format-standard","hentry","category-br-101","category-g1","category-grande-joao-pessoa","category-policial","category-prf","category-santa-rita","tag-g1"],"author_meta":{"display_name":"Cristiane Cavalcante","author_link":"https:\/\/sindaopcpb.org.br\/author\/cristiane-cavalcante\/"},"featured_img":null,"coauthors":[],"tax_additional":{"categories":{"linked":["<a href=\"https:\/\/sindaopcpb.org.br\/br-101\/\" class=\"advgb-post-tax-term\">br-101<\/a>","<a href=\"https:\/\/sindaopcpb.org.br\/g1\/\" class=\"advgb-post-tax-term\">G1<\/a>","<a href=\"https:\/\/sindaopcpb.org.br\/grande-joao-pessoa\/\" class=\"advgb-post-tax-term\">grande joao pessoa<\/a>","<a href=\"https:\/\/sindaopcpb.org.br\/policial\/\" class=\"advgb-post-tax-term\">Policial<\/a>","<a href=\"https:\/\/sindaopcpb.org.br\/prf\/\" class=\"advgb-post-tax-term\">PRf<\/a>","<a href=\"https:\/\/sindaopcpb.org.br\/santa-rita\/\" class=\"advgb-post-tax-term\">santa rita<\/a>"],"unlinked":["<span class=\"advgb-post-tax-term\">br-101<\/span>","<span class=\"advgb-post-tax-term\">G1<\/span>","<span class=\"advgb-post-tax-term\">grande joao pessoa<\/span>","<span class=\"advgb-post-tax-term\">Policial<\/span>","<span class=\"advgb-post-tax-term\">PRf<\/span>","<span class=\"advgb-post-tax-term\">santa rita<\/span>"]},"tags":{"linked":["<a href=\"https:\/\/sindaopcpb.org.br\/santa-rita\/\" class=\"advgb-post-tax-term\">g1<\/a>"],"unlinked":["<span class=\"advgb-post-tax-term\">g1<\/span>"]}},"comment_count":"0","relative_dates":{"created":"Publicado 3 anos atr\u00e1s","modified":"Atualizado 3 anos atr\u00e1s"},"absolute_dates":{"created":"Publicado em 17 de outubro de 2023","modified":"Atualizado em 17 de outubro de 2023"},"absolute_dates_time":{"created":"Publicado em 17 de outubro de 2023 15:29","modified":"Atualizado em 17 de outubro de 2023 15:29"},"featured_img_caption":"","series_order":"","_links":{"self":[{"href":"https:\/\/sindaopcpb.org.br\/index.php\/wp-json\/wp\/v2\/posts\/39163","targetHints":{"allow":["GET"]}}],"collection":[{"href":"https:\/\/sindaopcpb.org.br\/index.php\/wp-json\/wp\/v2\/posts"}],"about":[{"href":"https:\/\/sindaopcpb.org.br\/index.php\/wp-json\/wp\/v2\/types\/post"}],"author":[{"embeddable":true,"href":"https:\/\/sindaopcpb.org.br\/index.php\/wp-json\/wp\/v2\/users\/49"}],"replies":[{"embeddable":true,"href":"https:\/\/sindaopcpb.org.br\/index.php\/wp-json\/wp\/v2\/comments?post=39163"}],"version-history":[{"count":1,"href":"https:\/\/sindaopcpb.org.br\/index.php\/wp-json\/wp\/v2\/posts\/39163\/revisions"}],"predecessor-version":[{"id":39164,"href":"https:\/\/sindaopcpb.org.br\/index.php\/wp-json\/wp\/v2\/posts\/39163\/revisions\/39164"}],"wp:attachment":[{"href":"https:\/\/sindaopcpb.org.br\/index.php\/wp-json\/wp\/v2\/media?parent=39163"}],"wp:term":[{"taxonomy":"category","embeddable":true,"href":"https:\/\/sindaopcpb.org.br\/index.php\/wp-json\/wp\/v2\/categories?post=39163"},{"taxonomy":"post_tag","embeddable":true,"href":"https:\/\/sindaopcpb.org.br\/index.php\/wp-json\/wp\/v2\/tags?post=39163"}],"curies":[{"name":"wp","href":"https:\/\/api.w.org\/{rel}","templated":true}]}}