{"id":39093,"date":"2023-10-17T09:01:45","date_gmt":"2023-10-17T12:01:45","guid":{"rendered":"https:\/\/wpa.wscom.com.br\/?p=928105"},"modified":"2023-10-17T09:01:45","modified_gmt":"2023-10-17T12:01:45","slug":"morre-celeste-fishbein-filha-de-brasileira-que-havia-sido-sequestrada-pelo-hamas","status":"publish","type":"post","link":"https:\/\/sindaopcpb.org.br\/index.php\/2023\/10\/17\/morre-celeste-fishbein-filha-de-brasileira-que-havia-sido-sequestrada-pelo-hamas\/","title":{"rendered":"Morre Celeste Fishbein, filha de brasileira que havia sido sequestrada pelo Hamas"},"content":{"rendered":"<p>&nbsp;<\/p>\n<p>&nbsp;<\/p>\n<p>Foi confirmada nesta ter\u00e7a-feira (17) a morte de Celeste Fishbein, jovem israelense de 18 anos que estava entre as pessoas sequestradas pelo grupo Hamas no \u00faltimo dia 7. A confirma\u00e7\u00e3o foi feita pelo tio da jovem, Mario Fishbein, que lamentou a perda de sua sobrinha, relata o\u00a0g1. &#8220;Avisaram a gente que a (minha) sobrinha foi assassinada. Encontraram o corpo dela&#8221;. Celeste \u00e9 filha de uma fam\u00edlia de judeus brasileiros que vivem em Israel.<\/p>\n<p>A jovem estava desaparecida desde 7 de outubro, quando membros do Hamas invadiram casas de civis israelenses, sequestrando cerca de 120 pessoas, dentre elas Celeste.<\/p>\n<p>A jovem era bab\u00e1 e trabalhava em um kibutz, uma pequena comunidade rural, perto da Faixa de Gaza. A m\u00e3e e as av\u00f3s dela s\u00e3o de Guaratinguet\u00e1, no interior de S\u00e3o Paulo.<\/p>\n<p>O post <a rel=\"nofollow noopener\" href=\"https:\/\/wscom.com.br\/morre-celeste-fishbein-filha-de-brasileira-que-havia-sido-sequestrada-pelo-hamas\/\" target=\"_blank\">Morre Celeste Fishbein, filha de brasileira que havia sido sequestrada pelo Hamas<\/a> apareceu primeiro em <a rel=\"nofollow noopener\" href=\"https:\/\/wscom.com.br\/\" target=\"_blank\">WSCOM<\/a>.<\/p>\n","protected":false},"excerpt":{"rendered":"<p>\u00a0 \u00a0 Foi confirmada nesta ter\u00e7a-feira (17) a morte de Celeste Fishbein, jovem israelense de 18 anos que estava entre as pessoas sequestradas pelo grupo Hamas no \u00faltimo dia 7. A confirma\u00e7\u00e3o foi feita pelo tio da jovem, Mario Fishbein, que lamentou a perda de sua sobrinha, relata o\u00a0g1. \u201cAvisaram a gente que a (minha) [\u2026]<\/p>\n<p>O post <a rel=\"nofollow\" href=\"https:\/\/wscom.com.br\/morre-celeste-fishbein-filha-de-brasileira-que-havia-sido-sequestrada-pelo-hamas\/\">Morre Celeste Fishbein, filha de brasileira que havia sido sequestrada pelo Hamas<\/a> apareceu primeiro em <a rel=\"nofollow\" href=\"https:\/\/wscom.com.br\/\">WSCOM<\/a>.<\/p>\n","protected":false},"author":42,"featured_media":0,"comment_status":"closed","ping_status":"closed","sticky":false,"template":"","format":"standard","meta":{"advgb_blocks_editor_width":"","advgb_blocks_columns_visual_guide":"","footnotes":""},"categories":[60,10201,10030,34,9892,930],"tags":[35],"class_list":["post-39093","post","type-post","status-publish","format-standard","hentry","category-brasil-mundo","category-celeste-fishbein","category-conflito-no-oriente-medio","category-g1","category-hamas","category-morte","tag-g1"],"author_meta":{"display_name":"Rafael Andrade","author_link":"https:\/\/sindaopcpb.org.br\/author\/rafael-andrade\/"},"featured_img":null,"coauthors":[],"tax_additional":{"categories":{"linked":["<a href=\"https:\/\/sindaopcpb.org.br\/brasil-mundo\/\" class=\"advgb-post-tax-term\">Brasil \/ Mundo<\/a>","<a href=\"https:\/\/sindaopcpb.org.br\/celeste-fishbein\/\" class=\"advgb-post-tax-term\">Celeste Fishbein<\/a>","<a href=\"https:\/\/sindaopcpb.org.br\/conflito-no-oriente-medio\/\" class=\"advgb-post-tax-term\">Conflito no Oriente M\u00e9dio<\/a>","<a href=\"https:\/\/sindaopcpb.org.br\/g1\/\" class=\"advgb-post-tax-term\">G1<\/a>","<a href=\"https:\/\/sindaopcpb.org.br\/hamas\/\" class=\"advgb-post-tax-term\">HAMAS<\/a>","<a href=\"https:\/\/sindaopcpb.org.br\/morte\/\" class=\"advgb-post-tax-term\">Morte<\/a>"],"unlinked":["<span class=\"advgb-post-tax-term\">Brasil \/ Mundo<\/span>","<span class=\"advgb-post-tax-term\">Celeste Fishbein<\/span>","<span class=\"advgb-post-tax-term\">Conflito no Oriente M\u00e9dio<\/span>","<span class=\"advgb-post-tax-term\">G1<\/span>","<span class=\"advgb-post-tax-term\">HAMAS<\/span>","<span class=\"advgb-post-tax-term\">Morte<\/span>"]},"tags":{"linked":["<a href=\"https:\/\/sindaopcpb.org.br\/morte\/\" class=\"advgb-post-tax-term\">g1<\/a>"],"unlinked":["<span class=\"advgb-post-tax-term\">g1<\/span>"]}},"comment_count":"0","relative_dates":{"created":"Publicado 3 anos atr\u00e1s","modified":"Atualizado 3 anos atr\u00e1s"},"absolute_dates":{"created":"Publicado em 17 de outubro de 2023","modified":"Atualizado em 17 de outubro de 2023"},"absolute_dates_time":{"created":"Publicado em 17 de outubro de 2023 09:01","modified":"Atualizado em 17 de outubro de 2023 09:01"},"featured_img_caption":"","series_order":"","_links":{"self":[{"href":"https:\/\/sindaopcpb.org.br\/index.php\/wp-json\/wp\/v2\/posts\/39093","targetHints":{"allow":["GET"]}}],"collection":[{"href":"https:\/\/sindaopcpb.org.br\/index.php\/wp-json\/wp\/v2\/posts"}],"about":[{"href":"https:\/\/sindaopcpb.org.br\/index.php\/wp-json\/wp\/v2\/types\/post"}],"author":[{"embeddable":true,"href":"https:\/\/sindaopcpb.org.br\/index.php\/wp-json\/wp\/v2\/users\/42"}],"replies":[{"embeddable":true,"href":"https:\/\/sindaopcpb.org.br\/index.php\/wp-json\/wp\/v2\/comments?post=39093"}],"version-history":[{"count":1,"href":"https:\/\/sindaopcpb.org.br\/index.php\/wp-json\/wp\/v2\/posts\/39093\/revisions"}],"predecessor-version":[{"id":39094,"href":"https:\/\/sindaopcpb.org.br\/index.php\/wp-json\/wp\/v2\/posts\/39093\/revisions\/39094"}],"wp:attachment":[{"href":"https:\/\/sindaopcpb.org.br\/index.php\/wp-json\/wp\/v2\/media?parent=39093"}],"wp:term":[{"taxonomy":"category","embeddable":true,"href":"https:\/\/sindaopcpb.org.br\/index.php\/wp-json\/wp\/v2\/categories?post=39093"},{"taxonomy":"post_tag","embeddable":true,"href":"https:\/\/sindaopcpb.org.br\/index.php\/wp-json\/wp\/v2\/tags?post=39093"}],"curies":[{"name":"wp","href":"https:\/\/api.w.org\/{rel}","templated":true}]}}