{"id":38857,"date":"2023-10-15T17:51:21","date_gmt":"2023-10-15T20:51:21","guid":{"rendered":"https:\/\/wpa.wscom.com.br\/?p=927849"},"modified":"2023-10-15T17:51:21","modified_gmt":"2023-10-15T20:51:21","slug":"brasileiros-em-gaza-aguardam-abertura-da-fronteira-egipcia-para-voltar-ao-brasil","status":"publish","type":"post","link":"https:\/\/sindaopcpb.org.br\/index.php\/2023\/10\/15\/brasileiros-em-gaza-aguardam-abertura-da-fronteira-egipcia-para-voltar-ao-brasil\/","title":{"rendered":"Brasileiros em Gaza aguardam abertura da fronteira eg\u00edpcia para voltar ao Brasil"},"content":{"rendered":"<p>Um grupo de 28 pessoas permanece abrigado nas cidades de Rafah e Khan Yunis, em Gaza, aguardando autoriza\u00e7\u00e3o do governo eg\u00edpcio para cruzar a fronteira e poder se deslocar at\u00e9 o aeroporto do Cairo. De l\u00e1, eles ser\u00e3o trazidos para o Brasil no avi\u00e3o VC-2 da Presid\u00eancia da Rep\u00fablica, que tem capacidade para transportar at\u00e9 40 passageiros.<\/p>\n<p>&nbsp;<\/p>\n<p>O presidente da Rep\u00fablica, Luiz In\u00e1cio Lula da Silva, e o ministro das Rela\u00e7\u00f5es Exteriores, Mauro Vieira, v\u00eam negociando a abertura da fronteira desde a semana passada para poder resgatar o grupo. Entre sexta e s\u00e1bado, o presidente abordou a quest\u00e3o em telefonemas com o presidente de Israel, Isaac Herzog, o presidente do Egito, Abdul Fatah al-Sisi, e o presidente da Autoridade Palestina, Mahmoud Abbas.<\/p>\n<p>&nbsp;<\/p>\n<p>Das 28 pessoas que aguardam resgate, 18 (tr\u00eas homens, cinco mulheres e dez crian\u00e7as) foram deslocadas para Rafah, onde passaram a noite em um im\u00f3vel alugado pelo Itamaraty. Elas estavam na Cidade de Gaza, onde se abrigaram em uma escola \u2014 a Rosary Sisters School, que fica na periferia da capital, ao sul \u2014 durante os primeiros dias da ofensiva de Israel.<\/p>\n<p>&nbsp;<\/p>\n<p>As outras dez pessoas (tr\u00eas homens, tr\u00eas mulheres e quatro crian\u00e7as) s\u00e3o moradoras de Khan Yunis e aguardam a libera\u00e7\u00e3o em suas casas. A cidade fica a poucos quil\u00f4metros de Rafah. Ao todo, o grupo \u00e9 composto por 22 brasileiros e 6 palestinos com resid\u00eancia no Brasil. Todos t\u00eam recebido acompanhamento psicol\u00f3gico, por profissional palestina contratada em Gaza, pelo escrit\u00f3rio de representa\u00e7\u00e3o do Brasil junto \u00e0 autoridade palestina. O apoio do governo brasileiro inclui ainda o aluguel de transporte, abrigo e alimenta\u00e7\u00e3o.<\/p>\n<p>&nbsp;<\/p>\n<p>O avi\u00e3o VC-2 (Embraer 190) da Presid\u00eancia da Rep\u00fablica foi deslocado e aterrissou em Roma, na It\u00e1lia, \u00e0s 10h25 desta sexta-feira (dia 13), no hor\u00e1rio local. A aeronave aguarda autoriza\u00e7\u00e3o de tr\u00e2mites diplom\u00e1ticos com Egito, Israel e o lado palestino para que os brasileiros cruzem a fronteira com seguran\u00e7a e embarquem do Egito para o Brasil.<\/p>\n<p>&nbsp;<\/p>\n<p><strong>OPERA\u00c7\u00c3O VOLTANDO EM PAZ<\/strong>\u00a0\u2014 A viagem dos brasileiros que est\u00e3o na fronteira de Gaza com o Egito deve encerrar a primeira fase da opera\u00e7\u00e3o Voltando em Paz, deflagrada pelo Governo Federal ap\u00f3s o in\u00edcio da viol\u00eancia na regi\u00e3o. Na madrugada deste domingo, dia 15, chegou ao Rio de Janeiro o quinto voo, com 215 brasileiros que estavam em territ\u00f3rio israelense. No total, foram trazidas de volta 916 pessoas.<\/p>\n<p>&nbsp;<\/p>\n<p>Os primeiros 211 brasileiros repatriados desembarcaram em um voo da FAB que chegou na quarta-feira \u00e0 Base A\u00e9rea de Bras\u00edlia (DF). Outros 214 chegaram na quinta-feira ao Aeroporto do Gale\u00e3o, no Rio.<\/p>\n<p>&nbsp;<\/p>\n<p>O terceiro voo de resgate trouxe 69 passageiros e aterrissou na manh\u00e3 de sexta-feira. Cinco desceram em uma escala em Recife (PE) \u00e0s 6h07 e os demais no destino final da aeronave \u2014 a Base A\u00e9rea de Guarulhos (SP). A quarta aeronave com repatriados chegou ao Rio de Janeiro com 207 passageiros na madrugada deste s\u00e1bado (14).<\/p>\n<p>O post <a rel=\"nofollow noopener\" href=\"https:\/\/wscom.com.br\/brasileiros-em-gaza-aguardam-abertura-da-fronteira-egipcia-para-voltar-ao-brasil\/\" target=\"_blank\">Brasileiros em Gaza aguardam abertura da fronteira eg\u00edpcia para voltar ao Brasil<\/a> apareceu primeiro em <a rel=\"nofollow noopener\" href=\"https:\/\/wscom.com.br\/\" target=\"_blank\">WSCOM<\/a>.<\/p>\n","protected":false},"excerpt":{"rendered":"<p>Um grupo de 28 pessoas permanece abrigado nas cidades de Rafah e Khan Yunis, em Gaza, aguardando autoriza\u00e7\u00e3o do governo eg\u00edpcio para cruzar a fronteira e poder se deslocar at\u00e9 o aeroporto do Cairo. De l\u00e1, eles ser\u00e3o trazidos para o Brasil no avi\u00e3o VC-2 da Presid\u00eancia da Rep\u00fablica, que tem capacidade para transportar at\u00e9 [\u2026]<\/p>\n<p>O post <a rel=\"nofollow\" href=\"https:\/\/wscom.com.br\/brasileiros-em-gaza-aguardam-abertura-da-fronteira-egipcia-para-voltar-ao-brasil\/\">Brasileiros em Gaza aguardam abertura da fronteira eg\u00edpcia para voltar ao Brasil<\/a> apareceu primeiro em <a rel=\"nofollow\" href=\"https:\/\/wscom.com.br\/\">WSCOM<\/a>.<\/p>\n","protected":false},"author":49,"featured_media":0,"comment_status":"closed","ping_status":"closed","sticky":false,"template":"","format":"standard","meta":{"advgb_blocks_editor_width":"","advgb_blocks_columns_visual_guide":"","footnotes":""},"categories":[60,10133,9910,34,10134,10104],"tags":[35],"class_list":["post-38857","post","type-post","status-publish","format-standard","hentry","category-brasil-mundo","category-brasileiros-em-gaza","category-fab","category-g1","category-governo-do-egito","category-operacao-voltando-em-paz","tag-g1"],"author_meta":{"display_name":"Cristiane Cavalcante","author_link":"https:\/\/sindaopcpb.org.br\/author\/cristiane-cavalcante\/"},"featured_img":null,"coauthors":[],"tax_additional":{"categories":{"linked":["<a href=\"https:\/\/sindaopcpb.org.br\/brasil-mundo\/\" class=\"advgb-post-tax-term\">Brasil \/ Mundo<\/a>","<a href=\"https:\/\/sindaopcpb.org.br\/brasileiros-em-gaza\/\" class=\"advgb-post-tax-term\">Brasileiros em Gaza<\/a>","<a href=\"https:\/\/sindaopcpb.org.br\/fab\/\" class=\"advgb-post-tax-term\">fab<\/a>","<a href=\"https:\/\/sindaopcpb.org.br\/g1\/\" class=\"advgb-post-tax-term\">G1<\/a>","<a href=\"https:\/\/sindaopcpb.org.br\/governo-do-egito\/\" class=\"advgb-post-tax-term\">governo do Egito<\/a>","<a href=\"https:\/\/sindaopcpb.org.br\/operacao-voltando-em-paz\/\" class=\"advgb-post-tax-term\">opera\u00e7\u00e3o Voltando em Paz<\/a>"],"unlinked":["<span class=\"advgb-post-tax-term\">Brasil \/ Mundo<\/span>","<span class=\"advgb-post-tax-term\">Brasileiros em Gaza<\/span>","<span class=\"advgb-post-tax-term\">fab<\/span>","<span class=\"advgb-post-tax-term\">G1<\/span>","<span class=\"advgb-post-tax-term\">governo do Egito<\/span>","<span class=\"advgb-post-tax-term\">opera\u00e7\u00e3o Voltando em Paz<\/span>"]},"tags":{"linked":["<a href=\"https:\/\/sindaopcpb.org.br\/operacao-voltando-em-paz\/\" class=\"advgb-post-tax-term\">g1<\/a>"],"unlinked":["<span class=\"advgb-post-tax-term\">g1<\/span>"]}},"comment_count":"0","relative_dates":{"created":"Publicado 3 anos atr\u00e1s","modified":"Atualizado 3 anos atr\u00e1s"},"absolute_dates":{"created":"Publicado em 15 de outubro de 2023","modified":"Atualizado em 15 de outubro de 2023"},"absolute_dates_time":{"created":"Publicado em 15 de outubro de 2023 17:51","modified":"Atualizado em 15 de outubro de 2023 17:51"},"featured_img_caption":"","series_order":"","_links":{"self":[{"href":"https:\/\/sindaopcpb.org.br\/index.php\/wp-json\/wp\/v2\/posts\/38857","targetHints":{"allow":["GET"]}}],"collection":[{"href":"https:\/\/sindaopcpb.org.br\/index.php\/wp-json\/wp\/v2\/posts"}],"about":[{"href":"https:\/\/sindaopcpb.org.br\/index.php\/wp-json\/wp\/v2\/types\/post"}],"author":[{"embeddable":true,"href":"https:\/\/sindaopcpb.org.br\/index.php\/wp-json\/wp\/v2\/users\/49"}],"replies":[{"embeddable":true,"href":"https:\/\/sindaopcpb.org.br\/index.php\/wp-json\/wp\/v2\/comments?post=38857"}],"version-history":[{"count":1,"href":"https:\/\/sindaopcpb.org.br\/index.php\/wp-json\/wp\/v2\/posts\/38857\/revisions"}],"predecessor-version":[{"id":38858,"href":"https:\/\/sindaopcpb.org.br\/index.php\/wp-json\/wp\/v2\/posts\/38857\/revisions\/38858"}],"wp:attachment":[{"href":"https:\/\/sindaopcpb.org.br\/index.php\/wp-json\/wp\/v2\/media?parent=38857"}],"wp:term":[{"taxonomy":"category","embeddable":true,"href":"https:\/\/sindaopcpb.org.br\/index.php\/wp-json\/wp\/v2\/categories?post=38857"},{"taxonomy":"post_tag","embeddable":true,"href":"https:\/\/sindaopcpb.org.br\/index.php\/wp-json\/wp\/v2\/tags?post=38857"}],"curies":[{"name":"wp","href":"https:\/\/api.w.org\/{rel}","templated":true}]}}