{"id":38855,"date":"2023-10-15T18:01:30","date_gmt":"2023-10-15T21:01:30","guid":{"rendered":"https:\/\/wpa.wscom.com.br\/?p=927857"},"modified":"2023-10-15T18:01:30","modified_gmt":"2023-10-15T21:01:30","slug":"fernanda-montenegro-e-eleita-a-mulher-mais-admirada-do-pais","status":"publish","type":"post","link":"https:\/\/sindaopcpb.org.br\/index.php\/2023\/10\/15\/fernanda-montenegro-e-eleita-a-mulher-mais-admirada-do-pais\/","title":{"rendered":"Fernanda Montenegro \u00e9 eleita a mulher mais admirada do pa\u00eds"},"content":{"rendered":"<p>Pelo quarto ano consecutivo, Fernanda Montenegro \u00e9 a mulher mais admirada do Brasil, segundo uma pesquisa do Instituto QualiBest. Foram ouvidas 1.506 pessoas entre os dias 28 de fevereiro e 2 de mar\u00e7o de 2023, e a atriz foi citada por 1 em cada 10 brasileiros.<\/p>\n<p>Depois dela, aparecem a ex-primeira-dama Michelle Bolsonaro e as cantoras Ivete Sangalo e Anitta, nessa ordem. Esta \u00faltima, rec\u00e9m-indicada ao Grammy, tamb\u00e9m foi citada por 39% dos entrevistados como a mulher mais admirada pelos brasileiros mais jovens.<\/p>\n<p>Aos 93 anos, Fernanda Montenegro continua sendo reconhecida para al\u00e9m do cinema e da dramaturgia brasileira. No ano passado, foi citada por 11% da popula\u00e7\u00e3o, e este ano, por 9,4%. At\u00e9 hoje a \u00fanica latinoamericana indicada ao Oscar, por seu trabalho em \u201cCentral do Brasil\u201d, Montenegro foi eleita a nova imortal da ABL (Academia Brasileira de Letras), no final de 2021.<\/p>\n<p>A lista das mulheres mais admiradas do Brasil deste ano reflete a tend\u00eancia em reconhecer o protagonismo feminino na cultura e na pol\u00edtica, segundo a diretora-geral do QualiBest, Daniela Malouf. \u201cSe por um lado as artes j\u00e1 eram espa\u00e7os com uma forte presen\u00e7a feminina, vemos agora mulheres do espectro pol\u00edtico aparecerem no ranking e se destacarem.\u201d<\/p>\n<p><strong>Veja quem s\u00e3o as mulheres mais admiradas do Brasil em 2023<\/strong><\/p>\n<p>Fernanda Montenegro (9,4%)<\/p>\n<p>Michelle Bolsonaro (5,4%)<\/p>\n<p>Ivete Sangalo (4%)<\/p>\n<p>Anitta (3%)<\/p>\n<p>Ana Maria Braga (3%)<\/p>\n<p>Dilma Roussef (3%)<\/p>\n<p>Marina Silva (2,5%)<\/p>\n<p>Ta\u00eds Ara\u00fajo (1,7%)<\/p>\n<p>Gisele B\u00fcndchen (1,5%)<\/p>\n<p>Maria da Penha (1,5%)<\/p>\n<p>&nbsp;<\/p>\n<p>&nbsp;<\/p>\n<p>O post <a rel=\"nofollow noopener\" href=\"https:\/\/wscom.com.br\/fernanda-montenegro-e-eleita-a-mulher-mais-admirada-do-pais\/\" target=\"_blank\">Fernanda Montenegro \u00e9 eleita a mulher mais admirada do pa\u00eds<\/a> apareceu primeiro em <a rel=\"nofollow noopener\" href=\"https:\/\/wscom.com.br\/\" target=\"_blank\">WSCOM<\/a>.<\/p>\n","protected":false},"excerpt":{"rendered":"<p>Pelo quarto ano consecutivo, Fernanda Montenegro \u00e9 a mulher mais admirada do Brasil, segundo uma pesquisa do Instituto QualiBest. Foram ouvidas 1.506 pessoas entre os dias 28 de fevereiro e 2 de mar\u00e7o de 2023, e a atriz foi citada por 1 em cada 10 brasileiros. Depois dela, aparecem a ex-primeira-dama Michelle Bolsonaro e as [\u2026]<\/p>\n<p>O post <a rel=\"nofollow\" href=\"https:\/\/wscom.com.br\/fernanda-montenegro-e-eleita-a-mulher-mais-admirada-do-pais\/\">Fernanda Montenegro \u00e9 eleita a mulher mais admirada do pa\u00eds<\/a> apareceu primeiro em <a rel=\"nofollow\" href=\"https:\/\/wscom.com.br\/\">WSCOM<\/a>.<\/p>\n","protected":false},"author":49,"featured_media":0,"comment_status":"closed","ping_status":"closed","sticky":false,"template":"","format":"standard","meta":{"advgb_blocks_editor_width":"","advgb_blocks_columns_visual_guide":"","footnotes":""},"categories":[10129,436,10130,34,10131,10132,713],"tags":[35],"class_list":["post-38855","post","type-post","status-publish","format-standard","hentry","category-atriz-brasileira","category-celebridades","category-fernanda-montenegro","category-g1","category-instituto-qualibest","category-mulher-mais-admirada-do-pais","category-pesquisa","tag-g1"],"author_meta":{"display_name":"Cristiane Cavalcante","author_link":"https:\/\/sindaopcpb.org.br\/author\/cristiane-cavalcante\/"},"featured_img":null,"coauthors":[],"tax_additional":{"categories":{"linked":["<a href=\"https:\/\/sindaopcpb.org.br\/atriz-brasileira\/\" class=\"advgb-post-tax-term\">atriz brasileira<\/a>","<a href=\"https:\/\/sindaopcpb.org.br\/celebridades\/\" class=\"advgb-post-tax-term\">Celebridades<\/a>","<a href=\"https:\/\/sindaopcpb.org.br\/fernanda-montenegro\/\" class=\"advgb-post-tax-term\">Fernanda Montenegro<\/a>","<a href=\"https:\/\/sindaopcpb.org.br\/g1\/\" class=\"advgb-post-tax-term\">G1<\/a>","<a href=\"https:\/\/sindaopcpb.org.br\/instituto-qualibest\/\" class=\"advgb-post-tax-term\">Instituto QualiBest<\/a>","<a href=\"https:\/\/sindaopcpb.org.br\/mulher-mais-admirada-do-pais\/\" class=\"advgb-post-tax-term\">mulher mais admirada do pa\u00eds<\/a>","<a href=\"https:\/\/sindaopcpb.org.br\/pesquisa\/\" class=\"advgb-post-tax-term\">pesquisa<\/a>"],"unlinked":["<span class=\"advgb-post-tax-term\">atriz brasileira<\/span>","<span class=\"advgb-post-tax-term\">Celebridades<\/span>","<span class=\"advgb-post-tax-term\">Fernanda Montenegro<\/span>","<span class=\"advgb-post-tax-term\">G1<\/span>","<span class=\"advgb-post-tax-term\">Instituto QualiBest<\/span>","<span class=\"advgb-post-tax-term\">mulher mais admirada do pa\u00eds<\/span>","<span class=\"advgb-post-tax-term\">pesquisa<\/span>"]},"tags":{"linked":["<a href=\"https:\/\/sindaopcpb.org.br\/pesquisa\/\" class=\"advgb-post-tax-term\">g1<\/a>"],"unlinked":["<span class=\"advgb-post-tax-term\">g1<\/span>"]}},"comment_count":"0","relative_dates":{"created":"Publicado 3 anos atr\u00e1s","modified":"Atualizado 3 anos atr\u00e1s"},"absolute_dates":{"created":"Publicado em 15 de outubro de 2023","modified":"Atualizado em 15 de outubro de 2023"},"absolute_dates_time":{"created":"Publicado em 15 de outubro de 2023 18:01","modified":"Atualizado em 15 de outubro de 2023 18:01"},"featured_img_caption":"","series_order":"","_links":{"self":[{"href":"https:\/\/sindaopcpb.org.br\/index.php\/wp-json\/wp\/v2\/posts\/38855","targetHints":{"allow":["GET"]}}],"collection":[{"href":"https:\/\/sindaopcpb.org.br\/index.php\/wp-json\/wp\/v2\/posts"}],"about":[{"href":"https:\/\/sindaopcpb.org.br\/index.php\/wp-json\/wp\/v2\/types\/post"}],"author":[{"embeddable":true,"href":"https:\/\/sindaopcpb.org.br\/index.php\/wp-json\/wp\/v2\/users\/49"}],"replies":[{"embeddable":true,"href":"https:\/\/sindaopcpb.org.br\/index.php\/wp-json\/wp\/v2\/comments?post=38855"}],"version-history":[{"count":1,"href":"https:\/\/sindaopcpb.org.br\/index.php\/wp-json\/wp\/v2\/posts\/38855\/revisions"}],"predecessor-version":[{"id":38856,"href":"https:\/\/sindaopcpb.org.br\/index.php\/wp-json\/wp\/v2\/posts\/38855\/revisions\/38856"}],"wp:attachment":[{"href":"https:\/\/sindaopcpb.org.br\/index.php\/wp-json\/wp\/v2\/media?parent=38855"}],"wp:term":[{"taxonomy":"category","embeddable":true,"href":"https:\/\/sindaopcpb.org.br\/index.php\/wp-json\/wp\/v2\/categories?post=38855"},{"taxonomy":"post_tag","embeddable":true,"href":"https:\/\/sindaopcpb.org.br\/index.php\/wp-json\/wp\/v2\/tags?post=38855"}],"curies":[{"name":"wp","href":"https:\/\/api.w.org\/{rel}","templated":true}]}}