{"id":38843,"date":"2023-10-15T13:31:45","date_gmt":"2023-10-15T16:31:45","guid":{"rendered":"https:\/\/wpa.wscom.com.br\/?p=927813"},"modified":"2023-10-15T13:31:45","modified_gmt":"2023-10-15T16:31:45","slug":"professores-comemoram-a-data-e-conquistas-alcancadas-atraves-da-atual-gestao-da-prefeitura-de-joao-pessoa","status":"publish","type":"post","link":"https:\/\/sindaopcpb.org.br\/index.php\/2023\/10\/15\/professores-comemoram-a-data-e-conquistas-alcancadas-atraves-da-atual-gestao-da-prefeitura-de-joao-pessoa\/","title":{"rendered":"Professores comemoram a data e conquistas alcan\u00e7adas atrav\u00e9s da atual gest\u00e3o da Prefeitura de Jo\u00e3o Pessoa"},"content":{"rendered":"<p>A celebra\u00e7\u00e3o do Dia dos Professores, que acontece neste domingo (15), \u00e9 lembrada pelas muitas conquistas e avan\u00e7os na atual gest\u00e3o, seja por meio de forma\u00e7\u00e3o, do atendimento imediato do piso salarial, acima do reajuste nacional, do di\u00e1logo aberto com a categoria, das progress\u00f5es horizontais, do afastamento remunerado de docentes para a qualifica\u00e7\u00e3o nos n\u00edveis de mestrado e doutorado, das salas de aulas bem equipadas e climatizadas, entre outros benef\u00edcios.<\/p>\n<p>\u201cEu acho que o destaque maior da gest\u00e3o do prefeito C\u00edcero Lucena \u00e9, justamente, o di\u00e1logo sempre aberto com os professores e as professoras, ou seja, com toda a categoria. A gente sempre se re\u00fane com os representantes da Educa\u00e7\u00e3o, ouvindo as reivindica\u00e7\u00f5es e, gra\u00e7as a Deus, temos conseguido resolver as demandas\u201d, disse a secret\u00e1ria de Educa\u00e7\u00e3o e Cultura de Jo\u00e3o Pessoa, Am\u00e9rica Castro.<\/p>\n<p>Uma importante conquista profissional foi a regulamenta\u00e7\u00e3o de progress\u00f5es por n\u00edvel. A Prefeitura de Jo\u00e3o Pessoa fez valer esse direito com o Decreto Municipal n.\u00ba 10.155, de 8 de novembro de 2022, que regulamenta o procedimento para a progress\u00e3o funcional horizontal dos profissionais da Educa\u00e7\u00e3o, que esperavam por ela h\u00e1 mais de uma d\u00e9cada, visto estar prevista no Artigo 18 da Lei Complementar Municipal n\u00ba 60, de 29 de mar\u00e7o de 2010.<\/p>\n<p>Professor polivalente na Escola Municipal \u00cdndio Piragibe, Jos\u00e9 Eduardo chegou a dar entrada no pedido de progress\u00e3o, mas n\u00e3o precisou seguir adiante com esse processo. \u201cA gente estava batendo muito nessa tecla, fazendo o pedido e nunca sa\u00eda. Ent\u00e3o, quando essa nossa reivindica\u00e7\u00e3o chegou, eu tive que fazer um textinho dizendo: \u2018\u201c\u2019Por gentileza, pode arquivar o meu pedido, porque essa gest\u00e3o j\u00e1 atendeu de imediato a progress\u00e3o que eu tinha solicitado\u2019. Portanto, isto foi muito importante, a valoriza\u00e7\u00e3o do profissional pelos aumentos acumulados da pandemia, que ainda n\u00e3o tinham sido dados, na gest\u00e3o atual, foi concedida por completo\u201d, disse o professor.<\/p>\n<p>&nbsp;<\/p>\n<figure class=\"wp-block-gallery has-nested-images columns-default is-cropped wp-block-gallery-3 is-layout-flex wp-block-gallery-is-layout-flex\">\n<figure class=\"wp-block-image size-large\"><img decoding=\"async\" loading=\"lazy\" class=\"wp-image-330067\" src=\"https:\/\/www.joaopessoa.pb.gov.br\/wp-content\/uploads\/2023\/10\/Formacao-Lego.jpg\" sizes=\"auto, (max-width: 1024px) 100vw, 1024px\" srcset=\"https:\/\/www.joaopessoa.pb.gov.br\/wp-content\/uploads\/2023\/10\/Formacao-Lego.jpg 1024w, https:\/\/www.joaopessoa.pb.gov.br\/wp-content\/uploads\/2023\/10\/Formacao-Lego-768x512.jpg 768w, https:\/\/www.joaopessoa.pb.gov.br\/wp-content\/uploads\/2023\/10\/Formacao-Lego-600x400.jpg 600w\" alt=\"\" width=\"1024\" height=\"683\" data-id=\"330067\" title=\"\"><\/figure>\n<figure class=\"wp-block-image size-large\"><img decoding=\"async\" loading=\"lazy\" class=\"wp-image-330065\" src=\"https:\/\/www.joaopessoa.pb.gov.br\/wp-content\/uploads\/2023\/10\/WhatsApp-Image-2023-10-12-at-21.15.43-1024x682.jpeg\" sizes=\"auto, (max-width: 1024px) 100vw, 1024px\" srcset=\"https:\/\/www.joaopessoa.pb.gov.br\/wp-content\/uploads\/2023\/10\/WhatsApp-Image-2023-10-12-at-21.15.43-1024x682.jpeg 1024w, https:\/\/www.joaopessoa.pb.gov.br\/wp-content\/uploads\/2023\/10\/WhatsApp-Image-2023-10-12-at-21.15.43-768x512.jpeg 768w, https:\/\/www.joaopessoa.pb.gov.br\/wp-content\/uploads\/2023\/10\/WhatsApp-Image-2023-10-12-at-21.15.43-1536x1023.jpeg 1536w, https:\/\/www.joaopessoa.pb.gov.br\/wp-content\/uploads\/2023\/10\/WhatsApp-Image-2023-10-12-at-21.15.43-600x400.jpeg 600w, https:\/\/www.joaopessoa.pb.gov.br\/wp-content\/uploads\/2023\/10\/WhatsApp-Image-2023-10-12-at-21.15.43.jpeg 1600w\" alt=\"\" width=\"1024\" height=\"682\" data-id=\"330065\" title=\"\"><\/figure>\n<figure class=\"wp-block-image size-large\"><img decoding=\"async\" loading=\"lazy\" class=\"wp-image-330066\" src=\"https:\/\/www.joaopessoa.pb.gov.br\/wp-content\/uploads\/2023\/10\/Formacao-Lego-2.jpg\" sizes=\"auto, (max-width: 1024px) 100vw, 1024px\" srcset=\"https:\/\/www.joaopessoa.pb.gov.br\/wp-content\/uploads\/2023\/10\/Formacao-Lego-2.jpg 1024w, https:\/\/www.joaopessoa.pb.gov.br\/wp-content\/uploads\/2023\/10\/Formacao-Lego-2-768x512.jpg 768w, https:\/\/www.joaopessoa.pb.gov.br\/wp-content\/uploads\/2023\/10\/Formacao-Lego-2-600x400.jpg 600w\" alt=\"\" width=\"1024\" height=\"683\" data-id=\"330066\" title=\"\"><\/figure>\n<\/figure>\n<p><strong>Tecnologia\u00a0<\/strong>\u2013 Os docentes da Rede Municipal de Ensino, hoje, disp\u00f5em de equipamentos tecnol\u00f3gicos de ponta, que auxiliam nas aulas e nos estudos. J\u00e1 foram entregues cerca de 15 mil Chromebooks e outros equipamentos para uso dos profissionais. Os kits incluem, tamb\u00e9m, fone de ouvido sem fio, mouse e chip de internet de 20 GB. Os profissionais recebem, igualmente, bolsas, garrafa t\u00e9rmica, caneta esferogr\u00e1fica com laser, toalhinha, agenda, caderno e estojo.<\/p>\n<p>\u201cUma coisa que muita gente n\u00e3o fala, mas que \u00e9 muito importante para mim, \u00e9 a quest\u00e3o desse equipamento de alto-falante, que eu uso para dar minhas aulas. Ele ajuda a minha voz. Na falta dele, estava muito desgastante para mim\u201d, disse o professor Jos\u00e9 Eduardo.<\/p>\n<p>Para que o profissional da Educa\u00e7\u00e3o possa ministrar uma boa aula, tamb\u00e9m precisa de um ambiente apropriado. Na atual gest\u00e3o, a Prefeitura de Jo\u00e3o Pessoa j\u00e1 entregou 30 unidades de ensino completamente reestruturadas, com salas de aula climatizadas, Sala Google, Sala Make, laborat\u00f3rio e gin\u00e1sio esportivo. Al\u00e9m disso, 44 unidades de ensino est\u00e3o com obras em andamento. J\u00e1 foram dadas 74 ordens de servi\u00e7o.<\/p>\n<p>\u201cA reestrutura\u00e7\u00e3o da nossa Escola Am\u00e9rico Falc\u00e3o foi finalizada agora, no m\u00eas de setembro, e, quando os alunos entraram aqui, disseram logo que nunca tinham estudado em uma escola com toda essa estrutura. Ent\u00e3o, a gente tem uma escola equipada, uma escola com espa\u00e7o para brincadeiras, com parquinho, com uma quadra muito boa, com salas que acho que nem toda escola particular tem\u201d, disse a professora polivalente Simone Andrade Tavares.<\/p>\n<p>A escola disp\u00f5e de professores e professoras que s\u00e3o mestres, que t\u00eam especializa\u00e7\u00e3o e que est\u00e3o em constante forma\u00e7\u00e3o tamb\u00e9m na Rede Municipal. Tudo isso contribui para que o processo do ensino aprendizado evolua.<\/p>\n<p>Toda a Rede Municipal de Ensino agora disp\u00f5e dos mais modernos kits de rob\u00f3tica, considerados os melhores do mercado. A introdu\u00e7\u00e3o dos equipamentos \u2018LEGO Education\u2019 faz parte da grande transforma\u00e7\u00e3o tecnol\u00f3gica por que a Rede passa na gest\u00e3o do prefeito C\u00edcero Lucena.<\/p>\n<figure class=\"wp-block-gallery has-nested-images columns-default is-cropped wp-block-gallery-5 is-layout-flex wp-block-gallery-is-layout-flex\">\n<figure class=\"wp-block-image size-large\"><img decoding=\"async\" loading=\"lazy\" class=\"wp-image-330068\" src=\"https:\/\/www.joaopessoa.pb.gov.br\/wp-content\/uploads\/2023\/10\/WhatsApp-Image-2023-10-12-at-21.15.46-1024x682.jpeg\" sizes=\"auto, (max-width: 1024px) 100vw, 1024px\" srcset=\"https:\/\/www.joaopessoa.pb.gov.br\/wp-content\/uploads\/2023\/10\/WhatsApp-Image-2023-10-12-at-21.15.46-1024x682.jpeg 1024w, https:\/\/www.joaopessoa.pb.gov.br\/wp-content\/uploads\/2023\/10\/WhatsApp-Image-2023-10-12-at-21.15.46-768x512.jpeg 768w, https:\/\/www.joaopessoa.pb.gov.br\/wp-content\/uploads\/2023\/10\/WhatsApp-Image-2023-10-12-at-21.15.46-1536x1023.jpeg 1536w, https:\/\/www.joaopessoa.pb.gov.br\/wp-content\/uploads\/2023\/10\/WhatsApp-Image-2023-10-12-at-21.15.46-600x400.jpeg 600w, https:\/\/www.joaopessoa.pb.gov.br\/wp-content\/uploads\/2023\/10\/WhatsApp-Image-2023-10-12-at-21.15.46.jpeg 1600w\" alt=\"\" width=\"1024\" height=\"682\" data-id=\"330068\" title=\"\"><\/figure>\n<\/figure>\n<p>\u201cEstamos sempre querendo buscar coisas melhores para a categoria. Tivemos muitas conquistas este ano, muitas forma\u00e7\u00f5es, principalmente nessa \u00e1rea tecnol\u00f3gica, que eu acho que ajudou bastante, e outras forma\u00e7\u00f5es tamb\u00e9m, como na parte de letramento, porque eu sou professora dos anos iniciais. Ent\u00e3o, nestes \u00faltimos anos, a gente tem tido um investimento muito bom, n\u00f3s e as escolas\u201d, destacou a professora Simone Andrade.<\/p>\n<p>A orienta\u00e7\u00e3o da atual gest\u00e3o \u00e9 que o ensino p\u00fablico de Jo\u00e3o Pessoa, mesmo com o grande avan\u00e7o j\u00e1 alcan\u00e7ado nesses 34 meses de gest\u00e3o, possa evoluir ainda mais. \u201cS\u00f3 conseguimos fazer uma Educa\u00e7\u00e3o de qualidade em parceria, primeiro com quem est\u00e1 no ch\u00e3o da escola, com aquele servidor e aquela servidora que est\u00e3o l\u00e1, na sala de aula, e conhecem os alunos e as alunas pelos nomes. Que nossos professores tenham ci\u00eancia que eles t\u00eam o reconhecimento da Secretaria da Educa\u00e7\u00e3o e desta gest\u00e3o\u201d, avaliou a secret\u00e1ria Am\u00e9rica Castro, acrescentando que \u201cneste 15 de outubro a Educa\u00e7\u00e3o Municipal tem raz\u00f5es de sobra para festejar esses profissionais imprescind\u00edveis, que s\u00e3o os professores e as professoras da Rede Municipal de Ensino, agradecendo-lhes por sua seriedade e dedica\u00e7\u00e3o, e, por extens\u00e3o, pela efici\u00eancia e pelo sucesso alcan\u00e7ado em todas as \u00e1reas em que atuam\u201d.<\/p>\n<p>O post <a rel=\"nofollow noopener\" href=\"https:\/\/wscom.com.br\/professores-comemoram-a-data-e-conquistas-alcancadas-atraves-da-atual-gestao-da-prefeitura-de-joao-pessoa\/\" target=\"_blank\">Professores comemoram a data e conquistas alcan\u00e7adas atrav\u00e9s da atual gest\u00e3o da Prefeitura de Jo\u00e3o Pessoa<\/a> apareceu primeiro em <a rel=\"nofollow noopener\" href=\"https:\/\/wscom.com.br\/\" target=\"_blank\">WSCOM<\/a>.<\/p>\n","protected":false},"excerpt":{"rendered":"<p>A celebra\u00e7\u00e3o do Dia dos Professores, que acontece neste domingo (15), \u00e9 lembrada pelas muitas conquistas e avan\u00e7os na atual gest\u00e3o, seja por meio de forma\u00e7\u00e3o, do atendimento imediato do piso salarial, acima do reajuste nacional, do di\u00e1logo aberto com a categoria, das progress\u00f5es horizontais, do afastamento remunerado de docentes para a qualifica\u00e7\u00e3o nos n\u00edveis [\u2026]<\/p>\n<p>O post <a rel=\"nofollow\" href=\"https:\/\/wscom.com.br\/professores-comemoram-a-data-e-conquistas-alcancadas-atraves-da-atual-gestao-da-prefeitura-de-joao-pessoa\/\">Professores comemoram a data e conquistas alcan\u00e7adas atrav\u00e9s da atual gest\u00e3o da Prefeitura de Jo\u00e3o Pessoa<\/a> apareceu primeiro em <a rel=\"nofollow\" href=\"https:\/\/wscom.com.br\/\">WSCOM<\/a>.<\/p>\n","protected":false},"author":49,"featured_media":0,"comment_status":"closed","ping_status":"closed","sticky":false,"template":"","format":"standard","meta":{"advgb_blocks_editor_width":"","advgb_blocks_columns_visual_guide":"","footnotes":""},"categories":[229,10122,34,71,216],"tags":[35],"class_list":["post-38843","post","type-post","status-publish","format-standard","hentry","category-educacao","category-educacao-rede-municipal-de-ensino","category-g1","category-joao-pessoa","category-pmjp","tag-g1"],"author_meta":{"display_name":"Cristiane Cavalcante","author_link":"https:\/\/sindaopcpb.org.br\/author\/cristiane-cavalcante\/"},"featured_img":null,"coauthors":[],"tax_additional":{"categories":{"linked":["<a href=\"https:\/\/sindaopcpb.org.br\/educacao\/\" class=\"advgb-post-tax-term\">Educa\u00e7\u00e3o<\/a>","<a href=\"https:\/\/sindaopcpb.org.br\/educacao-rede-municipal-de-ensino\/\" class=\"advgb-post-tax-term\">educa\u00e7\u00e3o rede municipal de ensino<\/a>","<a href=\"https:\/\/sindaopcpb.org.br\/g1\/\" class=\"advgb-post-tax-term\">G1<\/a>","<a href=\"https:\/\/sindaopcpb.org.br\/joao-pessoa\/\" class=\"advgb-post-tax-term\">Jo\u00e3o Pessoa<\/a>","<a href=\"https:\/\/sindaopcpb.org.br\/pmjp\/\" class=\"advgb-post-tax-term\">PMJP<\/a>"],"unlinked":["<span class=\"advgb-post-tax-term\">Educa\u00e7\u00e3o<\/span>","<span class=\"advgb-post-tax-term\">educa\u00e7\u00e3o rede municipal de ensino<\/span>","<span class=\"advgb-post-tax-term\">G1<\/span>","<span class=\"advgb-post-tax-term\">Jo\u00e3o Pessoa<\/span>","<span class=\"advgb-post-tax-term\">PMJP<\/span>"]},"tags":{"linked":["<a href=\"https:\/\/sindaopcpb.org.br\/pmjp\/\" class=\"advgb-post-tax-term\">g1<\/a>"],"unlinked":["<span class=\"advgb-post-tax-term\">g1<\/span>"]}},"comment_count":"0","relative_dates":{"created":"Publicado 3 anos atr\u00e1s","modified":"Atualizado 3 anos atr\u00e1s"},"absolute_dates":{"created":"Publicado em 15 de outubro de 2023","modified":"Atualizado em 15 de outubro de 2023"},"absolute_dates_time":{"created":"Publicado em 15 de outubro de 2023 13:31","modified":"Atualizado em 15 de outubro de 2023 13:31"},"featured_img_caption":"","series_order":"","_links":{"self":[{"href":"https:\/\/sindaopcpb.org.br\/index.php\/wp-json\/wp\/v2\/posts\/38843","targetHints":{"allow":["GET"]}}],"collection":[{"href":"https:\/\/sindaopcpb.org.br\/index.php\/wp-json\/wp\/v2\/posts"}],"about":[{"href":"https:\/\/sindaopcpb.org.br\/index.php\/wp-json\/wp\/v2\/types\/post"}],"author":[{"embeddable":true,"href":"https:\/\/sindaopcpb.org.br\/index.php\/wp-json\/wp\/v2\/users\/49"}],"replies":[{"embeddable":true,"href":"https:\/\/sindaopcpb.org.br\/index.php\/wp-json\/wp\/v2\/comments?post=38843"}],"version-history":[{"count":1,"href":"https:\/\/sindaopcpb.org.br\/index.php\/wp-json\/wp\/v2\/posts\/38843\/revisions"}],"predecessor-version":[{"id":38844,"href":"https:\/\/sindaopcpb.org.br\/index.php\/wp-json\/wp\/v2\/posts\/38843\/revisions\/38844"}],"wp:attachment":[{"href":"https:\/\/sindaopcpb.org.br\/index.php\/wp-json\/wp\/v2\/media?parent=38843"}],"wp:term":[{"taxonomy":"category","embeddable":true,"href":"https:\/\/sindaopcpb.org.br\/index.php\/wp-json\/wp\/v2\/categories?post=38843"},{"taxonomy":"post_tag","embeddable":true,"href":"https:\/\/sindaopcpb.org.br\/index.php\/wp-json\/wp\/v2\/tags?post=38843"}],"curies":[{"name":"wp","href":"https:\/\/api.w.org\/{rel}","templated":true}]}}