{"id":38841,"date":"2023-10-15T13:40:25","date_gmt":"2023-10-15T16:40:25","guid":{"rendered":"https:\/\/wpa.wscom.com.br\/?p=927818"},"modified":"2023-10-15T13:40:25","modified_gmt":"2023-10-15T16:40:25","slug":"procurado-da-justica-por-trafico-e-porte-ilegal-e-preso-em-bayeux-com-arma-furtada-de-policial-do-rio-grande-do-norte","status":"publish","type":"post","link":"https:\/\/sindaopcpb.org.br\/index.php\/2023\/10\/15\/procurado-da-justica-por-trafico-e-porte-ilegal-e-preso-em-bayeux-com-arma-furtada-de-policial-do-rio-grande-do-norte\/","title":{"rendered":"Procurado da justi\u00e7a por tr\u00e1fico e porte ilegal \u00e9 preso em Bayeux com arma furtada de policial do Rio Grande do Norte"},"content":{"rendered":"<p>A Pol\u00edcia Militar prendeu, na manh\u00e3 deste domingo (15), na cidade de Bayeux, um procurado da justi\u00e7a que responde pelos crimes de tr\u00e1fico de drogas e porte ilegal de arma. Contra ele, tinha um mandado de pris\u00e3o expedido pela Vara de Execu\u00e7\u00e3o Penal de Jo\u00e3o Pessoa, com validade at\u00e9 o ano de 2029.<\/p>\n<p>O acusado, de 21 anos, estava com uma pistola calibre 380 que tinha sido furtada de dentro do carro particular de um policial penal do Rio Grande do Norte, no ano de 2020, na praia de Galinhos \u2013 RN. O preso seria integrante de um grupo criminoso com atua\u00e7\u00e3o nos dois Estados (Para\u00edba e Rio Grande do Norte).<\/p>\n<p>A pris\u00e3o foi realizada durante refor\u00e7o que a 4\u00aa Companhia Independente da PM (4\u00aa CIPM) tem realizado na cidade de Bayeux. O preso e arma foram levados para a 6\u00aa Delegacia Distrital, em Santa Rita.<\/p>\n<p>O post <a rel=\"nofollow noopener\" href=\"https:\/\/wscom.com.br\/procurado-da-justica-por-trafico-e-porte-ilegal-e-preso-em-bayeux-com-arma-furtada-de-policial-do-rio-grande-do-norte\/\" target=\"_blank\">Procurado da justi\u00e7a por tr\u00e1fico e porte ilegal \u00e9 preso em Bayeux com arma furtada de policial do Rio Grande do Norte<\/a> apareceu primeiro em <a rel=\"nofollow noopener\" href=\"https:\/\/wscom.com.br\/\" target=\"_blank\">WSCOM<\/a>.<\/p>\n","protected":false},"excerpt":{"rendered":"<p>A Pol\u00edcia Militar prendeu, na manh\u00e3 deste domingo (15), na cidade de Bayeux, um procurado da justi\u00e7a que responde pelos crimes de tr\u00e1fico de drogas e porte ilegal de arma. Contra ele, tinha um mandado de pris\u00e3o expedido pela Vara de Execu\u00e7\u00e3o Penal de Jo\u00e3o Pessoa, com validade at\u00e9 o ano de 2029. O acusado, [\u2026]<\/p>\n<p>O post <a rel=\"nofollow\" href=\"https:\/\/wscom.com.br\/procurado-da-justica-por-trafico-e-porte-ilegal-e-preso-em-bayeux-com-arma-furtada-de-policial-do-rio-grande-do-norte\/\">Procurado da justi\u00e7a por tr\u00e1fico e porte ilegal \u00e9 preso em Bayeux com arma furtada de policial do Rio Grande do Norte<\/a> apareceu primeiro em <a rel=\"nofollow\" href=\"https:\/\/wscom.com.br\/\">WSCOM<\/a>.<\/p>\n","protected":false},"author":49,"featured_media":0,"comment_status":"closed","ping_status":"closed","sticky":false,"template":"","format":"standard","meta":{"advgb_blocks_editor_width":"","advgb_blocks_columns_visual_guide":"","footnotes":""},"categories":[10120,34,411,66,10121,769],"tags":[35],"class_list":["post-38841","post","type-post","status-publish","format-standard","hentry","category-arma-roubada","category-g1","category-policia-militar","category-policial","category-procurado-da-justica","category-trafico-de-drogas","tag-g1"],"author_meta":{"display_name":"Cristiane Cavalcante","author_link":"https:\/\/sindaopcpb.org.br\/author\/cristiane-cavalcante\/"},"featured_img":null,"coauthors":[],"tax_additional":{"categories":{"linked":["<a href=\"https:\/\/sindaopcpb.org.br\/arma-roubada\/\" class=\"advgb-post-tax-term\">arma roubada<\/a>","<a href=\"https:\/\/sindaopcpb.org.br\/g1\/\" class=\"advgb-post-tax-term\">G1<\/a>","<a href=\"https:\/\/sindaopcpb.org.br\/policia-militar\/\" class=\"advgb-post-tax-term\">Pol\u00edcia Militar<\/a>","<a href=\"https:\/\/sindaopcpb.org.br\/policial\/\" class=\"advgb-post-tax-term\">Policial<\/a>","<a href=\"https:\/\/sindaopcpb.org.br\/procurado-da-justica\/\" class=\"advgb-post-tax-term\">procurado da Justi\u00e7a<\/a>","<a href=\"https:\/\/sindaopcpb.org.br\/trafico-de-drogas\/\" class=\"advgb-post-tax-term\">tr\u00e1fico de drogas<\/a>"],"unlinked":["<span class=\"advgb-post-tax-term\">arma roubada<\/span>","<span class=\"advgb-post-tax-term\">G1<\/span>","<span class=\"advgb-post-tax-term\">Pol\u00edcia Militar<\/span>","<span class=\"advgb-post-tax-term\">Policial<\/span>","<span class=\"advgb-post-tax-term\">procurado da Justi\u00e7a<\/span>","<span class=\"advgb-post-tax-term\">tr\u00e1fico de drogas<\/span>"]},"tags":{"linked":["<a href=\"https:\/\/sindaopcpb.org.br\/trafico-de-drogas\/\" class=\"advgb-post-tax-term\">g1<\/a>"],"unlinked":["<span class=\"advgb-post-tax-term\">g1<\/span>"]}},"comment_count":"0","relative_dates":{"created":"Publicado 3 anos atr\u00e1s","modified":"Atualizado 3 anos atr\u00e1s"},"absolute_dates":{"created":"Publicado em 15 de outubro de 2023","modified":"Atualizado em 15 de outubro de 2023"},"absolute_dates_time":{"created":"Publicado em 15 de outubro de 2023 13:40","modified":"Atualizado em 15 de outubro de 2023 13:40"},"featured_img_caption":"","series_order":"","_links":{"self":[{"href":"https:\/\/sindaopcpb.org.br\/index.php\/wp-json\/wp\/v2\/posts\/38841","targetHints":{"allow":["GET"]}}],"collection":[{"href":"https:\/\/sindaopcpb.org.br\/index.php\/wp-json\/wp\/v2\/posts"}],"about":[{"href":"https:\/\/sindaopcpb.org.br\/index.php\/wp-json\/wp\/v2\/types\/post"}],"author":[{"embeddable":true,"href":"https:\/\/sindaopcpb.org.br\/index.php\/wp-json\/wp\/v2\/users\/49"}],"replies":[{"embeddable":true,"href":"https:\/\/sindaopcpb.org.br\/index.php\/wp-json\/wp\/v2\/comments?post=38841"}],"version-history":[{"count":1,"href":"https:\/\/sindaopcpb.org.br\/index.php\/wp-json\/wp\/v2\/posts\/38841\/revisions"}],"predecessor-version":[{"id":38842,"href":"https:\/\/sindaopcpb.org.br\/index.php\/wp-json\/wp\/v2\/posts\/38841\/revisions\/38842"}],"wp:attachment":[{"href":"https:\/\/sindaopcpb.org.br\/index.php\/wp-json\/wp\/v2\/media?parent=38841"}],"wp:term":[{"taxonomy":"category","embeddable":true,"href":"https:\/\/sindaopcpb.org.br\/index.php\/wp-json\/wp\/v2\/categories?post=38841"},{"taxonomy":"post_tag","embeddable":true,"href":"https:\/\/sindaopcpb.org.br\/index.php\/wp-json\/wp\/v2\/tags?post=38841"}],"curies":[{"name":"wp","href":"https:\/\/api.w.org\/{rel}","templated":true}]}}