{"id":38839,"date":"2023-10-15T13:49:45","date_gmt":"2023-10-15T16:49:45","guid":{"rendered":"https:\/\/wpa.wscom.com.br\/?p=927819"},"modified":"2023-10-15T13:49:45","modified_gmt":"2023-10-15T16:49:45","slug":"opiniao-ws-fala-da-necessidade-de-valorizacao-dos-professores-visando-garantir-condicoes-de-mudarem-as-pessoas-para-melhor","status":"publish","type":"post","link":"https:\/\/sindaopcpb.org.br\/index.php\/2023\/10\/15\/opiniao-ws-fala-da-necessidade-de-valorizacao-dos-professores-visando-garantir-condicoes-de-mudarem-as-pessoas-para-melhor\/","title":{"rendered":"OPINI\u00c3O: WS fala da necessidade de valoriza\u00e7\u00e3o dos professores visando garantir condi\u00e7\u00f5es de mudarem as pessoas para melhor"},"content":{"rendered":"<p>O post <a rel=\"nofollow noopener\" href=\"https:\/\/wscom.com.br\/opiniao-ws-fala-da-necessidade-de-valorizacao-dos-professores-visando-garantir-condicoes-de-mudarem-as-pessoas-para-melhor\/\" target=\"_blank\">OPINI\u00c3O: WS fala da necessidade de valoriza\u00e7\u00e3o dos professores visando garantir condi\u00e7\u00f5es de mudarem as pessoas para melhor<\/a> apareceu primeiro em <a rel=\"nofollow noopener\" href=\"https:\/\/wscom.com.br\/\" target=\"_blank\">WSCOM<\/a>.<\/p>\n","protected":false},"excerpt":{"rendered":"<p>O post OPINI\u00c3O: WS fala da necessidade de valoriza\u00e7\u00e3o dos professores visando garantir condi\u00e7\u00f5es de mudarem as pessoas para melhor apareceu primeiro em WSCOM.<\/p>\n","protected":false},"author":49,"featured_media":0,"comment_status":"closed","ping_status":"closed","sticky":false,"template":"","format":"standard","meta":{"advgb_blocks_editor_width":"","advgb_blocks_columns_visual_guide":"","footnotes":""},"categories":[10118,229,34,71,47,10119],"tags":[35],"class_list":["post-38839","post","type-post","status-publish","format-standard","hentry","category-dia-do-professor","category-educacao","category-g1","category-joao-pessoa","category-politica","category-valorizacao-do-educador","tag-g1"],"author_meta":{"display_name":"Cristiane Cavalcante","author_link":"https:\/\/sindaopcpb.org.br\/author\/cristiane-cavalcante\/"},"featured_img":null,"coauthors":[],"tax_additional":{"categories":{"linked":["<a href=\"https:\/\/sindaopcpb.org.br\/dia-do-professor\/\" class=\"advgb-post-tax-term\">Dia do Professor<\/a>","<a href=\"https:\/\/sindaopcpb.org.br\/educacao\/\" class=\"advgb-post-tax-term\">Educa\u00e7\u00e3o<\/a>","<a href=\"https:\/\/sindaopcpb.org.br\/g1\/\" class=\"advgb-post-tax-term\">G1<\/a>","<a href=\"https:\/\/sindaopcpb.org.br\/joao-pessoa\/\" class=\"advgb-post-tax-term\">Jo\u00e3o Pessoa<\/a>","<a href=\"https:\/\/sindaopcpb.org.br\/politica\/\" class=\"advgb-post-tax-term\">POLITICA<\/a>","<a href=\"https:\/\/sindaopcpb.org.br\/valorizacao-do-educador\/\" class=\"advgb-post-tax-term\">valoriza\u00e7\u00e3o do educador<\/a>"],"unlinked":["<span class=\"advgb-post-tax-term\">Dia do Professor<\/span>","<span class=\"advgb-post-tax-term\">Educa\u00e7\u00e3o<\/span>","<span class=\"advgb-post-tax-term\">G1<\/span>","<span class=\"advgb-post-tax-term\">Jo\u00e3o Pessoa<\/span>","<span class=\"advgb-post-tax-term\">POLITICA<\/span>","<span class=\"advgb-post-tax-term\">valoriza\u00e7\u00e3o do educador<\/span>"]},"tags":{"linked":["<a href=\"https:\/\/sindaopcpb.org.br\/valorizacao-do-educador\/\" class=\"advgb-post-tax-term\">g1<\/a>"],"unlinked":["<span class=\"advgb-post-tax-term\">g1<\/span>"]}},"comment_count":"0","relative_dates":{"created":"Publicado 3 anos atr\u00e1s","modified":"Atualizado 3 anos atr\u00e1s"},"absolute_dates":{"created":"Publicado em 15 de outubro de 2023","modified":"Atualizado em 15 de outubro de 2023"},"absolute_dates_time":{"created":"Publicado em 15 de outubro de 2023 13:49","modified":"Atualizado em 15 de outubro de 2023 13:49"},"featured_img_caption":"","series_order":"","_links":{"self":[{"href":"https:\/\/sindaopcpb.org.br\/index.php\/wp-json\/wp\/v2\/posts\/38839","targetHints":{"allow":["GET"]}}],"collection":[{"href":"https:\/\/sindaopcpb.org.br\/index.php\/wp-json\/wp\/v2\/posts"}],"about":[{"href":"https:\/\/sindaopcpb.org.br\/index.php\/wp-json\/wp\/v2\/types\/post"}],"author":[{"embeddable":true,"href":"https:\/\/sindaopcpb.org.br\/index.php\/wp-json\/wp\/v2\/users\/49"}],"replies":[{"embeddable":true,"href":"https:\/\/sindaopcpb.org.br\/index.php\/wp-json\/wp\/v2\/comments?post=38839"}],"version-history":[{"count":1,"href":"https:\/\/sindaopcpb.org.br\/index.php\/wp-json\/wp\/v2\/posts\/38839\/revisions"}],"predecessor-version":[{"id":38840,"href":"https:\/\/sindaopcpb.org.br\/index.php\/wp-json\/wp\/v2\/posts\/38839\/revisions\/38840"}],"wp:attachment":[{"href":"https:\/\/sindaopcpb.org.br\/index.php\/wp-json\/wp\/v2\/media?parent=38839"}],"wp:term":[{"taxonomy":"category","embeddable":true,"href":"https:\/\/sindaopcpb.org.br\/index.php\/wp-json\/wp\/v2\/categories?post=38839"},{"taxonomy":"post_tag","embeddable":true,"href":"https:\/\/sindaopcpb.org.br\/index.php\/wp-json\/wp\/v2\/tags?post=38839"}],"curies":[{"name":"wp","href":"https:\/\/api.w.org\/{rel}","templated":true}]}}