{"id":38781,"date":"2023-10-14T17:26:10","date_gmt":"2023-10-14T20:26:10","guid":{"rendered":"https:\/\/wpa.wscom.com.br\/?p=927678"},"modified":"2023-10-14T17:26:10","modified_gmt":"2023-10-14T20:26:10","slug":"presidente-lula-se-reune-com-presidente-da-autoridade-palestina","status":"publish","type":"post","link":"https:\/\/sindaopcpb.org.br\/index.php\/2023\/10\/14\/presidente-lula-se-reune-com-presidente-da-autoridade-palestina\/","title":{"rendered":"Presidente Lula se re\u00fane com presidente da Autoridade Palestina"},"content":{"rendered":"<div class=\"group final-completion w-full text-token-text-primary border-b border-black\/10 gizmo:border-0 dark:border-gray-900\/50 gizmo:dark:border-0 bg-gray-50 gizmo:bg-transparent dark:bg-[#444654] gizmo:dark:bg-transparent\" data-testid=\"conversation-turn-9\">\n<div class=\"p-4 justify-center text-base md:gap-6 md:py-6 m-auto\">\n<div class=\"flex flex-1 gap-4 text-base mx-auto md:gap-6 gizmo:gap-3 gizmo:md:px-5 gizmo:lg:px-1 gizmo:xl:px-5 md:max-w-2xl lg:max-w-[38rem] gizmo:md:max-w-3xl gizmo:lg:max-w-[40rem] gizmo:xl:max-w-[48rem] xl:max-w-3xl }\">\n<div class=\"relative flex w-[calc(100%-50px)] flex-col gizmo:w-full lg:w-[calc(100%-115px)] agent-turn\">\n<div class=\"flex-col gap-1 md:gap-3\">\n<div class=\"flex flex-grow flex-col gap-3 max-w-full\">\n<div class=\"min-h-[20px] flex flex-col items-start gap-3 whitespace-pre-wrap break-words overflow-x-auto\">\n<div class=\"markdown prose w-full break-words dark:prose-invert light\">\n<p>O presidente da Rep\u00fablica, Luiz In\u00e1cio Lula da Silva, conversou neste s\u00e1bado, dia 14 de outubro, no in\u00edcio da tarde (14h), por telefone, com o presidente da Autoridade Palestina, Mahmoud Abbas, l\u00edder do povo palestino, na busca de apoio para a sa\u00edda dos brasileiros da Faixa de Gaza. O presidente lembrou o reconhecimento brasileiro do Estado palestino.<\/p>\n<\/div>\n<\/div>\n<\/div>\n<div class=\"flex justify-between empty:hidden gizmo:justify-start gizmo:gap-3 lg:block\">\n<div class=\"text-gray-400 flex self-end lg:self-center justify-center gizmo:lg:justify-start mt-2 gizmo:mt-0 visible lg:gap-1 lg:absolute lg:top-0 lg:translate-x-full lg:right-0 lg:mt-0 lg:pl-2 gap-2 md:gap-3\">\n<p>Na conversa, Lula expressou preocupa\u00e7\u00e3o com os civis na regi\u00e3o e o bloqueio de ajuda humanit\u00e1ria. O presidente brasileiro condenou os ataques terroristas contra civis em Israel, refor\u00e7ou a import\u00e2ncia de um corredor humanit\u00e1rio e a liberta\u00e7\u00e3o imediata de todos os ref\u00e9ns. Lula disse que os inocentes em Gaza n\u00e3o podem pagar o pre\u00e7o da insanidade daqueles que querem a guerra. Ambos reafirmaram a import\u00e2ncia da busca por uma solu\u00e7\u00e3o pol\u00edtica e pela paz para a regi\u00e3o.<\/p>\n<p>Lula ressaltou a disposi\u00e7\u00e3o do Brasil em ajudar na busca da paz.<\/p>\n<p><span style=\"font-size: 10pt;\"><i><strong>Fonte:\u00a0<\/strong>Secretaria de Comunica\u00e7\u00e3o Social da Presid\u00eancia da Rep\u00fablica<\/i><\/span><\/p>\n<div class=\"flex gap-1 gizmo:gap-3\"><\/div>\n<\/div>\n<\/div>\n<\/div>\n<\/div>\n<\/div>\n<\/div>\n<\/div>\n<p>O post <a rel=\"nofollow noopener\" href=\"https:\/\/wscom.com.br\/presidente-lula-se-reune-com-presidente-da-autoridade-palestina\/\" target=\"_blank\">Presidente Lula se re\u00fane com presidente da Autoridade Palestina<\/a> apareceu primeiro em <a rel=\"nofollow noopener\" href=\"https:\/\/wscom.com.br\/\" target=\"_blank\">WSCOM<\/a>.<\/p>\n","protected":false},"excerpt":{"rendered":"<p>O presidente da Rep\u00fablica, Luiz In\u00e1cio Lula da Silva, conversou neste s\u00e1bado, dia 14 de outubro, no in\u00edcio da tarde (14h), por telefone, com o presidente da Autoridade Palestina, Mahmoud Abbas, l\u00edder do povo palestino, na busca de apoio para a sa\u00edda dos brasileiros da Faixa de Gaza. O presidente lembrou o reconhecimento brasileiro do [\u2026]<\/p>\n<p>O post <a rel=\"nofollow\" href=\"https:\/\/wscom.com.br\/presidente-lula-se-reune-com-presidente-da-autoridade-palestina\/\">Presidente Lula se re\u00fane com presidente da Autoridade Palestina<\/a> apareceu primeiro em <a rel=\"nofollow\" href=\"https:\/\/wscom.com.br\/\">WSCOM<\/a>.<\/p>\n","protected":false},"author":58,"featured_media":0,"comment_status":"closed","ping_status":"closed","sticky":false,"template":"","format":"standard","meta":{"advgb_blocks_editor_width":"","advgb_blocks_columns_visual_guide":"","footnotes":""},"categories":[60,34,111,9893,110,939,9900],"tags":[35],"class_list":["post-38781","post","type-post","status-publish","format-standard","hentry","category-brasil-mundo","category-g1","category-internacional","category-israel","category-lula","category-mundo","category-palestina","tag-g1"],"author_meta":{"display_name":"Juliana Terra","author_link":"https:\/\/sindaopcpb.org.br\/author\/juliana-terra\/"},"featured_img":null,"coauthors":[],"tax_additional":{"categories":{"linked":["<a href=\"https:\/\/sindaopcpb.org.br\/brasil-mundo\/\" class=\"advgb-post-tax-term\">Brasil \/ Mundo<\/a>","<a href=\"https:\/\/sindaopcpb.org.br\/g1\/\" class=\"advgb-post-tax-term\">G1<\/a>","<a href=\"https:\/\/sindaopcpb.org.br\/internacional\/\" class=\"advgb-post-tax-term\">Internacional<\/a>","<a href=\"https:\/\/sindaopcpb.org.br\/israel\/\" class=\"advgb-post-tax-term\">israel<\/a>","<a href=\"https:\/\/sindaopcpb.org.br\/lula\/\" class=\"advgb-post-tax-term\">Lula<\/a>","<a href=\"https:\/\/sindaopcpb.org.br\/mundo\/\" class=\"advgb-post-tax-term\">Mundo<\/a>","<a href=\"https:\/\/sindaopcpb.org.br\/palestina\/\" class=\"advgb-post-tax-term\">Palestina<\/a>"],"unlinked":["<span class=\"advgb-post-tax-term\">Brasil \/ Mundo<\/span>","<span class=\"advgb-post-tax-term\">G1<\/span>","<span class=\"advgb-post-tax-term\">Internacional<\/span>","<span class=\"advgb-post-tax-term\">israel<\/span>","<span class=\"advgb-post-tax-term\">Lula<\/span>","<span class=\"advgb-post-tax-term\">Mundo<\/span>","<span class=\"advgb-post-tax-term\">Palestina<\/span>"]},"tags":{"linked":["<a href=\"https:\/\/sindaopcpb.org.br\/palestina\/\" class=\"advgb-post-tax-term\">g1<\/a>"],"unlinked":["<span class=\"advgb-post-tax-term\">g1<\/span>"]}},"comment_count":"0","relative_dates":{"created":"Publicado 3 anos atr\u00e1s","modified":"Atualizado 3 anos atr\u00e1s"},"absolute_dates":{"created":"Publicado em 14 de outubro de 2023","modified":"Atualizado em 14 de outubro de 2023"},"absolute_dates_time":{"created":"Publicado em 14 de outubro de 2023 17:26","modified":"Atualizado em 14 de outubro de 2023 17:26"},"featured_img_caption":"","series_order":"","_links":{"self":[{"href":"https:\/\/sindaopcpb.org.br\/index.php\/wp-json\/wp\/v2\/posts\/38781","targetHints":{"allow":["GET"]}}],"collection":[{"href":"https:\/\/sindaopcpb.org.br\/index.php\/wp-json\/wp\/v2\/posts"}],"about":[{"href":"https:\/\/sindaopcpb.org.br\/index.php\/wp-json\/wp\/v2\/types\/post"}],"author":[{"embeddable":true,"href":"https:\/\/sindaopcpb.org.br\/index.php\/wp-json\/wp\/v2\/users\/58"}],"replies":[{"embeddable":true,"href":"https:\/\/sindaopcpb.org.br\/index.php\/wp-json\/wp\/v2\/comments?post=38781"}],"version-history":[{"count":1,"href":"https:\/\/sindaopcpb.org.br\/index.php\/wp-json\/wp\/v2\/posts\/38781\/revisions"}],"predecessor-version":[{"id":38782,"href":"https:\/\/sindaopcpb.org.br\/index.php\/wp-json\/wp\/v2\/posts\/38781\/revisions\/38782"}],"wp:attachment":[{"href":"https:\/\/sindaopcpb.org.br\/index.php\/wp-json\/wp\/v2\/media?parent=38781"}],"wp:term":[{"taxonomy":"category","embeddable":true,"href":"https:\/\/sindaopcpb.org.br\/index.php\/wp-json\/wp\/v2\/categories?post=38781"},{"taxonomy":"post_tag","embeddable":true,"href":"https:\/\/sindaopcpb.org.br\/index.php\/wp-json\/wp\/v2\/tags?post=38781"}],"curies":[{"name":"wp","href":"https:\/\/api.w.org\/{rel}","templated":true}]}}