{"id":38734,"date":"2023-10-14T09:15:38","date_gmt":"2023-10-14T12:15:38","guid":{"rendered":"https:\/\/wpa.wscom.com.br\/?p=927568"},"modified":"2023-10-14T09:15:38","modified_gmt":"2023-10-14T12:15:38","slug":"no-periodo-de-2011-a-2020-o-brasil-registrou-466-obitos-de-menores-no-ambiente-de-trabalho","status":"publish","type":"post","link":"https:\/\/sindaopcpb.org.br\/index.php\/2023\/10\/14\/no-periodo-de-2011-a-2020-o-brasil-registrou-466-obitos-de-menores-no-ambiente-de-trabalho\/","title":{"rendered":"No per\u00edodo de 2011 a 2020, o Brasil registrou 466 \u00f3bitos de menores no ambiente de trabalho."},"content":{"rendered":"<p>Entre 2011 e 2020, o Brasil registrou 24.909 casos de acidentes de trabalho e 466 mortes envolvendo menores de 18 anos de idade, com uma m\u00e9dia de 2,5 mil acidentes e 47 mortes por ano, conforme destaca estudo da Funda\u00e7\u00e3o Oswaldo Cruz (Fiocruz), publicado nesta sexta-feira (13), na\u00a0<em>Revista Brasileira de Sa\u00fade Ocupacional<\/em>.<img decoding=\"async\" src=\"https:\/\/agenciabrasil.ebc.com.br\/ebc.png?id=1560668&amp;o=node\" alt=\"\" title=\"\"><img decoding=\"async\" src=\"https:\/\/agenciabrasil.ebc.com.br\/ebc.gif?id=1560668&amp;o=node\" alt=\"\" title=\"\"><\/p>\n<p>O que serviu de refer\u00eancia para a escrita do artigo foi a base de dados do Sistema de Informa\u00e7\u00e3o de Agravos de Notifica\u00e7\u00e3o (Sinan) e do Sistema de Informa\u00e7\u00e3o sobre Mortalidade (SIM), que registram acidentes de crian\u00e7as e adolescentes com idade entre 5 e 17 anos. De acordo com c\u00e1lculos da Pesquisa Nacional por Amostra de Domic\u00edlios (Pnad), mais de 1,8 milh\u00e3o de menores de idade com essa faixa et\u00e1ria (4,6%) eram v\u00edtimas de trabalho infantil em 2019.<\/p>\n<p>A parcela indicada no artigo rec\u00e9m-publicado corresponde a 3% do total de acidentes graves de trabalho documentados pelo Sinan. O que se observa, em rela\u00e7\u00e3o ao perfil das v\u00edtimas, \u00e9 que a maioria \u00e9 do g\u00eanero masculino (82%), tem 16 ou 17 anos (85%) e \u00e9 branca (44%).<\/p>\n<p>Embora haja predomin\u00e2ncia de brancos em rela\u00e7\u00e3o ao \u00edndice geral, quando o recorte \u00e9 de riscos no contexto do trabalho infantil, a propor\u00e7\u00e3o de crian\u00e7as e adolescentes negros, ou seja, pretos e pardos, \u00e9 maior, de 56% contra 40% de brancos. Al\u00e9m disso, percebe-se que o setor de servi\u00e7os tem sido o que mais agrava a situa\u00e7\u00e3o de trabalho infantil no pa\u00eds, atualmente.<\/p>\n<p>A origem, salienta o artigo acad\u00eamico, \u00e9, principalmente, o emprego como entregador de delivery ou outros produtos, vendedor ambulante em centros urbanos, trabalhador dom\u00e9stico ou de cuidador. Outro dado relevante, trazido pela pesquisa, \u00e9 o de que segmentos como agropecu\u00e1ria, ind\u00fastria extrativista e constru\u00e7\u00e3o civil ocasionam mais mortes.<\/p>\n<p>Na d\u00e9cada sob an\u00e1lise, houve aumento de 3,8% no n\u00famero de registros de acidentes com crian\u00e7as de 5 a 13 anos, idade em que o trabalho \u00e9 ilegal, segundo a legisla\u00e7\u00e3o brasileira. As outras faixas de idade, de 14 a 15 anos e de 16 a 17 anos, apresentaram em torno de 50% de queda de registros no per\u00edodo analisado.<\/p>\n<blockquote>\n<p>A autora principal do estudo, \u00c9lida Hennington, professora da Escola Nacional de Sa\u00fade P\u00fablica S\u00e9rgio Arouca, da Fiocruz, afirma que, apesar de os n\u00fameros reais ficarem muito abaixo do que \u00e9 registrado, s\u00e3o &#8220;aterradores&#8221;. &#8220;Imaginando que isso \u00e9 apenas uma parte da realidade, isso tem um peso grande para esse problema. Acho que n\u00e3o existe uma solu\u00e7\u00e3o m\u00e1gica nem a curto prazo. Acho que deve haver um esfor\u00e7o dos governos federal, estadual e municipal e da sociedade, tem que ser um grupo articulado, envolvendo Minist\u00e9rio P\u00fablico, conselhos tutelares, escolas, para a gente conseguir olhar para esses diagn\u00f3sticos feitos e propor a\u00e7\u00f5es mais contundentes e que possam, de fato, impactar essa realidade&#8221;, argumenta.<\/p>\n<\/blockquote>\n<p>&#8220;A gente tem de continuar essa luta especialmente para combater o trabalho infantil, n\u00e3o \u00e9 nem para prevenir acidentes&#8221;, resume.<\/p>\n<p>A secret\u00e1ria executiva do F\u00f3rum Nacional de Preven\u00e7\u00e3o e Erradica\u00e7\u00e3o do Trabalho Infantil (FNPETI), Katerina Volcov, comenta que h\u00e1, ainda hoje, no pa\u00eds, muito desconhecimento sobre o que configura trabalho infantil e que isso faz com que casos sejam reportados como neglig\u00eancia ou tenham outra caracteriza\u00e7\u00e3o oficialmente. Isso acaba gerando subnotifica\u00e7\u00e3o nos \u00edndices.<\/p>\n<p>Outro ponto para o qual chama a aten\u00e7\u00e3o \u00e9 o fato de que muitos acidentes que crian\u00e7as e adolescentes sofrem no ambiente dom\u00e9stico, na condi\u00e7\u00e3o de trabalhadores, permanecem invis\u00edveis, sem que isso chegue at\u00e9 as autoridades. Algo que contribui para que isso fique longe dos olhos da maioria das pessoas \u00e9 tamb\u00e9m a natureza da atividade, j\u00e1 que os trabalhadores dom\u00e9sticos s\u00e3o bastante esquecidos j\u00e1 naturalmente.<\/p>\n<blockquote>\n<p>Para Katerina, esse tipo de explora\u00e7\u00e3o \u00e9 um indicativo de que h\u00e1 um conjunto de elementos em desarmonia, quadro que exige o aprimoramento e a articula\u00e7\u00e3o de pol\u00edticas p\u00fablicas ao mesmo tempo, para que se solucione desde a pobreza e o atendimento de sa\u00fade at\u00e9 o sistema de educa\u00e7\u00e3o e \u00e0 organiza\u00e7\u00e3o de cooperativas. &#8220;O trabalho infantil \u00e9 a ponta do iceberg da desigualdade social. Quando voc\u00ea o v\u00ea, \u00e9 porque uma s\u00e9rie de direitos n\u00e3o foram efetivados para aquela crian\u00e7a, para aquele adolescente e para aquela fam\u00edlia&#8221;, sintetiza ela.<\/p>\n<\/blockquote>\n<p>Resgatando um pouco do que j\u00e1 testemunhou a partir de suas andan\u00e7as pelo pa\u00eds, como figura que contribui para o enfrentamento desse tipo de crime, a secret\u00e1ria do FNPETI pontua que a ideia que algumas fam\u00edlias fazem do trabalho impacta diretamente os \u00edndices de viola\u00e7\u00f5es de direitos de crian\u00e7as e adolescentes.<\/p>\n<p>Ela menciona que muitas pessoas consideram normal que menores de idade exer\u00e7am certas atividades, como acontece com a cultura extrativista no norte do pa\u00eds, a qual depende do manuseio de instrumentos pontiagudos, aos quais eles acabam tendo acesso. Ou seja, de certa forma, o trabalho infantil \u00e9 aceito e mesmo incentivado, por vezes. &#8220;Teve um caso muito emblem\u00e1tico no Maraj\u00f3, de um menino de 13, 14 anos, que trabalhava em uma serralheria e foi cortado ao meio. Morreu na hora&#8221;, conta Katerina.<\/p>\n<p>Katerina acrescenta que diversos mitos em torno do trabalho complicam mais o combate ao trabalho infantil. Como exemplo, ela cita a no\u00e7\u00e3o que o brasileiro tem de se poder circular livremente pelas ruas. &#8220;A rua acaba sendo um sin\u00f4nimo de vagabundagem. Isso tem resqu\u00edcios na nossa hist\u00f3ria. Quando voc\u00ea vai ler sobre a malandragem, a capoeira, o samba, vai vendo que isso tem a ver com o per\u00edodo de escravid\u00e3o, quando n\u00e3o se permitia que os ex-escravizados, que n\u00e3o eram assalariados ainda, permanecessem nas ruas. Tem esse constructo social que permanece. A nossa sociedade \u00e9 imensamente racista, mis\u00f3gina, homof\u00f3bica e isso se reproduz no modo como as pessoas v\u00e3o escolhendo suas profiss\u00f5es&#8221;, lembra ela.<\/p>\n<p><span style=\"font-size: 10pt;\"><strong><em>Ag\u00eancia Brasil<\/em><\/strong><\/span><\/p>\n<p>O post <a rel=\"nofollow noopener\" href=\"https:\/\/wscom.com.br\/no-periodo-de-2011-a-2020-o-brasil-registrou-466-obitos-de-menores-no-ambiente-de-trabalho\/\" target=\"_blank\">No per\u00edodo de 2011 a 2020, o Brasil registrou 466 \u00f3bitos de menores no ambiente de trabalho.<\/a> apareceu primeiro em <a rel=\"nofollow noopener\" href=\"https:\/\/wscom.com.br\/\" target=\"_blank\">WSCOM<\/a>.<\/p>\n","protected":false},"excerpt":{"rendered":"<p>Entre 2011 e 2020, o Brasil registrou 24.909 casos de acidentes de trabalho e 466 mortes envolvendo menores de 18 anos de idade, com uma m\u00e9dia de 2,5 mil acidentes e 47 mortes por ano, conforme destaca estudo da Funda\u00e7\u00e3o Oswaldo Cruz (Fiocruz), publicado nesta sexta-feira (13), na\u00a0Revista Brasileira de Sa\u00fade Ocupacional. O que serviu [\u2026]<\/p>\n<p>O post <a rel=\"nofollow\" href=\"https:\/\/wscom.com.br\/no-periodo-de-2011-a-2020-o-brasil-registrou-466-obitos-de-menores-no-ambiente-de-trabalho\/\">No per\u00edodo de 2011 a 2020, o Brasil registrou 466 \u00f3bitos de menores no ambiente de trabalho.<\/a> apareceu primeiro em <a rel=\"nofollow\" href=\"https:\/\/wscom.com.br\/\">WSCOM<\/a>.<\/p>\n","protected":false},"author":58,"featured_media":0,"comment_status":"closed","ping_status":"closed","sticky":false,"template":"","format":"standard","meta":{"advgb_blocks_editor_width":"","advgb_blocks_columns_visual_guide":"","footnotes":""},"categories":[9664,34,10086,418,251,10087],"tags":[35],"class_list":["post-38734","post","type-post","status-publish","format-standard","hentry","category-eca","category-g1","category-menores","category-noticias","category-trabalho","category-trabalho-infantil","tag-g1"],"author_meta":{"display_name":"Juliana Terra","author_link":"https:\/\/sindaopcpb.org.br\/author\/juliana-terra\/"},"featured_img":null,"coauthors":[],"tax_additional":{"categories":{"linked":["<a href=\"https:\/\/sindaopcpb.org.br\/eca\/\" class=\"advgb-post-tax-term\">ECA<\/a>","<a href=\"https:\/\/sindaopcpb.org.br\/g1\/\" class=\"advgb-post-tax-term\">G1<\/a>","<a href=\"https:\/\/sindaopcpb.org.br\/menores\/\" class=\"advgb-post-tax-term\">Menores<\/a>","<a href=\"https:\/\/sindaopcpb.org.br\/noticias\/\" class=\"advgb-post-tax-term\">Not\u00edcias<\/a>","<a href=\"https:\/\/sindaopcpb.org.br\/trabalho\/\" class=\"advgb-post-tax-term\">Trabalho<\/a>","<a href=\"https:\/\/sindaopcpb.org.br\/trabalho-infantil\/\" class=\"advgb-post-tax-term\">trabalho infantil<\/a>"],"unlinked":["<span class=\"advgb-post-tax-term\">ECA<\/span>","<span class=\"advgb-post-tax-term\">G1<\/span>","<span class=\"advgb-post-tax-term\">Menores<\/span>","<span class=\"advgb-post-tax-term\">Not\u00edcias<\/span>","<span class=\"advgb-post-tax-term\">Trabalho<\/span>","<span class=\"advgb-post-tax-term\">trabalho infantil<\/span>"]},"tags":{"linked":["<a href=\"https:\/\/sindaopcpb.org.br\/trabalho-infantil\/\" class=\"advgb-post-tax-term\">g1<\/a>"],"unlinked":["<span class=\"advgb-post-tax-term\">g1<\/span>"]}},"comment_count":"0","relative_dates":{"created":"Publicado 3 anos atr\u00e1s","modified":"Atualizado 3 anos atr\u00e1s"},"absolute_dates":{"created":"Publicado em 14 de outubro de 2023","modified":"Atualizado em 14 de outubro de 2023"},"absolute_dates_time":{"created":"Publicado em 14 de outubro de 2023 09:15","modified":"Atualizado em 14 de outubro de 2023 09:15"},"featured_img_caption":"","series_order":"","_links":{"self":[{"href":"https:\/\/sindaopcpb.org.br\/index.php\/wp-json\/wp\/v2\/posts\/38734","targetHints":{"allow":["GET"]}}],"collection":[{"href":"https:\/\/sindaopcpb.org.br\/index.php\/wp-json\/wp\/v2\/posts"}],"about":[{"href":"https:\/\/sindaopcpb.org.br\/index.php\/wp-json\/wp\/v2\/types\/post"}],"author":[{"embeddable":true,"href":"https:\/\/sindaopcpb.org.br\/index.php\/wp-json\/wp\/v2\/users\/58"}],"replies":[{"embeddable":true,"href":"https:\/\/sindaopcpb.org.br\/index.php\/wp-json\/wp\/v2\/comments?post=38734"}],"version-history":[{"count":1,"href":"https:\/\/sindaopcpb.org.br\/index.php\/wp-json\/wp\/v2\/posts\/38734\/revisions"}],"predecessor-version":[{"id":38735,"href":"https:\/\/sindaopcpb.org.br\/index.php\/wp-json\/wp\/v2\/posts\/38734\/revisions\/38735"}],"wp:attachment":[{"href":"https:\/\/sindaopcpb.org.br\/index.php\/wp-json\/wp\/v2\/media?parent=38734"}],"wp:term":[{"taxonomy":"category","embeddable":true,"href":"https:\/\/sindaopcpb.org.br\/index.php\/wp-json\/wp\/v2\/categories?post=38734"},{"taxonomy":"post_tag","embeddable":true,"href":"https:\/\/sindaopcpb.org.br\/index.php\/wp-json\/wp\/v2\/tags?post=38734"}],"curies":[{"name":"wp","href":"https:\/\/api.w.org\/{rel}","templated":true}]}}