{"id":38723,"date":"2023-10-14T09:01:40","date_gmt":"2023-10-14T12:01:40","guid":{"rendered":"https:\/\/www.infomoney.com.br\/?p=2190433"},"modified":"2023-10-14T09:01:40","modified_gmt":"2023-10-14T12:01:40","slug":"reforma-tributaria-preco-dos-combustiveis-continuara-causando-dor-de-cabeca-ao-consumidor","status":"publish","type":"post","link":"https:\/\/sindaopcpb.org.br\/index.php\/2023\/10\/14\/reforma-tributaria-preco-dos-combustiveis-continuara-causando-dor-de-cabeca-ao-consumidor\/","title":{"rendered":"Reforma tribut\u00e1ria: pre\u00e7o dos combust\u00edveis continuar\u00e1 causando \u2018dor de cabe\u00e7a\u2019 ao consumidor?"},"content":{"rendered":"<p><img loading=\"lazy\" width=\"300\" height=\"210\" src=\"https:\/\/www.infomoney.com.br\/wp-content\/uploads\/2019\/06\/gasolina-posto-combustivel.jpg?fit=300%2C210&amp;quality=70&amp;strip=all\" class=\"attachment-medium size-medium wp-post-image\" alt=\"\" decoding=\"async\" style=\"float:right; margin:0 0 10px 10px;\" srcset=\"https:\/\/www.infomoney.com.br\/wp-content\/uploads\/2019\/06\/gasolina-posto-combustivel.jpg?w=900&amp;quality=70&amp;strip=all 900w, https:\/\/www.infomoney.com.br\/wp-content\/uploads\/2019\/06\/gasolina-posto-combustivel.jpg?w=300&amp;quality=70&amp;strip=all 300w, https:\/\/www.infomoney.com.br\/wp-content\/uploads\/2019\/06\/gasolina-posto-combustivel.jpg?w=768&amp;quality=70&amp;strip=all 768w, https:\/\/www.infomoney.com.br\/wp-content\/uploads\/2019\/06\/gasolina-posto-combustivel.jpg?w=150&amp;quality=70&amp;strip=all 150w\" sizes=\"auto, (max-width: 300px) 100vw, 300px\" data-attachment-id=\"52880\" data-permalink=\"https:\/\/www.infomoney.com.br\/gasolina-posto-combustivel\/\" data-orig-file=\"https:\/\/www.infomoney.com.br\/wp-content\/uploads\/2019\/06\/gasolina-posto-combustivel.jpg?fit=900%2C631&amp;quality=70&amp;strip=all\" data-orig-size=\"900,631\" data-comments-opened=\"1\" data-image-meta=\"{&quot;aperture&quot;:&quot;0&quot;,&quot;credit&quot;:&quot;&quot;,&quot;camera&quot;:&quot;&quot;,&quot;caption&quot;:&quot;&quot;,&quot;created_timestamp&quot;:&quot;0&quot;,&quot;copyright&quot;:&quot;&quot;,&quot;focal_length&quot;:&quot;0&quot;,&quot;iso&quot;:&quot;0&quot;,&quot;shutter_speed&quot;:&quot;0&quot;,&quot;title&quot;:&quot;&quot;,&quot;orientation&quot;:&quot;0&quot;}\" data-image-title=\"gasolina-posto-combustivel\" data-image-description=\"\" data-image-caption=\"&lt;p&gt;Bomba de gasolina&lt;\/p&gt;\n\" data-medium-file=\"https:\/\/www.infomoney.com.br\/wp-content\/uploads\/2019\/06\/gasolina-posto-combustivel.jpg?fit=300%2C210&amp;quality=70&amp;strip=all\" data-large-file=\"https:\/\/www.infomoney.com.br\/wp-content\/uploads\/2019\/06\/gasolina-posto-combustivel.jpg?fit=900%2C631&amp;quality=70&amp;strip=all\" title=\"\"><\/p>\n<p>O texto-base da reforma tribut&aacute;ria, aprovado na C&acirc;mara e que est&aacute; em an&aacute;lise pelo Senado, prev&ecirc; mudan&ccedil;as na cobran&ccedil;a de impostos sobre o consumo, com poss&iacute;veis <a href=\"https:\/\/www.infomoney.com.br\/mercados\/gasolina-esta-r-011-mais-cara-no-brasil-do-que-no-exterior-diesel-r-044-mais-barato\/\" rel=\"noopener nofollow\" target=\"_blank\">efeitos nos combust&iacute;veis.<\/a><\/p>\n<p>O que se sabe at&eacute; agora &eacute; que uma lei complementar ter&aacute; de ser esbo&ccedil;ada para nortear o peso tribut&aacute;rio que vai incidir sobre os combust&iacute;veis que alimentam carros, &ocirc;nibus e outros meios de transporte que circulam no pa&iacute;s.<\/p>\n<p>O texto-base, por enquanto, definiu um Imposto sobre Valor Adicionado (IVA) no formato dual, que ser&aacute; criado para o sistema tribut&aacute;rio brasileiro. Ele &eacute; composto por dois tributos: a Contribui&ccedil;&atilde;o sobre Bens e Servi&ccedil;os (CBS) e o Imposto sobre Bens e Servi&ccedil;os (IBS).<\/p>\n<p>O primeiro substituiria tr&ecirc;s tributos federais: <a href=\"https:\/\/www.infomoney.com.br\/politica\/reforma-tributaria-preve-fusao-de-5-impostos-em-iva-dual-e-3-aliquotas-veja-parecer-do-relator\/\" rel=\"nofollow noopener\" target=\"_blank\">PIS, Cofins e o IPI.<\/a> E o segundo o<a href=\"https:\/\/www.infomoney.com.br\/politica\/reforma-tributaria-preve-fusao-de-5-impostos-em-iva-dual-e-3-aliquotas-veja-parecer-do-relator\/\" rel=\"nofollow noopener\" target=\"_blank\"> ICMS (estadual) e o ISS (municipal).<\/a> No novo sistema, o IVA dual contar&aacute; com uma al&iacute;quota-padr&atilde;o, outra diferenciada (com redu&ccedil;&atilde;o de 60% em rela&ccedil;&atilde;o &agrave; primeira) e uma terceira zerada.<\/p>\n<p>Embora essas al&iacute;quotas impactem diretamente todos os itens da reforma, ainda n&atilde;o foram definidas &#8210; o que deve acontecer s&oacute; quando projeto de lei complementar sobre o assunto entrar em discuss&atilde;o.<\/p>\n<div class=\"infomoney-related-posts\">\n<h4>Leia tamb&eacute;m<\/h4>\n<div class=\"list\">\n<div class=\"row mx-0 item\">\n<div class=\"img-container\">\n<figure><img decoding=\"async\" class=\"img-fluid img-fluid\" src=\"https:\/\/www.infomoney.com.br\/wp-content\/uploads\/2023\/07\/reforma-tributaria.jpg?quality=70&#038;w=150&#038;%23038;h=150&#038;%23038;crop=1&#038;%23038;strip=all\" data-recalc-dims=\"1\" alt=\"\" title=\"\"><\/figure>\n<\/div>\n<div class=\"info\"><span class=\"hl-hat\">Entenda<\/span><span class=\"hl-title\"><a href=\"https:\/\/www.infomoney.com.br\/politica\/reforma-tributaria-principais-pontos-em-discussao\/\" rel=\"nofollow noopener\" target=\"_blank\">Reforma tribut&aacute;ria: os principais pontos do que est&aacute; em discuss&atilde;o no Congresso<\/a><\/span><span class=\"hl-description\">Unifica&ccedil;&atilde;o de tributos, cobran&ccedil;a no destino, regimes especiais e &ldquo;cashback&rdquo; de imposto pago s&atilde;o alguns dos pontos<\/span><\/div>\n<\/div>\n<\/div>\n<\/div>\n<h2>Situa&ccedil;&atilde;o dos combust&iacute;veis<\/h2>\n<p>O setor de combust&iacute;veis passou por uma mudan&ccedil;a recente e que deve ser mantida (ou de forma bem similar) com a reforma. Antes, os combust&iacute;veis sofriam incid&ecirc;ncia de impostos, especialmente ICMS, diversas vezes em sua cadeia produtiva pelo valor efetivo de venda at&eacute; chegar ao consumidor.<\/p>\n<p>Refinarias, distribuidores, revendedores (postos de combust&iacute;veis) arcavam com o pagamento dos tributos, mas com a possibilidade de compensar o imposto pago.<\/p>\n<p>E o formato de tributa&ccedil;&atilde;o era diferente: cada estado tinha autonomia para definir a al&iacute;quota de ICMS cobrada em seu territ&oacute;rio, o que fazia com que os pre&ccedil;os de combust&iacute;veis variassem ao redor do pa&iacute;s. Ent&atilde;o, por exemplo, no Rio de Janeiro a al&iacute;quota era de 32%, enquanto no Mato Grosso era de 23%.<\/p>\n<p>Depois, em julho de 2022, foi sancionada a Lei Complementar (LC) n&ordm;194\/2022, que determinou que os combust&iacute;veis fossem qualificados como bens e servi&ccedil;os essenciais, vedando a fixa&ccedil;&atilde;o das al&iacute;quotas em patamar superior ao m&eacute;dio praticado nacionalmente.<\/p>\n<p>&ldquo;Ap&oacute;s a qualifica&ccedil;&atilde;o como produto essencial, as al&iacute;quotas foram reduzidas e todos os estados cobravam uma faixa entre 17% e 18% de ICMS&rdquo;, explica Jo&atilde;o Carlos Molisani, advogado tribut&aacute;rio do Goulart Penteado.<\/p>\n<p>Mais tarde, em agosto de 2022, uma nova LC (192\/22) foi sancionada, dessa vez, alterando o formato da tributa&ccedil;&atilde;o das al&iacute;quotas dos combust&iacute;veis (gasolina, etanol e diesel). Os pre&ccedil;os dos combust&iacute;veis ainda estavam muito altos e a al&iacute;quota fixa por litro foi uma solu&ccedil;&atilde;o apresentada para ajudar a diminuir a oscila&ccedil;&atilde;o.<\/p>\n<p>At&eacute; ent&atilde;o as al&iacute;quotas eram calculadas em um percentual sobre uma base de c&aacute;lculo, determinada pela venda do produto, no caso os combust&iacute;veis. Com a LC n&ordm; 192\/2022, duas mudan&ccedil;as foram implementadas:<\/p>\n<ul>\n<li>a al&iacute;quota passou a ser calculada em quantidade, ou seja, em um valor de real por litro de combust&iacute;vel, acabando com o formato em porcentagem sobre o valor do produto;<\/li>\n<li>a cobran&ccedil;a passou a ser monof&aacute;sica, ou seja, a incid&ecirc;ncia do imposto acontece uma &uacute;nica vez, no in&iacute;cio da cadeia de produ&ccedil;&atilde;o, acabando com aquela cobran&ccedil;a m&uacute;ltipla (plurif&aacute;sica) na cadeia, formato em vigor at&eacute; ent&atilde;o.<\/li>\n<\/ul>\n<p>Diante disso, as al&iacute;quotas foram fixadas por volume comercializado: o ICMS ficou em R$ 1,22 por litro em todo o territ&oacute;rio nacional e entrou em vigor em junho deste ano; e a do diesel ficou em R$ 0,94 por litro passando a valer em maio deste ano.<\/p>\n<h2>E o que a reforma prop&otilde;e?<\/h2>\n<p>O <a href=\"https:\/\/www.infomoney.com.br\/politica\/reforma-tributaria-principais-pontos-em-discussao\/\" rel=\"nofollow noopener\" target=\"_blank\">texto-base estabelece um regime de tratamento diferenciado para combust&iacute;veis.<\/a>&nbsp;A ideia &eacute; ter um <a href=\"https:\/\/www.infomoney.com.br\/politica\/reforma-tributaria-principais-pontos-em-discussao\/\" rel=\"nofollow noopener\" target=\"_blank\">IVA dual, em regime monof&aacute;sico com al&iacute;quota &uacute;nica em todo o territ&oacute;rio nacional<\/a> e variando conforme o tipo de produto. Nesse regime, o imposto &eacute; cobrado apenas uma vez na cadeia produtiva, em uma das etapas, no refino ou na importa&ccedil;&atilde;o &mdash; nos moldes da LC 192.<\/p>\n<p>Val&eacute;ria Lima, diretora de <em>downstream<\/em> (refino at&eacute; distribui&ccedil;&atilde;o de combust&iacute;veis) do IBP (Instituto Brasileiro de Petr&oacute;leo e G&aacute;s),&nbsp;explica que a carga tribut&aacute;ria atual da gasolina &eacute; de cerca de 35% do total do seu pre&ccedil;o, e a do diesel de cerca de 19%.<\/p>\n<p>&ldquo;Mesmo com a substitui&ccedil;&atilde;o dos tributos [pelo CBS e IBS] &eacute; dif&iacute;cil imaginar algo superior a 35% de imposto com a reforma, por exemplo. Isso porque toda simplifica&ccedil;&atilde;o prevista na reforma leva a uma redu&ccedil;&atilde;o de custo tribut&aacute;rio na economia&rdquo;, explica a executiva do IBP.<\/p>\n<p>Para Molisani, &ldquo;uma al&iacute;quota &uacute;nica e fixa simplifica a cobran&ccedil;a e arrecada&ccedil;&atilde;o de tributos, tanto no pagamento, quanto na apresenta&ccedil;&atilde;o de obriga&ccedil;&otilde;es acess&oacute;rias [documentos que mostram que a empresa segue as regras fiscais].&rdquo;<\/p>\n<p>A expectativa &eacute; de que o formato de tributa&ccedil;&atilde;o por volume, ou seja, de real por litro se mantenha, mas ele pode sofrer altera&ccedil;&otilde;es, por meio de lei complementar posterior. &ldquo;Ainda n&atilde;o est&aacute; detalhado como ser&aacute; esse formato com a reforma, pode voltar a ser uma porcentagem sobre o valor do produto. Teremos que esperar mais defini&ccedil;&otilde;es&rdquo;, diz Molisani.<\/p>\n<h2>O pre&ccedil;o pode subir?<\/h2>\n<p>Ainda n&atilde;o &eacute; poss&iacute;vel cravar o movimento &mdash; sobretudo porque ainda n&atilde;o se conhece as al&iacute;quotas de CBS e IBS, que formam o IVA dual.<\/p>\n<p>Diante das incertezas, Mauro Conte Filho, advogado tribut&aacute;rio do Goulart Penteado, diz que a fixa&ccedil;&atilde;o de al&iacute;quota n&atilde;o implicaria, necessariamente, no aumento dos pre&ccedil;os.<\/p>\n<p>&ldquo;A carga tribut&aacute;ria comp&otilde;e o pre&ccedil;o final, que varia diariamente, de acordo com diversos fatores macro e microecon&ocirc;micos, como a varia&ccedil;&atilde;o cambial e o pre&ccedil;o de custo, por&eacute;m, o esperado &eacute; que a fra&ccedil;&atilde;o do pre&ccedil;o final relativa &agrave; carga tribut&aacute;ria se mantenha inalterada&rdquo;, avalia Conte.<\/p>\n<p>Por outro lado, ele admite que a redu&ccedil;&atilde;o de al&iacute;quota tamb&eacute;m n&atilde;o &eacute;, necessariamente, &ldquo;uma garantia de que o consumidor ter&aacute; um abono nos pre&ccedil;os dos combust&iacute;veis, considerando que as redu&ccedil;&otilde;es na carga tribut&aacute;ria podem n&atilde;o ser repassadas ao consumidor&rdquo;.<\/p>\n<p>J&aacute; Luis Castelo, advogado tribut&aacute;rio s&oacute;cio do Lopes&amp;Castelo Sociedade Advogados, acredita que o consumidor sentir&aacute; um aumento de pre&ccedil;o no bolso, se esse formato for aprovado.<\/p>\n<p>&ldquo;Embora o modelo monof&aacute;sico de al&iacute;quota &uacute;nica simplifique a tributa&ccedil;&atilde;o e corte alguns custos tribut&aacute;rios de cada etapa, essas redu&ccedil;&otilde;es n&atilde;o devem refletir algo significativo no bolso do consumidor. Deve acontecer uma majora&ccedil;&atilde;o da carga. Para n&atilde;o subir o pre&ccedil;o ao consumidor, a al&iacute;quota do IVA dual precisaria estar abaixo dos 20%&rdquo;, avalia. Segundo os c&aacute;lculos da Fazenda, essa al&iacute;quota deve ficar entre 25,45% e 27%.<\/p>\n<p>Ele alerta ainda que uma alta na tributa&ccedil;&atilde;o dos combust&iacute;veis pode ter efeitos em v&aacute;rios segmentos.<\/p>\n<p>&ldquo;A maior parte do transporte do pa&iacute;s &eacute; feita pela malha rodovi&aacute;ria e o diesel &eacute; o combust&iacute;vel-padr&atilde;o. Se o pre&ccedil;o do combust&iacute;vel sobe, o custo de produ&ccedil;&atilde;o sobe porque o frete tamb&eacute;m aumenta. Ent&atilde;o, o custo para ir buscar uma alface fica mais alto e ser&aacute; repassado ao consumidor. Se n&atilde;o for impactado no posto para abastecer o carro, o consumidor poder&aacute; sentir na alimenta&ccedil;&atilde;o o efeito da medida&rdquo;, avalia Castelo.<\/p>\n<p>Apesar das an&aacute;lises, o consumidor n&atilde;o deve sofrer os efeitos de forma imediata, refor&ccedil;am os especialistas consultados.<\/p>\n<p>O texto-base da Reforma Tribut&aacute;ria est&aacute; no Senado, que avalia mudan&ccedil;as a partir dos apontamentos feitos pela C&acirc;mara, <a href=\"https:\/\/www.infomoney.com.br\/politica\/camara-conclui-votacao-de-texto-base-da-reforma-tributaria-materia-segue-para-o-senado\/\" rel=\"nofollow noopener\" target=\"_blank\">com a unifica&ccedil;&atilde;o dos impostos prevista para 2026.<\/a><\/p>\n<div class=\"infomoney-related-posts\">\n<h4>Leia tamb&eacute;m<\/h4>\n<div class=\"list\">\n<div class=\"row mx-0 item\">\n<div class=\"img-container\">\n<figure><img decoding=\"async\" class=\"img-fluid img-fluid\" src=\"https:\/\/www.infomoney.com.br\/wp-content\/uploads\/2023\/07\/GettyImages-1181264858.jpg?quality=70&#038;w=150&#038;%23038;h=150&#038;%23038;crop=1&#038;%23038;strip=all\" data-recalc-dims=\"1\" alt=\"\" title=\"\"><\/figure>\n<\/div>\n<div class=\"info\"><span class=\"hl-hat\">O que muda na sua vida? <\/span><span class=\"hl-title\"><a href=\"https:\/\/www.infomoney.com.br\/minhas-financas\/cashback-na-reforma-tributaria-7-respostas-sobre-o-tema-para-o-consumidor\/\" rel=\"nofollow noopener\" target=\"_blank\">Cashback na reforma tribut&aacute;ria: 7 respostas sobre o tema para o consumidor<\/a><\/span><span class=\"hl-description\">Texto da lei sob an&aacute;lise busca aplicar cashback para reduzir desigualdades de renda<\/span><\/div>\n<\/div>\n<\/div>\n<\/div>\n<div class=\"infomoney-related-posts\">\n<div class=\"list\">\n<div class=\"row mx-0 item\">\n<div class=\"info\">\n<div class=\"infomoney-related-posts\">\n<div class=\"list\">\n<div class=\"row mx-0 item\">\n<div class=\"info\"><\/div>\n<\/div>\n<\/div>\n<\/div>\n<\/div>\n<\/div>\n<\/div>\n<\/div>\n<div class=\"cta-end\">\n<div class=\"im-cta\" >\n<div class=\"im-shortcode-forms bg-light bg-opacity-25 border rounded-4 p-3 p-sm-4 p-md-3 p-lg-4 px-xxl-5 my-5\" data-configuration='{\"form_name\":false,\"form_hat\":\"Newsletter\",\"form_email\":true,\"form_icon\":\"newsletter\",\"form_phone\":false,\"form_campaign\":\"NIM\",\"form_thankyou\":\"\",\"form_journey\":\"APIEvent-26a5198d-8e09-06ef-5f80-cd9127757ad1\",\"form_button\":\"Enviar\",\"form_context\":\"newsletter\",\"form_origin\":\"https:\\\/\\\/www.infomoney.com.br\\\/politica\\\/feed\\\/?utm_medium=materia&#038;utm_source=infomoney&#038;utm_campaign=NIM&#038;utm_term=consumo&#038;utm_content=newsletter\",\"form_position\":\"final\",\"form_category\":\"cta_form\"}'>\n<div class=\"d-flex flex-column align-items-center align-items-lg-start mb-4 flex-lg-row\">\n<div class=\"rounded-circle mb-2 mb-lg-0 mr-lg-4 me-lg-4 p-3 p-lg-4 bg-blue-400\"><svg width=\"40\" height=\"40\" viewBox=\"0 0 40 40\" fill=\"none\" xmlns=\"http:\/\/www.w3.org\/2000\/svg\"><path d=\"M20 20.25 6.042 11.042v19.041c0 .167.048.299.146.396a.535.535 0 0 0 .395.146h15.792V32.5H6.583a2.328 2.328 0 0 1-1.708-.708 2.328 2.328 0 0 1-.708-1.709V9.917c0-.667.236-1.236.708-1.709A2.328 2.328 0 0 1 6.583 7.5h26.834c.666 0 1.236.236 1.708.708a2.33 2.33 0 0 1 .708 1.709v12.458h-1.875V11.042L20 20.25Zm0-2 13.667-8.875H6.333L20 18.25Zm11.75 18.958-1.292-1.333 3.334-3.375h-9v-1.875h9l-3.375-3.417 1.333-1.291 5.667 5.625-5.667 5.666ZM6.042 11.042v20.791-9.458.25-13.25 1.667Z\" fill=\"#fff\"\/><\/svg><\/div>\n<div class=\"flex-fill text-center text-lg-left\">\n<div class=\"h6 small text-orange-700 lh-base mb-1\">Newsletter<\/div>\n<div class=\"text-body h4 m-0\">Infomorning<\/div>\n<div class=\"text-body small lh-base mt-2\">Receba no seu e-mail logo pela manh&atilde; as not&iacute;cias que v&atilde;o mexer com os mercados, com os seus investimentos e o seu bolso durante o dia<\/div>\n<\/div>\n<\/div>\n<\/div>\n<\/div>\n<\/div>\n<p>The post <a rel=\"nofollow noopener\" href=\"https:\/\/www.infomoney.com.br\/consumo\/reforma-tributaria-preco-dos-combustiveis-continuara-causando-dor-de-cabeca-ao-consumidor\/\" target=\"_blank\">Reforma tribut\u00e1ria: pre\u00e7o dos combust\u00edveis continuar\u00e1 causando &#8216;dor de cabe\u00e7a&#8217; ao consumidor?<\/a> appeared first on <a rel=\"nofollow noopener\" href=\"https:\/\/www.infomoney.com.br\/\" target=\"_blank\">InfoMoney<\/a>.<\/p>\n","protected":false},"excerpt":{"rendered":"<p><img loading=\"lazy\" decoding=\"async\" width=\"300\" height=\"210\" src=\"https:\/\/www.infomoney.com.br\/wp-content\/uploads\/2019\/06\/gasolina-posto-combustivel.jpg?fit=300%2C210&amp;quality=70&amp;strip=all\" class=\"attachment-medium size-medium wp-post-image\" alt=\"\" data-attachment-id=\"52880\" data-permalink=\"https:\/\/www.infomoney.com.br\/gasolina-posto-combustivel\/\" data-orig-file=\"https:\/\/www.infomoney.com.br\/wp-content\/uploads\/2019\/06\/gasolina-posto-combustivel.jpg?fit=900%2C631&amp;quality=70&amp;strip=all\" data-orig-size=\"900,631\" data-comments-opened=\"1\" data-image-meta='{\"aperture\":\"0\",\"credit\":\"\",\"camera\":\"\",\"caption\":\"\",\"created_timestamp\":\"0\",\"copyright\":\"\",\"focal_length\":\"0\",\"iso\":\"0\",\"shutter_speed\":\"0\",\"title\":\"\",\"orientation\":\"0\"}' data-image-title=\"gasolina-posto-combustivel\" data-image-description=\"\" data-image-caption=\"&lt;p&gt;Bomba de gasolina&lt;\/p&gt;\n\" data-medium-file=\"https:\/\/www.infomoney.com.br\/wp-content\/uploads\/2019\/06\/gasolina-posto-combustivel.jpg?fit=300%2C210&amp;quality=70&amp;strip=all\" data-large-file=\"https:\/\/www.infomoney.com.br\/wp-content\/uploads\/2019\/06\/gasolina-posto-combustivel.jpg?fit=900%2C631&amp;quality=70&amp;strip=all\">Especialistas se dividem sobre efeitos da medida no quesito mais importante: o pre\u00e7o de diesel, gasolina e etanol<\/p>\n<p>The post <a rel=\"nofollow\" href=\"https:\/\/www.infomoney.com.br\/consumo\/reforma-tributaria-preco-dos-combustiveis-continuara-causando-dor-de-cabeca-ao-consumidor\/\">Reforma tribut\u00e1ria: pre\u00e7o dos combust\u00edveis continuar\u00e1 causando \u2018dor de cabe\u00e7a\u2019 ao consumidor?<\/a> appeared first on <a rel=\"nofollow\" href=\"https:\/\/www.infomoney.com.br\/\">InfoMoney<\/a>.<\/p>\n","protected":false},"author":120,"featured_media":0,"comment_status":"closed","ping_status":"closed","sticky":false,"template":"","format":"standard","meta":{"advgb_blocks_editor_width":"","advgb_blocks_columns_visual_guide":"","footnotes":""},"categories":[361,201,1911,34,712,444,47,191],"tags":[35],"class_list":["post-38723","post","type-post","status-publish","format-standard","hentry","category-combustiveis","category-consumo","category-diesel","category-g1","category-gasolina","category-minhas-financas","category-politica","category-reforma-tributaria","tag-g1"],"author_meta":{"display_name":"Giovanna Sutto","author_link":"https:\/\/sindaopcpb.org.br\/author\/giovanna-sutto\/"},"featured_img":null,"coauthors":[],"tax_additional":{"categories":{"linked":["<a href=\"https:\/\/sindaopcpb.org.br\/combustiveis\/\" class=\"advgb-post-tax-term\">Combust\u00edveis<\/a>","<a href=\"https:\/\/sindaopcpb.org.br\/consumo\/\" class=\"advgb-post-tax-term\">Consumo<\/a>","<a href=\"https:\/\/sindaopcpb.org.br\/diesel\/\" class=\"advgb-post-tax-term\">Diesel<\/a>","<a href=\"https:\/\/sindaopcpb.org.br\/g1\/\" class=\"advgb-post-tax-term\">G1<\/a>","<a href=\"https:\/\/sindaopcpb.org.br\/gasolina\/\" class=\"advgb-post-tax-term\">Gasolina<\/a>","<a href=\"https:\/\/sindaopcpb.org.br\/minhas-financas\/\" class=\"advgb-post-tax-term\">Minhas Finan\u00e7as<\/a>","<a href=\"https:\/\/sindaopcpb.org.br\/politica\/\" class=\"advgb-post-tax-term\">POLITICA<\/a>","<a href=\"https:\/\/sindaopcpb.org.br\/reforma-tributaria\/\" class=\"advgb-post-tax-term\">reforma tribut\u00e1ria<\/a>"],"unlinked":["<span class=\"advgb-post-tax-term\">Combust\u00edveis<\/span>","<span class=\"advgb-post-tax-term\">Consumo<\/span>","<span class=\"advgb-post-tax-term\">Diesel<\/span>","<span class=\"advgb-post-tax-term\">G1<\/span>","<span class=\"advgb-post-tax-term\">Gasolina<\/span>","<span class=\"advgb-post-tax-term\">Minhas Finan\u00e7as<\/span>","<span class=\"advgb-post-tax-term\">POLITICA<\/span>","<span class=\"advgb-post-tax-term\">reforma tribut\u00e1ria<\/span>"]},"tags":{"linked":["<a href=\"https:\/\/sindaopcpb.org.br\/reforma-tributaria\/\" class=\"advgb-post-tax-term\">g1<\/a>"],"unlinked":["<span class=\"advgb-post-tax-term\">g1<\/span>"]}},"comment_count":"0","relative_dates":{"created":"Publicado 3 anos atr\u00e1s","modified":"Atualizado 3 anos atr\u00e1s"},"absolute_dates":{"created":"Publicado em 14 de outubro de 2023","modified":"Atualizado em 14 de outubro de 2023"},"absolute_dates_time":{"created":"Publicado em 14 de outubro de 2023 09:01","modified":"Atualizado em 14 de outubro de 2023 09:01"},"featured_img_caption":"","series_order":"","_links":{"self":[{"href":"https:\/\/sindaopcpb.org.br\/index.php\/wp-json\/wp\/v2\/posts\/38723","targetHints":{"allow":["GET"]}}],"collection":[{"href":"https:\/\/sindaopcpb.org.br\/index.php\/wp-json\/wp\/v2\/posts"}],"about":[{"href":"https:\/\/sindaopcpb.org.br\/index.php\/wp-json\/wp\/v2\/types\/post"}],"author":[{"embeddable":true,"href":"https:\/\/sindaopcpb.org.br\/index.php\/wp-json\/wp\/v2\/users\/120"}],"replies":[{"embeddable":true,"href":"https:\/\/sindaopcpb.org.br\/index.php\/wp-json\/wp\/v2\/comments?post=38723"}],"version-history":[{"count":2,"href":"https:\/\/sindaopcpb.org.br\/index.php\/wp-json\/wp\/v2\/posts\/38723\/revisions"}],"predecessor-version":[{"id":38737,"href":"https:\/\/sindaopcpb.org.br\/index.php\/wp-json\/wp\/v2\/posts\/38723\/revisions\/38737"}],"wp:attachment":[{"href":"https:\/\/sindaopcpb.org.br\/index.php\/wp-json\/wp\/v2\/media?parent=38723"}],"wp:term":[{"taxonomy":"category","embeddable":true,"href":"https:\/\/sindaopcpb.org.br\/index.php\/wp-json\/wp\/v2\/categories?post=38723"},{"taxonomy":"post_tag","embeddable":true,"href":"https:\/\/sindaopcpb.org.br\/index.php\/wp-json\/wp\/v2\/tags?post=38723"}],"curies":[{"name":"wp","href":"https:\/\/api.w.org\/{rel}","templated":true}]}}