{"id":38585,"date":"2023-10-12T17:45:53","date_gmt":"2023-10-12T20:45:53","guid":{"rendered":"https:\/\/www.infomoney.com.br\/?p=2268076"},"modified":"2023-10-12T17:45:53","modified_gmt":"2023-10-12T20:45:53","slug":"entenda-porque-o-brasil-nao-trata-o-hamas-como-grupo-terrorista","status":"publish","type":"post","link":"https:\/\/sindaopcpb.org.br\/index.php\/2023\/10\/12\/entenda-porque-o-brasil-nao-trata-o-hamas-como-grupo-terrorista\/","title":{"rendered":"Entenda porque o Brasil n\u00e3o trata o Hamas como grupo terrorista"},"content":{"rendered":"<p><img loading=\"lazy\" width=\"300\" height=\"200\" src=\"https:\/\/www.infomoney.com.br\/wp-content\/uploads\/2023\/10\/GettyImages-1725713805.jpg?fit=300%2C200&amp;quality=70&amp;strip=all\" class=\"attachment-medium size-medium wp-post-image\" alt=\"\" decoding=\"async\" style=\"float:right; margin:0 0 10px 10px;\" srcset=\"https:\/\/www.infomoney.com.br\/wp-content\/uploads\/2023\/10\/GettyImages-1725713805.jpg?w=594&amp;quality=70&amp;strip=all 594w, https:\/\/www.infomoney.com.br\/wp-content\/uploads\/2023\/10\/GettyImages-1725713805.jpg?w=300&amp;quality=70&amp;strip=all 300w, https:\/\/www.infomoney.com.br\/wp-content\/uploads\/2023\/10\/GettyImages-1725713805.jpg?w=150&amp;quality=70&amp;strip=all 150w\" sizes=\"auto, (max-width: 300px) 100vw, 300px\" data-attachment-id=\"2263917\" data-permalink=\"https:\/\/www.infomoney.com.br\/gaza-comes-under-sustained-bombardment-by-israel-after-hamas-attacks\/\" data-orig-file=\"https:\/\/www.infomoney.com.br\/wp-content\/uploads\/2023\/10\/GettyImages-1725713805.jpg?fit=594%2C396&amp;quality=70&amp;strip=all\" data-orig-size=\"594,396\" data-comments-opened=\"0\" data-image-meta=\"{&quot;aperture&quot;:&quot;5&quot;,&quot;credit&quot;:&quot;Getty Images&quot;,&quot;camera&quot;:&quot;Canon EOS 70D&quot;,&quot;caption&quot;:&quot;GAZA CITY, GAZA - OCTOBER 9: Smoke rises after an Israeli bombardment on October 09, 2023 in Gaza City, Gaza. Almost 500 people have died in Gaza after Israel launched sustained retaliatory air strikes after Saturday&#039;s attack by Hamas. (Photo by Ahmad Hasaballah\\\/Getty Images)&quot;,&quot;created_timestamp&quot;:&quot;1696838550&quot;,&quot;copyright&quot;:&quot;2023 Getty Images&quot;,&quot;focal_length&quot;:&quot;106&quot;,&quot;iso&quot;:&quot;100&quot;,&quot;shutter_speed&quot;:&quot;0.0025&quot;,&quot;title&quot;:&quot;Gaza Comes Under Sustained Bombardment By Israel After Hamas Attacks&quot;,&quot;orientation&quot;:&quot;1&quot;}\" data-image-title=\"Gaza Comes Under Sustained Bombardment By Israel After Hamas Attacks\" data-image-description=\"\" data-image-caption=\"&lt;p&gt;Fuma\u00e7a nos c\u00e9us de Gaza ap\u00f3s ataque de Israel em 9 de outubro de 2023, em retalia\u00e7\u00e3o aos ataques sofridos dias antes. pelo Hamas. (Foto: Ahmad Hasaballah\/Getty Images)&lt;\/p&gt;\n\" data-medium-file=\"https:\/\/www.infomoney.com.br\/wp-content\/uploads\/2023\/10\/GettyImages-1725713805.jpg?fit=300%2C200&amp;quality=70&amp;strip=all\" data-large-file=\"https:\/\/www.infomoney.com.br\/wp-content\/uploads\/2023\/10\/GettyImages-1725713805.jpg?fit=594%2C396&amp;quality=70&amp;strip=all\" title=\"\"><\/p>\n<p>Os ataques do grupo extremista isl&acirc;mico Hamas em uma festa rave no &uacute;ltimo s&aacute;bado (7), <a href=\"https:\/\/www.infomoney.com.br\/tudo-sobre\/israel\/\" rel=\"noopener nofollow\" target=\"_blank\">em Israel<\/a>, deram in&iacute;cio a um novo cap&iacute;tulo sangrento no hist&oacute;rico conflito entre esse grupo e o ex&eacute;rcito israelense. As caracter&iacute;sticas do ataque, com centenas de mortes de civis e outras v&iacute;timas sendo levadas como ref&eacute;ns, levantou a quest&atilde;o sobre a denomina&ccedil;&atilde;o do Hamas como um grupo terrorista.<\/p>\n<p>Ve&iacute;culos de imprensa de todo o mundo e algumas na&ccedil;&otilde;es classificam assim o grupo extremista que controla a Faixa de Gaza. Ao lamentar o epis&oacute;dio, o <a href=\"https:\/\/www.infomoney.com.br\/politica\/de-lula-a-rishi-sunak-lideres-mundiais-fazem-coro-contra-ataque-a-israel-veja-manifestacoes\/\" rel=\"noopener nofollow\" target=\"_blank\">presidente Luiz In&aacute;cio Lula da Silva, pelas redes sociais, se referiu ao ataque como terrorista<\/a>, mas n&atilde;o estendeu tal adjetivo ao Hamas. Assim, o presidente segue a linha adotada pelo governo brasileiro.<\/p>\n<p>O Pal&aacute;cio do Itamaraty emitiu um comunicado, nesta quinta-feira (12), para informar que segue as avalia&ccedil;&otilde;es do Conselho de Seguran&ccedil;a da Organiza&ccedil;&atilde;o das Na&ccedil;&otilde;es Unidas (ONU) na designa&ccedil;&atilde;o dos grupos considerados terroristas. Pela Carta da ONU, o Conselho de Seguran&ccedil;a &eacute; o &oacute;rg&atilde;o encarregado de zelar pela paz internacional.<\/p>\n<p>&ldquo;O Conselho de Seguran&ccedil;a mant&eacute;m listas de indiv&iacute;duos e entidades qualificados como terroristas, contra os quais se aplicam san&ccedil;&otilde;es. Est&atilde;o inclu&iacute;dos o Estado Isl&acirc;mico e a Al-Qaeda, al&eacute;m de grupos menos conhecidos do grande p&uacute;blico&rdquo;, diz um trecho do comunicado.<\/p>\n<p>Na nota, o Minist&eacute;rio das Rela&ccedil;&otilde;es Exteriores reafirma que, &ldquo;em aplica&ccedil;&atilde;o dos princ&iacute;pios das rela&ccedil;&otilde;es internacionais previstos no Artigo 4&ordm; da Constitui&ccedil;&atilde;o, o Brasil repudia o terrorismo em todas as suas formas e manifesta&ccedil;&otilde;es&rdquo;.<\/p>\n<p>Apesar da defini&ccedil;&atilde;o da ONU, pa&iacute;ses como Estados Unidos, Reino Unido, Canad&aacute;, Austr&aacute;lia, Jap&atilde;o, integrantes Uni&atilde;o Europeia e outras na&ccedil;&otilde;es classificam o Hamas como uma organiza&ccedil;&atilde;o terrorista.<\/p>\n<p>J&aacute; a maioria dos pa&iacute;ses-membros da ONU, incluindo pa&iacute;ses europeus como Noruega e Su&iacute;&ccedil;a, al&eacute;m de China, R&uacute;ssia, na&ccedil;&otilde;es latino-americanas, como o pr&oacute;prio Brasil, M&eacute;xico, Col&ocirc;mbia, seguem a defini&ccedil;&atilde;o atual da ONU que n&atilde;o classifica o Hamas como grupo terrorista. A ideia de uma posi&ccedil;&atilde;o mais neutra tamb&eacute;m &eacute; uma forma de manter os pa&iacute;ses como mediadores de conflitos, al&eacute;m de ampliarem a capacidade de prote&ccedil;&atilde;o a seus cidad&atilde;os em &aacute;reas conflagradas.<\/p>\n<blockquote>\n<p>&ldquo;A pr&aacute;tica brasileira, consistente com a Carta da ONU, habilita o pa&iacute;s a contribuir, juntamente com outros pa&iacute;ses ou individualmente, para a resolu&ccedil;&atilde;o pac&iacute;fica dos conflitos e na prote&ccedil;&atilde;o de cidad&atilde;os brasileiros em zonas de conflito &ndash; a exemplo do que ocorreu, em 2007, na Confer&ecirc;ncia de An&aacute;polis, EUA, com rela&ccedil;&atilde;o ao Oriente M&eacute;dio&rdquo;, diz ainda a nota do Itamaraty, para refor&ccedil;ar a posi&ccedil;&atilde;o brasileira atual.<\/p>\n<\/blockquote>\n<p>Um grupo de deputados de oposi&ccedil;&atilde;o chegou a pedir, essa semana, que o Minist&eacute;rio das Rela&ccedil;&otilde;es Exteriores mude a classifica&ccedil;&atilde;o brasileira sobre o Hamas.<\/p>\n<p>A viol&ecirc;ncia em Israel e na Palestina chegou ao sexto dia nesta quinta, com a continuidade de intensos bombardeios na Faixa de Gaza, onde vivem 2,3 milh&otilde;es de palestinos. Autoridades locais j&aacute; contabilizam 1,2 mil mortes e mais de 5 mil feridos. H&aacute; pelo menos 180 mil desabrigados.<\/p>\n<p>Em Israel, segundo a emissora p&uacute;blica Kan, o n&uacute;mero de mortos havia aumentado para 1,3 mil desde o &uacute;ltimo s&aacute;bado, quando come&ccedil;aram os ataques violentos promovidos pelo grupo isl&acirc;mico Hamas.<\/p>\n<h2>Quem &eacute; o Hamas<\/h2>\n<p>O Hamas, nome que significa, em &aacute;rabe, Movimento de Resist&ecirc;ncia Isl&acirc;mica, &eacute; um movimento palestino constitu&iacute;do de uma entidade filantr&oacute;pica, um bra&ccedil;o pol&iacute;tico e um bra&ccedil;o armado. Foi criado em 1987, no contexto da 1&ordf; Intifada, que foi uma das revoltas Palestinas contra a ocupa&ccedil;&atilde;o de Israel.<\/p>\n<p>Em 2006, o Hamas derrotou o Fatah nas elei&ccedil;&otilde;es legislativas para a Autoridade Nacional Palestina (ANP), conquistando o direito de formar o novo governo. Os dois partidos, no entanto, entraram em conflito. O Hamas expulsou o Fatah da Faixa de Gaza. Em resposta, o Fatah rejeitou o governo de unidade e se manteve &agrave; frente da ANP, que passou a ter uma administra&ccedil;&atilde;o pol&iacute;tica voltada para as &aacute;reas da Cisjord&acirc;nia.<\/p>\n<p>Segundo o cientista pol&iacute;tico Leonardo Paz, o Hamas n&atilde;o reconhece o Estado de Israel e briga pela independ&ecirc;ncia de um Estado Palestino. &ldquo;Israel, por sua vez, diz que o territ&oacute;rio &eacute; seu e n&atilde;o tem como oferecer qualquer tipo de soberania a esse Estado palestino porque n&atilde;o haveria nenhuma garantia de seguran&ccedil;a de que esse Estado n&atilde;o seria um posto avan&ccedil;ado para atacar Israel&rdquo;, acrescenta.<\/p>\n<\/p>\n<div class=\"cta-end\">\n<div class=\"im-cta\" >\n<div class=\"im-shortcode-forms bg-light bg-opacity-25 border rounded-4 p-3 p-sm-4 p-md-3 p-lg-4 px-xxl-5 my-5\" data-configuration='{\"form_name\":false,\"form_hat\":\"Newsletter\",\"form_email\":true,\"form_icon\":\"newsletter\",\"form_phone\":false,\"form_campaign\":\"NIM\",\"form_thankyou\":\"\",\"form_journey\":\"APIEvent-26a5198d-8e09-06ef-5f80-cd9127757ad1\",\"form_button\":\"Quero receber\",\"form_context\":\"newsletter\",\"form_origin\":\"https:\\\/\\\/www.infomoney.com.br\\\/politica\\\/feed\\\/?utm_medium=materia&#038;utm_source=infomoney&#038;utm_campaign=NIM&#038;utm_term=economia&#038;utm_content=newsletter\",\"form_position\":\"final\",\"form_category\":\"cta_form\"}'>\n<div class=\"d-flex flex-column align-items-center align-items-lg-start mb-4 flex-lg-row\">\n<div class=\"rounded-circle mb-2 mb-lg-0 mr-lg-4 me-lg-4 p-3 p-lg-4 bg-blue-400\"><svg width=\"40\" height=\"40\" viewBox=\"0 0 40 40\" fill=\"none\" xmlns=\"http:\/\/www.w3.org\/2000\/svg\"><path d=\"M20 20.25 6.042 11.042v19.041c0 .167.048.299.146.396a.535.535 0 0 0 .395.146h15.792V32.5H6.583a2.328 2.328 0 0 1-1.708-.708 2.328 2.328 0 0 1-.708-1.709V9.917c0-.667.236-1.236.708-1.709A2.328 2.328 0 0 1 6.583 7.5h26.834c.666 0 1.236.236 1.708.708a2.33 2.33 0 0 1 .708 1.709v12.458h-1.875V11.042L20 20.25Zm0-2 13.667-8.875H6.333L20 18.25Zm11.75 18.958-1.292-1.333 3.334-3.375h-9v-1.875h9l-3.375-3.417 1.333-1.291 5.667 5.625-5.667 5.666ZM6.042 11.042v20.791-9.458.25-13.25 1.667Z\" fill=\"#fff\"\/><\/svg><\/div>\n<div class=\"flex-fill text-center text-lg-left\">\n<div class=\"h6 small text-orange-700 lh-base mb-1\">Newsletter<\/div>\n<div class=\"text-body h4 m-0\">Infomorning<\/div>\n<div class=\"text-body small lh-base mt-2\">Receba no seu e-mail logo pela manh&atilde; as not&iacute;cias que v&atilde;o mexer com os mercados, com os seus investimentos e o seu bolso durante o dia<\/div>\n<\/div>\n<\/div>\n<\/div>\n<\/div>\n<\/div>\n<p>The post <a rel=\"nofollow noopener\" href=\"https:\/\/www.infomoney.com.br\/economia\/entenda-porque-o-brasil-nao-trata-o-hamas-como-grupo-terrorista\/\" target=\"_blank\">Entenda porque o Brasil n\u00e3o trata o Hamas como grupo terrorista<\/a> appeared first on <a rel=\"nofollow noopener\" href=\"https:\/\/www.infomoney.com.br\/\" target=\"_blank\">InfoMoney<\/a>.<\/p>\n","protected":false},"excerpt":{"rendered":"<p><img loading=\"lazy\" decoding=\"async\" width=\"300\" height=\"200\" src=\"https:\/\/www.infomoney.com.br\/wp-content\/uploads\/2023\/10\/GettyImages-1725713805.jpg?fit=300%2C200&amp;quality=70&amp;strip=all\" class=\"attachment-medium size-medium wp-post-image\" alt=\"\" data-attachment-id=\"2263917\" data-permalink=\"https:\/\/www.infomoney.com.br\/gaza-comes-under-sustained-bombardment-by-israel-after-hamas-attacks\/\" data-orig-file=\"https:\/\/www.infomoney.com.br\/wp-content\/uploads\/2023\/10\/GettyImages-1725713805.jpg?fit=594%2C396&amp;quality=70&amp;strip=all\" data-orig-size=\"594,396\" data-comments-opened=\"0\" data-image-meta=\"{&quot;aperture&quot;:&quot;5&quot;,&quot;credit&quot;:&quot;Getty Images&quot;,&quot;camera&quot;:&quot;Canon EOS 70D&quot;,&quot;caption&quot;:&quot;GAZA CITY, GAZA - OCTOBER 9: Smoke rises after an Israeli bombardment on October 09, 2023 in Gaza City, Gaza. Almost 500 people have died in Gaza after Israel launched sustained retaliatory air strikes after Saturday's attack by Hamas. (Photo by Ahmad Hasaballah\\\/Getty Images)&quot;,&quot;created_timestamp&quot;:&quot;1696838550&quot;,&quot;copyright&quot;:&quot;2023 Getty Images&quot;,&quot;focal_length&quot;:&quot;106&quot;,&quot;iso&quot;:&quot;100&quot;,&quot;shutter_speed&quot;:&quot;0.0025&quot;,&quot;title&quot;:&quot;Gaza Comes Under Sustained Bombardment By Israel After Hamas Attacks&quot;,&quot;orientation&quot;:&quot;1&quot;}\" data-image-title=\"Gaza Comes Under Sustained Bombardment By Israel After Hamas Attacks\" data-image-description=\"\" data-image-caption=\"&lt;p&gt;Fuma\u00e7a nos c\u00e9us de Gaza ap\u00f3s ataque de Israel em 9 de outubro de 2023, em retalia\u00e7\u00e3o aos ataques sofridos dias antes. pelo Hamas. (Foto: Ahmad Hasaballah\/Getty Images)&lt;\/p&gt;\n\" data-medium-file=\"https:\/\/www.infomoney.com.br\/wp-content\/uploads\/2023\/10\/GettyImages-1725713805.jpg?fit=300%2C200&amp;quality=70&amp;strip=all\" data-large-file=\"https:\/\/www.infomoney.com.br\/wp-content\/uploads\/2023\/10\/GettyImages-1725713805.jpg?fit=594%2C396&amp;quality=70&amp;strip=all\">Segundo Itamaraty, pa\u00eds mant\u00e9m posi\u00e7\u00e3o mais neutra sobre organiza\u00e7\u00e3o para mediar conflito e proteger os brasileiros em \u00e1reas conflagradas<\/p>\n<p>The post <a rel=\"nofollow\" href=\"https:\/\/www.infomoney.com.br\/economia\/entenda-porque-o-brasil-nao-trata-o-hamas-como-grupo-terrorista\/\">Entenda porque o Brasil n\u00e3o trata o Hamas como grupo terrorista<\/a> appeared first on <a rel=\"nofollow\" href=\"https:\/\/www.infomoney.com.br\/\">InfoMoney<\/a>.<\/p>\n","protected":false},"author":44,"featured_media":0,"comment_status":"closed","ping_status":"closed","sticky":false,"template":"","format":"standard","meta":{"advgb_blocks_editor_width":"","advgb_blocks_columns_visual_guide":"","footnotes":""},"categories":[69,10049,34,433,9892,9893,439,9900,47,2673],"tags":[35],"class_list":["post-38585","post","type-post","status-publish","format-standard","hentry","category-economia","category-faixa-de-gaza","category-g1","category-guerra","category-hamas","category-israel","category-itamaraty","category-palestina","category-politica","category-terrorismo","tag-g1"],"author_meta":{"display_name":"Ag\u00eancia Brasil","author_link":"https:\/\/sindaopcpb.org.br\/author\/agencia-brasil\/"},"featured_img":null,"coauthors":[],"tax_additional":{"categories":{"linked":["<a href=\"https:\/\/sindaopcpb.org.br\/economia\/\" class=\"advgb-post-tax-term\">Economia<\/a>","<a href=\"https:\/\/sindaopcpb.org.br\/faixa-de-gaza\/\" class=\"advgb-post-tax-term\">Faixa de Gaza<\/a>","<a href=\"https:\/\/sindaopcpb.org.br\/g1\/\" class=\"advgb-post-tax-term\">G1<\/a>","<a href=\"https:\/\/sindaopcpb.org.br\/guerra\/\" class=\"advgb-post-tax-term\">Guerra<\/a>","<a href=\"https:\/\/sindaopcpb.org.br\/hamas\/\" class=\"advgb-post-tax-term\">HAMAS<\/a>","<a href=\"https:\/\/sindaopcpb.org.br\/israel\/\" class=\"advgb-post-tax-term\">israel<\/a>","<a href=\"https:\/\/sindaopcpb.org.br\/itamaraty\/\" class=\"advgb-post-tax-term\">Itamaraty<\/a>","<a href=\"https:\/\/sindaopcpb.org.br\/palestina\/\" class=\"advgb-post-tax-term\">Palestina<\/a>","<a href=\"https:\/\/sindaopcpb.org.br\/politica\/\" class=\"advgb-post-tax-term\">POLITICA<\/a>","<a href=\"https:\/\/sindaopcpb.org.br\/terrorismo\/\" class=\"advgb-post-tax-term\">Terrorismo<\/a>"],"unlinked":["<span class=\"advgb-post-tax-term\">Economia<\/span>","<span class=\"advgb-post-tax-term\">Faixa de Gaza<\/span>","<span class=\"advgb-post-tax-term\">G1<\/span>","<span class=\"advgb-post-tax-term\">Guerra<\/span>","<span class=\"advgb-post-tax-term\">HAMAS<\/span>","<span class=\"advgb-post-tax-term\">israel<\/span>","<span class=\"advgb-post-tax-term\">Itamaraty<\/span>","<span class=\"advgb-post-tax-term\">Palestina<\/span>","<span class=\"advgb-post-tax-term\">POLITICA<\/span>","<span class=\"advgb-post-tax-term\">Terrorismo<\/span>"]},"tags":{"linked":["<a href=\"https:\/\/sindaopcpb.org.br\/terrorismo\/\" class=\"advgb-post-tax-term\">g1<\/a>"],"unlinked":["<span class=\"advgb-post-tax-term\">g1<\/span>"]}},"comment_count":"0","relative_dates":{"created":"Publicado 3 anos atr\u00e1s","modified":"Atualizado 3 anos atr\u00e1s"},"absolute_dates":{"created":"Publicado em 12 de outubro de 2023","modified":"Atualizado em 12 de outubro de 2023"},"absolute_dates_time":{"created":"Publicado em 12 de outubro de 2023 17:45","modified":"Atualizado em 12 de outubro de 2023 17:45"},"featured_img_caption":"","series_order":"","_links":{"self":[{"href":"https:\/\/sindaopcpb.org.br\/index.php\/wp-json\/wp\/v2\/posts\/38585","targetHints":{"allow":["GET"]}}],"collection":[{"href":"https:\/\/sindaopcpb.org.br\/index.php\/wp-json\/wp\/v2\/posts"}],"about":[{"href":"https:\/\/sindaopcpb.org.br\/index.php\/wp-json\/wp\/v2\/types\/post"}],"author":[{"embeddable":true,"href":"https:\/\/sindaopcpb.org.br\/index.php\/wp-json\/wp\/v2\/users\/44"}],"replies":[{"embeddable":true,"href":"https:\/\/sindaopcpb.org.br\/index.php\/wp-json\/wp\/v2\/comments?post=38585"}],"version-history":[{"count":1,"href":"https:\/\/sindaopcpb.org.br\/index.php\/wp-json\/wp\/v2\/posts\/38585\/revisions"}],"predecessor-version":[{"id":38586,"href":"https:\/\/sindaopcpb.org.br\/index.php\/wp-json\/wp\/v2\/posts\/38585\/revisions\/38586"}],"wp:attachment":[{"href":"https:\/\/sindaopcpb.org.br\/index.php\/wp-json\/wp\/v2\/media?parent=38585"}],"wp:term":[{"taxonomy":"category","embeddable":true,"href":"https:\/\/sindaopcpb.org.br\/index.php\/wp-json\/wp\/v2\/categories?post=38585"},{"taxonomy":"post_tag","embeddable":true,"href":"https:\/\/sindaopcpb.org.br\/index.php\/wp-json\/wp\/v2\/tags?post=38585"}],"curies":[{"name":"wp","href":"https:\/\/api.w.org\/{rel}","templated":true}]}}