{"id":38546,"date":"2023-10-13T07:52:43","date_gmt":"2023-10-13T10:52:43","guid":{"rendered":"https:\/\/wpa.wscom.com.br\/?p=927356"},"modified":"2023-10-13T07:52:43","modified_gmt":"2023-10-13T10:52:43","slug":"bolsonaro-sai-em-defesa-de-golpistas-condenados-no-8-de-janeiro-que-fiquem-livre-dessa-pena","status":"publish","type":"post","link":"https:\/\/sindaopcpb.org.br\/index.php\/2023\/10\/13\/bolsonaro-sai-em-defesa-de-golpistas-condenados-no-8-de-janeiro-que-fiquem-livre-dessa-pena\/","title":{"rendered":"Bolsonaro sai em defesa de golpistas condenados no 8 de Janeiro: \u2018que fiquem livre dessa pena\u2019"},"content":{"rendered":"<p>&nbsp;<\/p>\n<p>&nbsp;<\/p>\n<p>O ex-presidente Jair Bolsonaro (PL) expressou nesta quinta-feira (12) seu apoio \u00e0s pessoas que foram detidas em decorr\u00eancia dos atos golpistas de 8 de janeiro. Durante um evento pr\u00f3-vida em Chapec\u00f3, Santa Catarina, Bolsonaro argumentou que, caso ainda estivesse exercendo a presid\u00eancia naquela \u00e9poca, as puni\u00e7\u00f5es teriam sido menos severas. Bolsonaro fez essas observa\u00e7\u00f5es em uma declara\u00e7\u00e3o que durou menos de tr\u00eas minutos.<\/p>\n<p>&#8220;Se queremos viver em democracia, (\u00e9 preciso) respeitar a lei e o devido processo legal e individualizar a conduta de cada um. E n\u00e3o ao querer fazer justi\u00e7a, cometer uma grande injusti\u00e7a. Quero dizer a voc\u00eas que se eu continuasse na Presid\u00eancia, isso tudo n\u00e3o teria ocorrido. N\u00f3s lamentamos o ocorrido. Esperamos que isso seja desfeito brevemente e que essas pessoas fiquem livres. E que as que foram condenadas a 17 anos de cadeia, que fiquem livres dessa pena tamb\u00e9m&#8221;, afirmou Bolsonaro.<\/p>\n<p>Al\u00e9m desse t\u00f3pico, o ex-presidente se dirigiu ao conflito em Israel, que come\u00e7ou no \u00faltimo s\u00e1bado devido a a\u00e7\u00f5es do grupo Hamas, expressando sua solidariedade ao povo catarinense devido \u00e0s chuvas e ao Estado de Israel em meio ao conflito. Bolsonaro chegou \u00e0 cidade catarinense na manh\u00e3 desta quinta-feira e, antes do evento, almo\u00e7ou com l\u00edderes do Partido Liberal e se encontrou com seu filho mais novo, Jair Renan Bolsonaro. Ap\u00f3s a manifesta\u00e7\u00e3o, Bolsonaro prosseguiu com sua agenda, participando de um rodeio e, \u00e0 noite, comparecendo a um show da dupla sertaneja Rick e Renner.<\/p>\n<p>O post <a rel=\"nofollow noopener\" href=\"https:\/\/wscom.com.br\/bolsonaro-sai-em-defesa-de-golpistas-condenados-no-8-de-janeiro-que-fiquem-livre-dessa-pena\/\" target=\"_blank\">Bolsonaro sai em defesa de golpistas condenados no 8 de Janeiro: &#8216;que fiquem livre dessa pena&#8217;<\/a> apareceu primeiro em <a rel=\"nofollow noopener\" href=\"https:\/\/wscom.com.br\/\" target=\"_blank\">WSCOM<\/a>.<\/p>\n","protected":false},"excerpt":{"rendered":"<p>\u00a0 \u00a0 O ex-presidente Jair Bolsonaro (PL) expressou nesta quinta-feira (12) seu apoio \u00e0s pessoas que foram detidas em decorr\u00eancia dos atos golpistas de 8 de janeiro. Durante um evento pr\u00f3-vida em Chapec\u00f3, Santa Catarina, Bolsonaro argumentou que, caso ainda estivesse exercendo a presid\u00eancia naquela \u00e9poca, as puni\u00e7\u00f5es teriam sido menos severas. Bolsonaro fez essas [\u2026]<\/p>\n<p>O post <a rel=\"nofollow\" href=\"https:\/\/wscom.com.br\/bolsonaro-sai-em-defesa-de-golpistas-condenados-no-8-de-janeiro-que-fiquem-livre-dessa-pena\/\">Bolsonaro sai em defesa de golpistas condenados no 8 de Janeiro: \u2018que fiquem livre dessa pena\u2019<\/a> apareceu primeiro em <a rel=\"nofollow\" href=\"https:\/\/wscom.com.br\/\">WSCOM<\/a>.<\/p>\n","protected":false},"author":42,"featured_media":0,"comment_status":"closed","ping_status":"closed","sticky":false,"template":"","format":"standard","meta":{"advgb_blocks_editor_width":"","advgb_blocks_columns_visual_guide":"","footnotes":""},"categories":[2566,115,2571,34,1551,135],"tags":[35],"class_list":["post-38546","post","type-post","status-publish","format-standard","hentry","category-apoio","category-brasil","category-defesa","category-g1","category-golpistas","category-jair-bolsonaro","tag-g1"],"author_meta":{"display_name":"Rafael Andrade","author_link":"https:\/\/sindaopcpb.org.br\/author\/rafael-andrade\/"},"featured_img":null,"coauthors":[],"tax_additional":{"categories":{"linked":["<a href=\"https:\/\/sindaopcpb.org.br\/apoio\/\" class=\"advgb-post-tax-term\">apoio<\/a>","<a href=\"https:\/\/sindaopcpb.org.br\/brasil\/\" class=\"advgb-post-tax-term\">Brasil<\/a>","<a href=\"https:\/\/sindaopcpb.org.br\/defesa\/\" class=\"advgb-post-tax-term\">Defesa<\/a>","<a href=\"https:\/\/sindaopcpb.org.br\/g1\/\" class=\"advgb-post-tax-term\">G1<\/a>","<a href=\"https:\/\/sindaopcpb.org.br\/golpistas\/\" class=\"advgb-post-tax-term\">golpistas<\/a>","<a href=\"https:\/\/sindaopcpb.org.br\/jair-bolsonaro\/\" class=\"advgb-post-tax-term\">Jair Bolsonaro<\/a>"],"unlinked":["<span class=\"advgb-post-tax-term\">apoio<\/span>","<span class=\"advgb-post-tax-term\">Brasil<\/span>","<span class=\"advgb-post-tax-term\">Defesa<\/span>","<span class=\"advgb-post-tax-term\">G1<\/span>","<span class=\"advgb-post-tax-term\">golpistas<\/span>","<span class=\"advgb-post-tax-term\">Jair Bolsonaro<\/span>"]},"tags":{"linked":["<a href=\"https:\/\/sindaopcpb.org.br\/jair-bolsonaro\/\" class=\"advgb-post-tax-term\">g1<\/a>"],"unlinked":["<span class=\"advgb-post-tax-term\">g1<\/span>"]}},"comment_count":"0","relative_dates":{"created":"Publicado 3 anos atr\u00e1s","modified":"Atualizado 3 anos atr\u00e1s"},"absolute_dates":{"created":"Publicado em 13 de outubro de 2023","modified":"Atualizado em 13 de outubro de 2023"},"absolute_dates_time":{"created":"Publicado em 13 de outubro de 2023 07:52","modified":"Atualizado em 13 de outubro de 2023 07:52"},"featured_img_caption":"","series_order":"","_links":{"self":[{"href":"https:\/\/sindaopcpb.org.br\/index.php\/wp-json\/wp\/v2\/posts\/38546","targetHints":{"allow":["GET"]}}],"collection":[{"href":"https:\/\/sindaopcpb.org.br\/index.php\/wp-json\/wp\/v2\/posts"}],"about":[{"href":"https:\/\/sindaopcpb.org.br\/index.php\/wp-json\/wp\/v2\/types\/post"}],"author":[{"embeddable":true,"href":"https:\/\/sindaopcpb.org.br\/index.php\/wp-json\/wp\/v2\/users\/42"}],"replies":[{"embeddable":true,"href":"https:\/\/sindaopcpb.org.br\/index.php\/wp-json\/wp\/v2\/comments?post=38546"}],"version-history":[{"count":1,"href":"https:\/\/sindaopcpb.org.br\/index.php\/wp-json\/wp\/v2\/posts\/38546\/revisions"}],"predecessor-version":[{"id":38547,"href":"https:\/\/sindaopcpb.org.br\/index.php\/wp-json\/wp\/v2\/posts\/38546\/revisions\/38547"}],"wp:attachment":[{"href":"https:\/\/sindaopcpb.org.br\/index.php\/wp-json\/wp\/v2\/media?parent=38546"}],"wp:term":[{"taxonomy":"category","embeddable":true,"href":"https:\/\/sindaopcpb.org.br\/index.php\/wp-json\/wp\/v2\/categories?post=38546"},{"taxonomy":"post_tag","embeddable":true,"href":"https:\/\/sindaopcpb.org.br\/index.php\/wp-json\/wp\/v2\/tags?post=38546"}],"curies":[{"name":"wp","href":"https:\/\/api.w.org\/{rel}","templated":true}]}}