{"id":38493,"date":"2023-10-12T17:29:28","date_gmt":"2023-10-12T20:29:28","guid":{"rendered":"https:\/\/wpa.wscom.com.br\/?p=927280"},"modified":"2023-10-12T17:29:28","modified_gmt":"2023-10-12T20:29:28","slug":"homem-e-morto-a-tiros-na-praia-de-cabo-branco-em-joao-pessoa","status":"publish","type":"post","link":"https:\/\/sindaopcpb.org.br\/index.php\/2023\/10\/12\/homem-e-morto-a-tiros-na-praia-de-cabo-branco-em-joao-pessoa\/","title":{"rendered":"Homem \u00e9 morto a tiros na Praia de Cabo Branco, em Jo\u00e3o Pessoa"},"content":{"rendered":"<p>Um homem foi morto a tiros na Praia de Cabo Branco, em Jo\u00e3o Pessoa, na tarde desta quarta-feira (12).<\/p>\n<p>O crime foi cometido por dois suspeitos que chegaram ao local em uma motocicleta, segundo informa\u00e7\u00f5es da Pol\u00edcia Militar. A principal \u00e9 de uma execu\u00e7\u00e3o.<\/p>\n<p>A v\u00edtima residia em Bayeux, na Regi\u00e3o Metropolitana de Jo\u00e3o Pessoa.<\/p>\n<p>O post <a rel=\"nofollow noopener\" href=\"https:\/\/wscom.com.br\/homem-e-morto-a-tiros-na-praia-de-cabo-branco-em-joao-pessoa\/\" target=\"_blank\">Homem \u00e9 morto a tiros na Praia de Cabo Branco, em Jo\u00e3o Pessoa<\/a> apareceu primeiro em <a rel=\"nofollow noopener\" href=\"https:\/\/wscom.com.br\/\" target=\"_blank\">WSCOM<\/a>.<\/p>\n","protected":false},"excerpt":{"rendered":"<p>Um homem foi morto a tiros na Praia de Cabo Branco, em Jo\u00e3o Pessoa, na tarde desta quarta-feira (12).<br \/>\nO crime foi cometido por dois suspeitos que chegaram ao local em uma motocicleta, segundo informa\u00e7\u00f5es da Pol\u00edcia Militar. A principal \u00e9 de uma execu\u00e7\u00e3&#8230;<\/p>\n","protected":false},"author":50,"featured_media":0,"comment_status":"closed","ping_status":"closed","sticky":false,"template":"","format":"standard","meta":{"advgb_blocks_editor_width":"","advgb_blocks_columns_visual_guide":"","footnotes":""},"categories":[34,66],"tags":[35],"class_list":["post-38493","post","type-post","status-publish","format-standard","hentry","category-g1","category-policial","tag-g1"],"author_meta":{"display_name":"Wallyson","author_link":"https:\/\/sindaopcpb.org.br\/author\/wallyson\/"},"featured_img":null,"coauthors":[],"tax_additional":{"categories":{"linked":["<a href=\"https:\/\/sindaopcpb.org.br\/g1\/\" class=\"advgb-post-tax-term\">G1<\/a>","<a href=\"https:\/\/sindaopcpb.org.br\/policial\/\" class=\"advgb-post-tax-term\">Policial<\/a>"],"unlinked":["<span class=\"advgb-post-tax-term\">G1<\/span>","<span class=\"advgb-post-tax-term\">Policial<\/span>"]},"tags":{"linked":["<a href=\"https:\/\/sindaopcpb.org.br\/policial\/\" class=\"advgb-post-tax-term\">g1<\/a>"],"unlinked":["<span class=\"advgb-post-tax-term\">g1<\/span>"]}},"comment_count":"0","relative_dates":{"created":"Publicado 3 anos atr\u00e1s","modified":"Atualizado 3 anos atr\u00e1s"},"absolute_dates":{"created":"Publicado em 12 de outubro de 2023","modified":"Atualizado em 12 de outubro de 2023"},"absolute_dates_time":{"created":"Publicado em 12 de outubro de 2023 17:29","modified":"Atualizado em 12 de outubro de 2023 17:29"},"featured_img_caption":"","series_order":"","_links":{"self":[{"href":"https:\/\/sindaopcpb.org.br\/index.php\/wp-json\/wp\/v2\/posts\/38493","targetHints":{"allow":["GET"]}}],"collection":[{"href":"https:\/\/sindaopcpb.org.br\/index.php\/wp-json\/wp\/v2\/posts"}],"about":[{"href":"https:\/\/sindaopcpb.org.br\/index.php\/wp-json\/wp\/v2\/types\/post"}],"author":[{"embeddable":true,"href":"https:\/\/sindaopcpb.org.br\/index.php\/wp-json\/wp\/v2\/users\/50"}],"replies":[{"embeddable":true,"href":"https:\/\/sindaopcpb.org.br\/index.php\/wp-json\/wp\/v2\/comments?post=38493"}],"version-history":[{"count":1,"href":"https:\/\/sindaopcpb.org.br\/index.php\/wp-json\/wp\/v2\/posts\/38493\/revisions"}],"predecessor-version":[{"id":38494,"href":"https:\/\/sindaopcpb.org.br\/index.php\/wp-json\/wp\/v2\/posts\/38493\/revisions\/38494"}],"wp:attachment":[{"href":"https:\/\/sindaopcpb.org.br\/index.php\/wp-json\/wp\/v2\/media?parent=38493"}],"wp:term":[{"taxonomy":"category","embeddable":true,"href":"https:\/\/sindaopcpb.org.br\/index.php\/wp-json\/wp\/v2\/categories?post=38493"},{"taxonomy":"post_tag","embeddable":true,"href":"https:\/\/sindaopcpb.org.br\/index.php\/wp-json\/wp\/v2\/tags?post=38493"}],"curies":[{"name":"wp","href":"https:\/\/api.w.org\/{rel}","templated":true}]}}