{"id":38473,"date":"2023-10-12T12:03:32","date_gmt":"2023-10-12T15:03:32","guid":{"rendered":"https:\/\/wpa.wscom.com.br\/?p=927257"},"modified":"2023-10-12T12:03:32","modified_gmt":"2023-10-12T15:03:32","slug":"quase-100-policiais-militares-sao-promovidos-pelo-governo-da-paraiba","status":"publish","type":"post","link":"https:\/\/sindaopcpb.org.br\/index.php\/2023\/10\/12\/quase-100-policiais-militares-sao-promovidos-pelo-governo-da-paraiba\/","title":{"rendered":"Quase 100 policiais militares s\u00e3o promovidos pelo Governo da Para\u00edba"},"content":{"rendered":"<p>O governo do Estado e o comandante-geral da Pol\u00edcia Militar da Para\u00edba, o coronel S\u00e9rgio Fonseca, promoveram, no fim da \u00faltima ter\u00e7a-feira (10), 98 policiais militares em diversas gradua\u00e7\u00f5es e quadros funcionais. Os atos foram publicados no \u00faltimo Boletim da institui\u00e7\u00e3o n\u00ba 191, e fortalecem a pol\u00edtica de ascens\u00e3o e valoriza\u00e7\u00e3o dos recursos humanos da corpora\u00e7\u00e3o.<\/p>\n<p>Ao todo, 55 promo\u00e7\u00f5es ocorreram por crit\u00e9rio de antiguidade e 43 por merecimento, nos quadros de pra\u00e7as combatentes, m\u00fasicos e de apoio \u00e0 sa\u00fade. A partir da publica\u00e7\u00e3o, a PM conta com 11 novos subtenentes, al\u00e9m de 43 policiais que chegam \u00e0 gradua\u00e7\u00e3o de 1\u00ba sargento, e 44 de 2\u00ba sargento.<\/p>\n<p>\u201cAs promo\u00e7\u00f5es refletem justamente a valoriza\u00e7\u00e3o profissional dos nossos policiais que, em todos os momentos, atuam na seguran\u00e7a p\u00fablica do nosso Estado. Agradecemos ao governador Jo\u00e3o Azev\u00eado pela promo\u00e7\u00e3o e ascens\u00e3o desses policiais, bem como por outras a\u00e7\u00f5es que vem tomando em benef\u00edcio da tropa, como a desonera\u00e7\u00e3o do servi\u00e7o extra, inclusive reajustando o valor da hora trabalhada, e permitindo que o policial possa cumprir, caso queira, a quantidade de horas do servi\u00e7o extra, conforme previsto em lei.\u201d, agradeceu o coronel S\u00e9rgio.<\/p>\n<p>O post <a rel=\"nofollow noopener\" href=\"https:\/\/wscom.com.br\/quase-100-policiais-militares-sao-promovidos-pelo-governo-da-paraiba\/\" target=\"_blank\">Quase 100 policiais militares s\u00e3o promovidos pelo Governo da Para\u00edba<\/a> apareceu primeiro em <a rel=\"nofollow noopener\" href=\"https:\/\/wscom.com.br\/\" target=\"_blank\">WSCOM<\/a>.<\/p>\n","protected":false},"excerpt":{"rendered":"<p>O governo do Estado e o comandante-geral da Pol\u00edcia Militar da Para\u00edba, o coronel S\u00e9rgio Fonseca, promoveram, no fim da \u00faltima ter\u00e7a-feira (10), 98 policiais militares em diversas gradua\u00e7\u00f5es e quadros funcionais. Os atos foram publicados no \u00faltimo Boletim da institui\u00e7\u00e3o n\u00ba 191, e fortalecem a pol\u00edtica de ascens\u00e3o e valoriza\u00e7\u00e3o dos recursos humanos da [\u2026]<\/p>\n<p>O post <a rel=\"nofollow\" href=\"https:\/\/wscom.com.br\/quase-100-policiais-militares-sao-promovidos-pelo-governo-da-paraiba\/\">Quase 100 policiais militares s\u00e3o promovidos pelo Governo da Para\u00edba<\/a> apareceu primeiro em <a rel=\"nofollow\" href=\"https:\/\/wscom.com.br\/\">WSCOM<\/a>.<\/p>\n","protected":false},"author":50,"featured_media":0,"comment_status":"closed","ping_status":"closed","sticky":false,"template":"","format":"standard","meta":{"advgb_blocks_editor_width":"","advgb_blocks_columns_visual_guide":"","footnotes":""},"categories":[34,260,54,779,47,7332],"tags":[35],"class_list":["post-38473","post","type-post","status-publish","format-standard","hentry","category-g1","category-governo","category-paraiba","category-pm","category-politica","category-promocao","tag-g1"],"author_meta":{"display_name":"Wallyson","author_link":"https:\/\/sindaopcpb.org.br\/author\/wallyson\/"},"featured_img":null,"coauthors":[],"tax_additional":{"categories":{"linked":["<a href=\"https:\/\/sindaopcpb.org.br\/g1\/\" class=\"advgb-post-tax-term\">G1<\/a>","<a href=\"https:\/\/sindaopcpb.org.br\/governo\/\" class=\"advgb-post-tax-term\">Governo<\/a>","<a href=\"https:\/\/sindaopcpb.org.br\/paraiba\/\" class=\"advgb-post-tax-term\">Para\u00edba<\/a>","<a href=\"https:\/\/sindaopcpb.org.br\/pm\/\" class=\"advgb-post-tax-term\">PM<\/a>","<a href=\"https:\/\/sindaopcpb.org.br\/politica\/\" class=\"advgb-post-tax-term\">POLITICA<\/a>","<a href=\"https:\/\/sindaopcpb.org.br\/promocao\/\" class=\"advgb-post-tax-term\">promo\u00e7\u00e3o<\/a>"],"unlinked":["<span class=\"advgb-post-tax-term\">G1<\/span>","<span class=\"advgb-post-tax-term\">Governo<\/span>","<span class=\"advgb-post-tax-term\">Para\u00edba<\/span>","<span class=\"advgb-post-tax-term\">PM<\/span>","<span class=\"advgb-post-tax-term\">POLITICA<\/span>","<span class=\"advgb-post-tax-term\">promo\u00e7\u00e3o<\/span>"]},"tags":{"linked":["<a href=\"https:\/\/sindaopcpb.org.br\/promocao\/\" class=\"advgb-post-tax-term\">g1<\/a>"],"unlinked":["<span class=\"advgb-post-tax-term\">g1<\/span>"]}},"comment_count":"0","relative_dates":{"created":"Publicado 3 anos atr\u00e1s","modified":"Atualizado 3 anos atr\u00e1s"},"absolute_dates":{"created":"Publicado em 12 de outubro de 2023","modified":"Atualizado em 12 de outubro de 2023"},"absolute_dates_time":{"created":"Publicado em 12 de outubro de 2023 12:03","modified":"Atualizado em 12 de outubro de 2023 12:03"},"featured_img_caption":"","series_order":"","_links":{"self":[{"href":"https:\/\/sindaopcpb.org.br\/index.php\/wp-json\/wp\/v2\/posts\/38473","targetHints":{"allow":["GET"]}}],"collection":[{"href":"https:\/\/sindaopcpb.org.br\/index.php\/wp-json\/wp\/v2\/posts"}],"about":[{"href":"https:\/\/sindaopcpb.org.br\/index.php\/wp-json\/wp\/v2\/types\/post"}],"author":[{"embeddable":true,"href":"https:\/\/sindaopcpb.org.br\/index.php\/wp-json\/wp\/v2\/users\/50"}],"replies":[{"embeddable":true,"href":"https:\/\/sindaopcpb.org.br\/index.php\/wp-json\/wp\/v2\/comments?post=38473"}],"version-history":[{"count":1,"href":"https:\/\/sindaopcpb.org.br\/index.php\/wp-json\/wp\/v2\/posts\/38473\/revisions"}],"predecessor-version":[{"id":38474,"href":"https:\/\/sindaopcpb.org.br\/index.php\/wp-json\/wp\/v2\/posts\/38473\/revisions\/38474"}],"wp:attachment":[{"href":"https:\/\/sindaopcpb.org.br\/index.php\/wp-json\/wp\/v2\/media?parent=38473"}],"wp:term":[{"taxonomy":"category","embeddable":true,"href":"https:\/\/sindaopcpb.org.br\/index.php\/wp-json\/wp\/v2\/categories?post=38473"},{"taxonomy":"post_tag","embeddable":true,"href":"https:\/\/sindaopcpb.org.br\/index.php\/wp-json\/wp\/v2\/tags?post=38473"}],"curies":[{"name":"wp","href":"https:\/\/api.w.org\/{rel}","templated":true}]}}