{"id":38448,"date":"2023-10-12T09:04:00","date_gmt":"2023-10-12T12:04:00","guid":{"rendered":"https:\/\/www.infomoney.com.br\/?p=2267847"},"modified":"2023-10-12T09:04:00","modified_gmt":"2023-10-12T12:04:00","slug":"deputados-avaliam-impor-limites-ao-governo-em-bloqueio-de-emendas-parlamentares","status":"publish","type":"post","link":"https:\/\/sindaopcpb.org.br\/index.php\/2023\/10\/12\/deputados-avaliam-impor-limites-ao-governo-em-bloqueio-de-emendas-parlamentares\/","title":{"rendered":"Deputados avaliam impor limites ao governo em bloqueio de emendas parlamentares"},"content":{"rendered":"<p><img loading=\"lazy\" width=\"300\" height=\"199\" src=\"https:\/\/www.infomoney.com.br\/wp-content\/uploads\/2023\/04\/fachada-senado_Foto-Leonardo-Sa-Agencia-Senado.jpg?fit=300%2C199&amp;quality=70&amp;strip=all\" class=\"attachment-medium size-medium wp-post-image\" alt=\"\" decoding=\"async\" style=\"float:right; margin:0 0 10px 10px;\" srcset=\"https:\/\/www.infomoney.com.br\/wp-content\/uploads\/2023\/04\/fachada-senado_Foto-Leonardo-Sa-Agencia-Senado.jpg?w=2047&amp;quality=70&amp;strip=all 2047w, https:\/\/www.infomoney.com.br\/wp-content\/uploads\/2023\/04\/fachada-senado_Foto-Leonardo-Sa-Agencia-Senado.jpg?w=300&amp;quality=70&amp;strip=all 300w, https:\/\/www.infomoney.com.br\/wp-content\/uploads\/2023\/04\/fachada-senado_Foto-Leonardo-Sa-Agencia-Senado.jpg?w=768&amp;quality=70&amp;strip=all 768w, https:\/\/www.infomoney.com.br\/wp-content\/uploads\/2023\/04\/fachada-senado_Foto-Leonardo-Sa-Agencia-Senado.jpg?w=1280&amp;quality=70&amp;strip=all 1280w, https:\/\/www.infomoney.com.br\/wp-content\/uploads\/2023\/04\/fachada-senado_Foto-Leonardo-Sa-Agencia-Senado.jpg?w=1536&amp;quality=70&amp;strip=all 1536w, https:\/\/www.infomoney.com.br\/wp-content\/uploads\/2023\/04\/fachada-senado_Foto-Leonardo-Sa-Agencia-Senado.jpg?w=150&amp;quality=70&amp;strip=all 150w\" sizes=\"auto, (max-width: 300px) 100vw, 300px\" data-attachment-id=\"2107631\" data-permalink=\"https:\/\/www.infomoney.com.br\/minhas-financas\/desarquivada-no-senado-proposta-com-novas-regras-para-o-seguro-e-criticada-por-representantes-do-setor\/attachment\/fachada-senado_foto-leonardo-sa-agencia-senado\/\" data-orig-file=\"https:\/\/www.infomoney.com.br\/wp-content\/uploads\/2023\/04\/fachada-senado_Foto-Leonardo-Sa-Agencia-Senado.jpg?fit=2047%2C1357&amp;quality=70&amp;strip=all\" data-orig-size=\"2047,1357\" data-comments-opened=\"0\" data-image-meta=\"{&quot;aperture&quot;:&quot;0&quot;,&quot;credit&quot;:&quot;Leonardo S\\u00e1\\\/Ag\\u00eancia Senado&quot;,&quot;camera&quot;:&quot;&quot;,&quot;caption&quot;:&quot;&quot;,&quot;created_timestamp&quot;:&quot;0&quot;,&quot;copyright&quot;:&quot;Senado Federal do Brasil&quot;,&quot;focal_length&quot;:&quot;0&quot;,&quot;iso&quot;:&quot;0&quot;,&quot;shutter_speed&quot;:&quot;0&quot;,&quot;title&quot;:&quot;&quot;,&quot;orientation&quot;:&quot;0&quot;}\" data-image-title=\"Fachada do Congresso (Foto: Leonardo S\u00e1\/Ag\u00eancia Senado)\" data-image-description=\"\" data-image-caption=\"\" data-medium-file=\"https:\/\/www.infomoney.com.br\/wp-content\/uploads\/2023\/04\/fachada-senado_Foto-Leonardo-Sa-Agencia-Senado.jpg?fit=300%2C199&amp;quality=70&amp;strip=all\" data-large-file=\"https:\/\/www.infomoney.com.br\/wp-content\/uploads\/2023\/04\/fachada-senado_Foto-Leonardo-Sa-Agencia-Senado.jpg?fit=1280%2C849&amp;quality=70&amp;strip=all\" title=\"\"><\/p>\n<p>Para preservar emendas parlamentares caso o governo precise bloquear despesas para cumprir a meta fiscal no ano que vem, um grupo de deputados da C&acirc;mara tem estudado incluir no relat&oacute;rio da Lei de Diretrizes Or&ccedil;ament&aacute;rias (LDO) de 2024 um dispositivo que estabele&ccedil;a regras e limites para contingenciamento (bloqueio preventivo) desses recursos. A ideia &eacute; ainda preliminar, mas h&aacute; disposi&ccedil;&atilde;o dos congressistas de que essa eventual sa&iacute;da seja constru&iacute;da em alinhamento com o pr&oacute;prio Executivo.<\/p>\n<p>A descren&ccedil;a de alguns deputados sobre a viabilidade de zerar o rombo das contas p&uacute;blicas em 2024 somente com aumento de receitas tem impulsionado nos bastidores um movimento para preservar os recursos dos parlamentares em ano de disputa eleitoral. O receio dos congressistas, ainda restrito a um grupo minorit&aacute;rio na Casa, &eacute; de que perseguir a meta fiscal definida pelo ministro da Fazenda, Fernando Haddad, possa fazer com que o governo tenha de promover contingenciamentos. Nesse caso, as emendas parlamentares poderiam ser penalizadas.<\/p>\n<p>Uma emenda constitucional de 2019 determina que, em caso de n&atilde;o cumprimento da meta de resultado fiscal, os recursos destinados &agrave;s emendas parlamentares &ldquo;poder&atilde;o ser reduzidos em at&eacute; a mesma propor&ccedil;&atilde;o da limita&ccedil;&atilde;o incidente sobre o conjunto das demais despesas discricion&aacute;rias&rdquo;.<\/p>\n<p>Como parte das regras de contingenciamento s&atilde;o definidas na LDO, poderia ser inclu&iacute;do no relat&oacute;rio um limite ou par&acirc;metro diferente, com base em um valor proporcional a ser definido no parecer que se aplicar&aacute; a todas as discricion&aacute;rias, em respeito ao texto da Constitui&ccedil;&atilde;o. De acordo com t&eacute;cnicos, as express&otilde;es &ldquo;poder&atilde;o&rdquo; e &ldquo;em at&eacute;&rdquo; do dispositivo constitucional podem abrir brecha para costurar essa sa&iacute;da, mas as possibilidades ainda est&atilde;o sendo analisadas.<\/p>\n<p>O alerta sobre preservar emendas j&aacute; tem sido feito pelo relator da LDO, deputado Danilo Forte (Uni&atilde;o-CE). Ontem, o parlamentar afirmou que &ldquo;repetidamente se tem no contingenciamento uma seletividade sobre o que vai ser empenhado, pago e liberado&rdquo;. &ldquo;H&aacute; uma ang&uacute;stia generalizada no parlamento, porque esse cronograma n&atilde;o tem priorizado as emendas parlamentares&rdquo;, disse em plen&aacute;rio.<\/p>\n<p>Entre deputados, h&aacute; uma percep&ccedil;&atilde;o de que o Executivo tem se fortalecido por meio dos contingenciamentos e, diante disso, seria preciso garantir um empoderamento ainda maior do Congresso sobre o or&ccedil;amento. Forte &eacute; um defensor dessa bandeira. Foi ele quem levantou, por exemplo, a sugest&atilde;o de estabelecer um calend&aacute;rio para libera&ccedil;&atilde;o das emendas, em entrevista ao Broadcast Pol&iacute;tico em agosto.<\/p>\n<p>Essa possibilidade de criar regras sobre contingenciamento seria uma alternativa &agrave; ideia de alterar a meta fiscal. Isso porque, como mostrou a reportagem, a hip&oacute;tese de mudar agora o alvo de d&eacute;ficit zero para o ano que vem sem combinar com o governo, para evitar que as emendas n&atilde;o sejam penalizadas em 2024, n&atilde;o &eacute; apoiada por lideran&ccedil;as da C&acirc;mara. Haddad tem insistido, em p&uacute;blico e nos bastidores, na import&acirc;ncia de se perseguir o objetivo fixado no arcabou&ccedil;o para dar uma sinaliza&ccedil;&atilde;o de responsabilidade fiscal ao mercado.<\/p>\n<p>&Agrave; reportagem, deputados afirmaram que a miss&atilde;o foi abra&ccedil;ada por Haddad e n&atilde;o cabe ao Parlamento mudar a rota ainda em 2023. Eles reconhecem, no entanto, que pode haver uma altera&ccedil;&atilde;o na meta no pr&oacute;ximo ano e que isto j&aacute; estaria precificado pelo mercado. A ala pol&iacute;tica do governo &eacute;, por exemplo, uma das que defende que o ajuste fiscal seja mais gradual para evitar uma desacelera&ccedil;&atilde;o do crescimento econ&ocirc;mico.<\/p>\n<p>Para cumprir o que prometeu, o Executivo depende de uma s&eacute;rie de projetos que preveem aumento de receita, mas ainda tramitam no Congresso, como a taxa&ccedil;&atilde;o de fundos de alta renda (offshores e exclusivos), o fim da dedu&ccedil;&atilde;o dos Juros sobre Capital Pr&oacute;prio (JCP) e a mudan&ccedil;a na subven&ccedil;&atilde;o do ICMS. Tamb&eacute;m h&aacute; &ldquo;pautas-bomba&rdquo; no Congresso que podem elevar a despesa.<\/p>\n<\/p>\n<div class=\"cta-end\">\n<div class=\"im-cta\" >\n<div class=\"im-shortcode-forms bg-light bg-opacity-25 border rounded-4 p-3 p-sm-4 p-md-3 p-lg-4 px-xxl-5 my-5\" data-configuration='{\"form_name\":false,\"form_hat\":\"Newsletter\",\"form_email\":true,\"form_icon\":\"newsletter\",\"form_phone\":false,\"form_campaign\":\"NIM\",\"form_thankyou\":\"\",\"form_journey\":\"APIEvent-26a5198d-8e09-06ef-5f80-cd9127757ad1\",\"form_button\":\"Quero receber\",\"form_context\":\"newsletter\",\"form_origin\":\"https:\\\/\\\/www.infomoney.com.br\\\/politica\\\/feed\\\/?utm_medium=materia&#038;utm_source=infomoney&#038;utm_campaign=NIM&#038;utm_term=politica&#038;utm_content=newsletter\",\"form_position\":\"final\",\"form_category\":\"cta_form\"}'>\n<div class=\"d-flex flex-column align-items-center align-items-lg-start mb-4 flex-lg-row\">\n<div class=\"rounded-circle mb-2 mb-lg-0 mr-lg-4 me-lg-4 p-3 p-lg-4 bg-blue-400\"><svg width=\"40\" height=\"40\" viewBox=\"0 0 40 40\" fill=\"none\" xmlns=\"http:\/\/www.w3.org\/2000\/svg\"><path d=\"M20 20.25 6.042 11.042v19.041c0 .167.048.299.146.396a.535.535 0 0 0 .395.146h15.792V32.5H6.583a2.328 2.328 0 0 1-1.708-.708 2.328 2.328 0 0 1-.708-1.709V9.917c0-.667.236-1.236.708-1.709A2.328 2.328 0 0 1 6.583 7.5h26.834c.666 0 1.236.236 1.708.708a2.33 2.33 0 0 1 .708 1.709v12.458h-1.875V11.042L20 20.25Zm0-2 13.667-8.875H6.333L20 18.25Zm11.75 18.958-1.292-1.333 3.334-3.375h-9v-1.875h9l-3.375-3.417 1.333-1.291 5.667 5.625-5.667 5.666ZM6.042 11.042v20.791-9.458.25-13.25 1.667Z\" fill=\"#fff\"\/><\/svg><\/div>\n<div class=\"flex-fill text-center text-lg-left\">\n<div class=\"h6 small text-orange-700 lh-base mb-1\">Newsletter<\/div>\n<div class=\"text-body h4 m-0\">Infomorning<\/div>\n<div class=\"text-body small lh-base mt-2\">Receba no seu e-mail logo pela manh&atilde; as not&iacute;cias que v&atilde;o mexer com os mercados, com os seus investimentos e o seu bolso durante o dia<\/div>\n<\/div>\n<\/div>\n<\/div>\n<\/div>\n<\/div>\n<p>The post <a rel=\"nofollow noopener\" href=\"https:\/\/www.infomoney.com.br\/politica\/deputados-avaliam-impor-limites-ao-governo-em-bloqueio-de-emendas-parlamentares\/\" target=\"_blank\">Deputados avaliam impor limites ao governo em bloqueio de emendas parlamentares<\/a> appeared first on <a rel=\"nofollow noopener\" href=\"https:\/\/www.infomoney.com.br\/\" target=\"_blank\">InfoMoney<\/a>.<\/p>\n","protected":false},"excerpt":{"rendered":"<p><img loading=\"lazy\" decoding=\"async\" width=\"300\" height=\"199\" src=\"https:\/\/www.infomoney.com.br\/wp-content\/uploads\/2023\/04\/fachada-senado_Foto-Leonardo-Sa-Agencia-Senado.jpg?fit=300%2C199&amp;quality=70&amp;strip=all\" class=\"attachment-medium size-medium wp-post-image\" alt=\"\" data-attachment-id=\"2107631\" data-permalink=\"https:\/\/www.infomoney.com.br\/minhas-financas\/desarquivada-no-senado-proposta-com-novas-regras-para-o-seguro-e-criticada-por-representantes-do-setor\/attachment\/fachada-senado_foto-leonardo-sa-agencia-senado\/\" data-orig-file=\"https:\/\/www.infomoney.com.br\/wp-content\/uploads\/2023\/04\/fachada-senado_Foto-Leonardo-Sa-Agencia-Senado.jpg?fit=2047%2C1357&amp;quality=70&amp;strip=all\" data-orig-size=\"2047,1357\" data-comments-opened=\"0\" data-image-meta='{\"aperture\":\"0\",\"credit\":\"Leonardo S\\u00e1\\\/Ag\\u00eancia Senado\",\"camera\":\"\",\"caption\":\"\",\"created_timestamp\":\"0\",\"copyright\":\"Senado Federal do Brasil\",\"focal_length\":\"0\",\"iso\":\"0\",\"shutter_speed\":\"0\",\"title\":\"\",\"orientation\":\"0\"}' data-image-title=\"Fachada do Congresso (Foto: Leonardo S\u00e1\/Ag\u00eancia Senado)\" data-image-description=\"\" data-image-caption=\"\" data-medium-file=\"https:\/\/www.infomoney.com.br\/wp-content\/uploads\/2023\/04\/fachada-senado_Foto-Leonardo-Sa-Agencia-Senado.jpg?fit=300%2C199&amp;quality=70&amp;strip=all\" data-large-file=\"https:\/\/www.infomoney.com.br\/wp-content\/uploads\/2023\/04\/fachada-senado_Foto-Leonardo-Sa-Agencia-Senado.jpg?fit=1280%2C849&amp;quality=70&amp;strip=all\">Ideia \u00e9 ainda preliminar, mas h\u00e1 disposi\u00e7\u00e3o dos congressistas de que essa eventual sa\u00edda seja constru\u00edda em alinhamento com o pr\u00f3prio Executivo<\/p>\n<p>The post <a rel=\"nofollow\" href=\"https:\/\/www.infomoney.com.br\/politica\/deputados-avaliam-impor-limites-ao-governo-em-bloqueio-de-emendas-parlamentares\/\">Deputados avaliam impor limites ao governo em bloqueio de emendas parlamentares<\/a> appeared first on <a rel=\"nofollow\" href=\"https:\/\/www.infomoney.com.br\/\">InfoMoney<\/a>.<\/p>\n","protected":false},"author":43,"featured_media":0,"comment_status":"closed","ping_status":"closed","sticky":false,"template":"","format":"standard","meta":{"advgb_blocks_editor_width":"","advgb_blocks_columns_visual_guide":"","footnotes":""},"categories":[273,6327,34,47],"tags":[35],"class_list":["post-38448","post","type-post","status-publish","format-standard","hentry","category-congresso","category-emendas-de-relator","category-g1","category-politica","tag-g1"],"author_meta":{"display_name":"Estad\u00e3o Conte\u00fado","author_link":"https:\/\/sindaopcpb.org.br\/author\/estadao-conteudo\/"},"featured_img":null,"coauthors":[],"tax_additional":{"categories":{"linked":["<a href=\"https:\/\/sindaopcpb.org.br\/congresso\/\" class=\"advgb-post-tax-term\">Congresso<\/a>","<a href=\"https:\/\/sindaopcpb.org.br\/emendas-de-relator\/\" class=\"advgb-post-tax-term\">Emendas de relator<\/a>","<a href=\"https:\/\/sindaopcpb.org.br\/g1\/\" class=\"advgb-post-tax-term\">G1<\/a>","<a href=\"https:\/\/sindaopcpb.org.br\/politica\/\" class=\"advgb-post-tax-term\">POLITICA<\/a>"],"unlinked":["<span class=\"advgb-post-tax-term\">Congresso<\/span>","<span class=\"advgb-post-tax-term\">Emendas de relator<\/span>","<span class=\"advgb-post-tax-term\">G1<\/span>","<span class=\"advgb-post-tax-term\">POLITICA<\/span>"]},"tags":{"linked":["<a href=\"https:\/\/sindaopcpb.org.br\/politica\/\" class=\"advgb-post-tax-term\">g1<\/a>"],"unlinked":["<span class=\"advgb-post-tax-term\">g1<\/span>"]}},"comment_count":"0","relative_dates":{"created":"Publicado 3 anos atr\u00e1s","modified":"Atualizado 3 anos atr\u00e1s"},"absolute_dates":{"created":"Publicado em 12 de outubro de 2023","modified":"Atualizado em 12 de outubro de 2023"},"absolute_dates_time":{"created":"Publicado em 12 de outubro de 2023 09:04","modified":"Atualizado em 12 de outubro de 2023 09:04"},"featured_img_caption":"","series_order":"","_links":{"self":[{"href":"https:\/\/sindaopcpb.org.br\/index.php\/wp-json\/wp\/v2\/posts\/38448","targetHints":{"allow":["GET"]}}],"collection":[{"href":"https:\/\/sindaopcpb.org.br\/index.php\/wp-json\/wp\/v2\/posts"}],"about":[{"href":"https:\/\/sindaopcpb.org.br\/index.php\/wp-json\/wp\/v2\/types\/post"}],"author":[{"embeddable":true,"href":"https:\/\/sindaopcpb.org.br\/index.php\/wp-json\/wp\/v2\/users\/43"}],"replies":[{"embeddable":true,"href":"https:\/\/sindaopcpb.org.br\/index.php\/wp-json\/wp\/v2\/comments?post=38448"}],"version-history":[{"count":2,"href":"https:\/\/sindaopcpb.org.br\/index.php\/wp-json\/wp\/v2\/posts\/38448\/revisions"}],"predecessor-version":[{"id":38461,"href":"https:\/\/sindaopcpb.org.br\/index.php\/wp-json\/wp\/v2\/posts\/38448\/revisions\/38461"}],"wp:attachment":[{"href":"https:\/\/sindaopcpb.org.br\/index.php\/wp-json\/wp\/v2\/media?parent=38448"}],"wp:term":[{"taxonomy":"category","embeddable":true,"href":"https:\/\/sindaopcpb.org.br\/index.php\/wp-json\/wp\/v2\/categories?post=38448"},{"taxonomy":"post_tag","embeddable":true,"href":"https:\/\/sindaopcpb.org.br\/index.php\/wp-json\/wp\/v2\/tags?post=38448"}],"curies":[{"name":"wp","href":"https:\/\/api.w.org\/{rel}","templated":true}]}}