{"id":38322,"date":"2023-10-11T11:59:46","date_gmt":"2023-10-11T14:59:46","guid":{"rendered":"https:\/\/wpa.wscom.com.br\/?p=927098"},"modified":"2023-10-11T11:59:46","modified_gmt":"2023-10-11T14:59:46","slug":"ufcg-abre-99-vagas-em-concurso-para-professor-efetivo-em-diversas-areas-confira","status":"publish","type":"post","link":"https:\/\/sindaopcpb.org.br\/index.php\/2023\/10\/11\/ufcg-abre-99-vagas-em-concurso-para-professor-efetivo-em-diversas-areas-confira\/","title":{"rendered":"UFCG abre 99 vagas em concurso para professor efetivo em diversas \u00e1reas; confira"},"content":{"rendered":"<p>&nbsp;<\/p>\n<p>&nbsp;<\/p>\n<p>Publicado no Di\u00e1rio Oficial da Uni\u00e3o desta quarta-feira, dia 11, o edital de abertura de concurso p\u00fablico para professor efetivo da Universidade Federal de Campina Grande (UFCG). S\u00e3o ofertadas 99 vagas em diversas \u00e1reas de conhecimento, contemplando os sete\u00a0<em>campi\u00a0<\/em>institucionais.<\/p>\n<p>As inscri\u00e7\u00f5es ser\u00e3o realizadas, exclusivamente <a href=\"https:\/\/sigrh.ufcg.edu.br\/sigrh\/public\/home.jsf\" rel=\"nofollow noopener\" target=\"_blank\">via internet<\/a>, de 16 a 30 deste m\u00eas, com taxas &#8211; conforme a titula\u00e7\u00e3o exigida no perfil da vaga \u2013 de R$ 280 (doutor) e de R$ 180 (as demais). A solicita\u00e7\u00e3o para isen\u00e7\u00e3o de pagamento deve ser feita de 16 a 20 de outubro.<\/p>\n<p>A prova escrita acontecer\u00e1 no dia 3 de dezembro, com as demais etapas previstas para acontecerem a partir de 29 de janeiro do pr\u00f3ximo ano.<\/p>\n<p class=\"bodytext\"><strong>As vagas ofertadas no concurso est\u00e3o distribu\u00eddas nas seguintes \u00e1reas:<\/strong><\/p>\n<ul>\n<li>Endocrinologia e Metabologia<\/li>\n<li>Pediatria<\/li>\n<li>Psiquiatria<\/li>\n<li>Ginecologia<\/li>\n<li>Neurologia<\/li>\n<li>Medicina Legal e Deontologia<\/li>\n<li>Nefrologia<\/li>\n<li>Oftalmologia<\/li>\n<li>Hematologia<\/li>\n<li>Reumatologia<\/li>\n<li>Ortopedia<\/li>\n<li>Ci\u00eancia da Computa\u00e7\u00e3o<\/li>\n<li>Engenharia El\u00e9trica<\/li>\n<li>L\u00ednguas (Ingl\u00eas, Franc\u00eas, Portugu\u00eas &#8211; Libras)<\/li>\n<li>Artes C\u00eanicas<\/li>\n<li>Ci\u00eancias dos Materiais<\/li>\n<li>Enfermagem<\/li>\n<li>Farm\u00e1cia<\/li>\n<li>Odontologia<\/li>\n<li>Arquitetura<\/li>\n<li>Saneamento<\/li>\n<li>Ci\u00eancia e Tecnologia de Alimentos<\/li>\n<li>Direito<\/li>\n<li>Servi\u00e7o Social<\/li>\n<li>Psicologia<\/li>\n<li>Educa\u00e7\u00e3o<\/li>\n<li>Geografia<\/li>\n<li>Hist\u00f3ria<\/li>\n<li>Lingu\u00edstica<\/li>\n<li>Fisiopatologia<\/li>\n<li>Sa\u00fade Coletiva<\/li>\n<\/ul>\n<p>Veja:<\/p>\n<p><a href=\"https:\/\/portal.ufcg.edu.br\/documentos\/category\/8-editais.html?download=1858:reitoria-srh-edital-n-2-2023-abertura-concurso-publico-para-docentes\" rel=\"nofollow noopener\" target=\"_blank\">Edital<\/a><\/p>\n<p><a href=\"https:\/\/portal.ufcg.edu.br\/documentos\/category\/8-editais.html?download=1859:reitoria-srh-edital-n-2-2023-concurso-publico-para-docentes-quadro-de-vagas\" rel=\"nofollow noopener\" target=\"_blank\">Quadro de Vagas<\/a><\/p>\n<p><a href=\"https:\/\/portal.ufcg.edu.br\/documentos\/category\/8-editais.html?download=1860:reitoria-srh-edital-n-2-2023-abertura-concurso-publico-para-docentes-cronograma\" rel=\"nofollow noopener\" target=\"_blank\">Cronograma<\/a><\/p>\n<p>O post <a rel=\"nofollow noopener\" href=\"https:\/\/wscom.com.br\/ufcg-abre-99-vagas-em-concurso-para-professor-efetivo-em-diversas-areas-confira\/\" target=\"_blank\">UFCG abre 99 vagas em concurso para professor efetivo em diversas \u00e1reas; confira<\/a> apareceu primeiro em <a rel=\"nofollow noopener\" href=\"https:\/\/wscom.com.br\/\" target=\"_blank\">WSCOM<\/a>.<\/p>\n","protected":false},"excerpt":{"rendered":"<p>\u00a0 \u00a0 Publicado no Di\u00e1rio Oficial da Uni\u00e3o desta quarta-feira, dia 11, o edital de abertura de concurso p\u00fablico para professor efetivo da Universidade Federal de Campina Grande (UFCG). S\u00e3o ofertadas 99 vagas em diversas \u00e1reas de conhecimento, contemplando os sete\u00a0campi\u00a0institucionais. As inscri\u00e7\u00f5es ser\u00e3o realizadas, exclusivamente via internet, de 16 a 30 deste m\u00eas, com [\u2026]<\/p>\n<p>O post <a rel=\"nofollow\" href=\"https:\/\/wscom.com.br\/ufcg-abre-99-vagas-em-concurso-para-professor-efetivo-em-diversas-areas-confira\/\">UFCG abre 99 vagas em concurso para professor efetivo em diversas \u00e1reas; confira<\/a> apareceu primeiro em <a rel=\"nofollow\" href=\"https:\/\/wscom.com.br\/\">WSCOM<\/a>.<\/p>\n","protected":false},"author":42,"featured_media":0,"comment_status":"closed","ping_status":"closed","sticky":false,"template":"","format":"standard","meta":{"advgb_blocks_editor_width":"","advgb_blocks_columns_visual_guide":"","footnotes":""},"categories":[1167,9839,229,34,732,1296,252],"tags":[45,35],"class_list":["post-38322","post","type-post","status-publish","format-standard","hentry","category-concurso-publico","category-cronograma","category-educacao","category-g1","category-professores","category-ufcg","category-vagas","tag-edital","tag-g1"],"author_meta":{"display_name":"Rafael Andrade","author_link":"https:\/\/sindaopcpb.org.br\/author\/rafael-andrade\/"},"featured_img":null,"coauthors":[],"tax_additional":{"categories":{"linked":["<a href=\"https:\/\/sindaopcpb.org.br\/concurso-publico\/\" class=\"advgb-post-tax-term\">Concurso P\u00fablico<\/a>","<a href=\"https:\/\/sindaopcpb.org.br\/cronograma\/\" class=\"advgb-post-tax-term\">cronograma<\/a>","<a href=\"https:\/\/sindaopcpb.org.br\/educacao\/\" class=\"advgb-post-tax-term\">Educa\u00e7\u00e3o<\/a>","<a href=\"https:\/\/sindaopcpb.org.br\/g1\/\" class=\"advgb-post-tax-term\">G1<\/a>","<a href=\"https:\/\/sindaopcpb.org.br\/professores\/\" class=\"advgb-post-tax-term\">professores<\/a>","<a href=\"https:\/\/sindaopcpb.org.br\/ufcg\/\" class=\"advgb-post-tax-term\">ufcg<\/a>","<a href=\"https:\/\/sindaopcpb.org.br\/vagas\/\" class=\"advgb-post-tax-term\">vagas<\/a>"],"unlinked":["<span class=\"advgb-post-tax-term\">Concurso P\u00fablico<\/span>","<span class=\"advgb-post-tax-term\">cronograma<\/span>","<span class=\"advgb-post-tax-term\">Educa\u00e7\u00e3o<\/span>","<span class=\"advgb-post-tax-term\">G1<\/span>","<span class=\"advgb-post-tax-term\">professores<\/span>","<span class=\"advgb-post-tax-term\">ufcg<\/span>","<span class=\"advgb-post-tax-term\">vagas<\/span>"]},"tags":{"linked":["<a href=\"https:\/\/sindaopcpb.org.br\/vagas\/\" class=\"advgb-post-tax-term\">edital<\/a>","<a href=\"https:\/\/sindaopcpb.org.br\/vagas\/\" class=\"advgb-post-tax-term\">g1<\/a>"],"unlinked":["<span class=\"advgb-post-tax-term\">edital<\/span>","<span class=\"advgb-post-tax-term\">g1<\/span>"]}},"comment_count":"0","relative_dates":{"created":"Publicado 3 anos atr\u00e1s","modified":"Atualizado 3 anos atr\u00e1s"},"absolute_dates":{"created":"Publicado em 11 de outubro de 2023","modified":"Atualizado em 11 de outubro de 2023"},"absolute_dates_time":{"created":"Publicado em 11 de outubro de 2023 11:59","modified":"Atualizado em 11 de outubro de 2023 11:59"},"featured_img_caption":"","series_order":"","_links":{"self":[{"href":"https:\/\/sindaopcpb.org.br\/index.php\/wp-json\/wp\/v2\/posts\/38322","targetHints":{"allow":["GET"]}}],"collection":[{"href":"https:\/\/sindaopcpb.org.br\/index.php\/wp-json\/wp\/v2\/posts"}],"about":[{"href":"https:\/\/sindaopcpb.org.br\/index.php\/wp-json\/wp\/v2\/types\/post"}],"author":[{"embeddable":true,"href":"https:\/\/sindaopcpb.org.br\/index.php\/wp-json\/wp\/v2\/users\/42"}],"replies":[{"embeddable":true,"href":"https:\/\/sindaopcpb.org.br\/index.php\/wp-json\/wp\/v2\/comments?post=38322"}],"version-history":[{"count":1,"href":"https:\/\/sindaopcpb.org.br\/index.php\/wp-json\/wp\/v2\/posts\/38322\/revisions"}],"predecessor-version":[{"id":38323,"href":"https:\/\/sindaopcpb.org.br\/index.php\/wp-json\/wp\/v2\/posts\/38322\/revisions\/38323"}],"wp:attachment":[{"href":"https:\/\/sindaopcpb.org.br\/index.php\/wp-json\/wp\/v2\/media?parent=38322"}],"wp:term":[{"taxonomy":"category","embeddable":true,"href":"https:\/\/sindaopcpb.org.br\/index.php\/wp-json\/wp\/v2\/categories?post=38322"},{"taxonomy":"post_tag","embeddable":true,"href":"https:\/\/sindaopcpb.org.br\/index.php\/wp-json\/wp\/v2\/tags?post=38322"}],"curies":[{"name":"wp","href":"https:\/\/api.w.org\/{rel}","templated":true}]}}