{"id":38276,"date":"2023-10-11T07:12:26","date_gmt":"2023-10-11T10:12:26","guid":{"rendered":"https:\/\/www.infomoney.com.br\/?p=2266657"},"modified":"2023-10-11T07:12:26","modified_gmt":"2023-10-11T10:12:26","slug":"1o-aviao-trazendo-brasileiros-de-israel-chega-a-brasilia-havera-mais-5-voos-ate-domingo","status":"publish","type":"post","link":"https:\/\/sindaopcpb.org.br\/index.php\/2023\/10\/11\/1o-aviao-trazendo-brasileiros-de-israel-chega-a-brasilia-havera-mais-5-voos-ate-domingo\/","title":{"rendered":"1\u00ba avi\u00e3o trazendo brasileiros de Israel chega a Bras\u00edlia; haver\u00e1 mais 5 voos at\u00e9 domingo"},"content":{"rendered":"<p><img loading=\"lazy\" width=\"300\" height=\"179\" src=\"https:\/\/www.infomoney.com.br\/wp-content\/uploads\/2023\/10\/brasileiros-israel-fab.jpeg?fit=300%2C179&amp;quality=70&amp;strip=all\" class=\"attachment-medium size-medium wp-post-image\" alt=\"\" decoding=\"async\" style=\"float:right; margin:0 0 10px 10px;\" srcset=\"https:\/\/www.infomoney.com.br\/wp-content\/uploads\/2023\/10\/brasileiros-israel-fab.jpeg?w=1170&amp;quality=70&amp;strip=all 1170w, https:\/\/www.infomoney.com.br\/wp-content\/uploads\/2023\/10\/brasileiros-israel-fab.jpeg?w=300&amp;quality=70&amp;strip=all 300w, https:\/\/www.infomoney.com.br\/wp-content\/uploads\/2023\/10\/brasileiros-israel-fab.jpeg?w=768&amp;quality=70&amp;strip=all 768w, https:\/\/www.infomoney.com.br\/wp-content\/uploads\/2023\/10\/brasileiros-israel-fab.jpeg?w=150&amp;quality=70&amp;strip=all 150w\" sizes=\"auto, (max-width: 300px) 100vw, 300px\" data-attachment-id=\"2266513\" data-permalink=\"https:\/\/www.infomoney.com.br\/?attachment_id=2266513\" data-orig-file=\"https:\/\/www.infomoney.com.br\/wp-content\/uploads\/2023\/10\/brasileiros-israel-fab.jpeg?fit=1170%2C700&amp;quality=70&amp;strip=all\" data-orig-size=\"1170,700\" data-comments-opened=\"0\" data-image-meta=\"{&quot;aperture&quot;:&quot;0&quot;,&quot;credit&quot;:&quot;For\\u00e7a A\\u00e9rea Brasileira&quot;,&quot;camera&quot;:&quot;&quot;,&quot;caption&quot;:&quot;Tel Aviv, Israel, 10.10.2023 - A primeira aeronave KC-30 (Airbus A330 200), da For\\u00e7a A\\u00e9rea Brasileira (FAB), decolou de Tel Aviv, Israel, \\u00e0s 14h12 (hor\\u00e1rio de Bras\\u00edlia). A bordo, os 211 primeiros brasileiros resgatados ap\\u00f3s os conflitos recentes. Foto: For\\u00e7a A\\u00e9rea Brasileira&quot;,&quot;created_timestamp&quot;:&quot;0&quot;,&quot;copyright&quot;:&quot;&quot;,&quot;focal_length&quot;:&quot;0&quot;,&quot;iso&quot;:&quot;0&quot;,&quot;shutter_speed&quot;:&quot;0&quot;,&quot;title&quot;:&quot;&quot;,&quot;orientation&quot;:&quot;1&quot;}\" data-image-title=\"Brasileiros deixam Israel\" data-image-description=\"\" data-image-caption=\"&lt;p&gt;Brasileiros deixam Israel em aeronave KC-30 (Airbus A330 200), da For\u00e7a A\u00e9rea Brasileira (FAB), que decolou de Tel Aviv \u00e0s 14h12 (hor\u00e1rio de Bras\u00edlia) de 10.10.2023. A bordo estavam os 211 primeiros brasileiros resgatados ap\u00f3s o ataque do Hamas (Foto: For\u00e7a A\u00e9rea Brasileira)&lt;\/p&gt;\n\" data-medium-file=\"https:\/\/www.infomoney.com.br\/wp-content\/uploads\/2023\/10\/brasileiros-israel-fab.jpeg?fit=300%2C179&amp;quality=70&amp;strip=all\" data-large-file=\"https:\/\/www.infomoney.com.br\/wp-content\/uploads\/2023\/10\/brasileiros-israel-fab.jpeg?fit=1170%2C700&amp;quality=70&amp;strip=all\" title=\"\"><\/p>\n<p>O primeiro avi&atilde;o de resgate trazendo brasileiros de Israel pousou em Bras&iacute;lia por volta das 4h10 desta quarta-feira (11). A aeronave KC-30 da For&ccedil;a A&eacute;rea Brasileira (FAB), com 211 passageiros, decolou de Tel Aviv &agrave;s 14h12 (hor&aacute;rio de Bras&iacute;lia) de ontem e fez um voo direto de cerca de 14 horas.<\/p>\n<p>Dos resgatados, 107 passageiros desembarcaram em Bras&iacute;lia e 104 seguiram para o Rio de Janeiro, em outros dois avi&otilde;es da FAB. O governo federal mobilizou a repatria&ccedil;&atilde;o dos brasileiros devido ao confronto iniciado no fim de semana entre Israel e o grupo Hamas, no Oriente M&eacute;dio.<\/p>\n<p>Est&atilde;o previstos mais quatro voos at&eacute; domingo (15), na opera&ccedil;&atilde;o &ldquo;Voltando em Paz&rdquo;, que &eacute; coordenada pelos minist&eacute;rios da Defesa e das Rela&ccedil;&otilde;es Exteriores. O Itamaraty j&aacute; colheu os dados de pelo menos 2,7 mil brasileiros interessados em deixar a regi&atilde;o e voltar ao Brasil, e a estimativa &eacute; retirar 900 brasileiros de Israel e da Palestina.<\/p>\n<p>Neste primeiro momento, o governo priorizou o traslado de cidad&atilde;os que residem no Brasil e visitavam a regi&atilde;o do conflito sem ter passagem de volta. Uma segunda etapa da opera&ccedil;&atilde;o est&aacute; sendo planejada, ap&oacute;s a conclus&atilde;o desses primeiros cinco voos.<\/p>\n<p>A ministra substituta das Rela&ccedil;&otilde;es Exteriores, Maria Laura da Rocha, disse hoje que o objetivo do governo &eacute; &ldquo;trazer todos de volta&rdquo;. Ela, o ministro da Defesa, Jos&eacute; M&uacute;cio, e o comandante da Aeron&aacute;utica, Marcelo Damasceno, receberam os repatriados na Base A&eacute;rea de Bras&iacute;lia.<\/p>\n<p>As pr&oacute;ximas aeronaves com repatriados pousar&atilde;o no Rio de Janeiro, no Recife e em S&atilde;o Paulo. Para o deslocamento at&eacute; o destino final de cada um, as passagens ser&atilde;o custeadas pela empresa a&eacute;rea Azul (<a href=\"https:\/\/www.infomoney.com.br\/cotacoes\/b3\/acao\/azul-azul4\/\" rel=\"nofollow noopener\" target=\"_blank\">AZUL4<\/a>). A parceria &eacute; uma articula&ccedil;&atilde;o da Presid&ecirc;ncia da Rep&uacute;blica com a companhia.<\/p>\n<\/p>\n<div class=\"cta-end\">\n<div class=\"im-cta\" >\n<div class=\"im-shortcode-forms bg-light bg-opacity-25 border rounded-4 p-3 p-sm-4 p-md-3 p-lg-4 px-xxl-5 my-5\" data-configuration='{\"form_name\":false,\"form_hat\":\"Newsletter\",\"form_email\":true,\"form_icon\":\"newsletter\",\"form_phone\":false,\"form_campaign\":\"NIM\",\"form_thankyou\":\"\",\"form_journey\":\"APIEvent-26a5198d-8e09-06ef-5f80-cd9127757ad1\",\"form_button\":\"Quero receber\",\"form_context\":\"newsletter\",\"form_origin\":\"https:\\\/\\\/www.infomoney.com.br\\\/politica\\\/feed\\\/?utm_medium=materia&#038;utm_source=infomoney&#038;utm_campaign=NIM&#038;utm_term=politica&#038;utm_content=newsletter\",\"form_position\":\"final\",\"form_category\":\"cta_form\"}'>\n<div class=\"d-flex flex-column align-items-center align-items-lg-start mb-4 flex-lg-row\">\n<div class=\"rounded-circle mb-2 mb-lg-0 mr-lg-4 me-lg-4 p-3 p-lg-4 bg-blue-400\"><svg width=\"40\" height=\"40\" viewBox=\"0 0 40 40\" fill=\"none\" xmlns=\"http:\/\/www.w3.org\/2000\/svg\"><path d=\"M20 20.25 6.042 11.042v19.041c0 .167.048.299.146.396a.535.535 0 0 0 .395.146h15.792V32.5H6.583a2.328 2.328 0 0 1-1.708-.708 2.328 2.328 0 0 1-.708-1.709V9.917c0-.667.236-1.236.708-1.709A2.328 2.328 0 0 1 6.583 7.5h26.834c.666 0 1.236.236 1.708.708a2.33 2.33 0 0 1 .708 1.709v12.458h-1.875V11.042L20 20.25Zm0-2 13.667-8.875H6.333L20 18.25Zm11.75 18.958-1.292-1.333 3.334-3.375h-9v-1.875h9l-3.375-3.417 1.333-1.291 5.667 5.625-5.667 5.666ZM6.042 11.042v20.791-9.458.25-13.25 1.667Z\" fill=\"#fff\"\/><\/svg><\/div>\n<div class=\"flex-fill text-center text-lg-left\">\n<div class=\"h6 small text-orange-700 lh-base mb-1\">Newsletter<\/div>\n<div class=\"text-body h4 m-0\">Infomorning<\/div>\n<div class=\"text-body small lh-base mt-2\">Receba no seu e-mail logo pela manh&atilde; as not&iacute;cias que v&atilde;o mexer com os mercados, com os seus investimentos e o seu bolso durante o dia<\/div>\n<\/div>\n<\/div>\n<\/div>\n<\/div>\n<\/div>\n<p>The post <a rel=\"nofollow noopener\" href=\"https:\/\/www.infomoney.com.br\/politica\/1o-aviao-trazendo-brasileiros-de-israel-chega-a-brasilia-havera-mais-5-voos-ate-domingo\/\" target=\"_blank\">1\u00ba avi\u00e3o trazendo brasileiros de Israel chega a Bras\u00edlia; haver\u00e1 mais 5 voos at\u00e9 domingo<\/a> appeared first on <a rel=\"nofollow noopener\" href=\"https:\/\/www.infomoney.com.br\/\" target=\"_blank\">InfoMoney<\/a>.<\/p>\n","protected":false},"excerpt":{"rendered":"<p><img loading=\"lazy\" decoding=\"async\" width=\"300\" height=\"179\" src=\"https:\/\/www.infomoney.com.br\/wp-content\/uploads\/2023\/10\/brasileiros-israel-fab.jpeg?fit=300%2C179&amp;quality=70&amp;strip=all\" class=\"attachment-medium size-medium wp-post-image\" alt=\"\" data-attachment-id=\"2266513\" data-permalink=\"https:\/\/www.infomoney.com.br\/?attachment_id=2266513\" data-orig-file=\"https:\/\/www.infomoney.com.br\/wp-content\/uploads\/2023\/10\/brasileiros-israel-fab.jpeg?fit=1170%2C700&amp;quality=70&amp;strip=all\" data-orig-size=\"1170,700\" data-comments-opened=\"0\" data-image-meta='{\"aperture\":\"0\",\"credit\":\"For\\u00e7a A\\u00e9rea Brasileira\",\"camera\":\"\",\"caption\":\"Tel Aviv, Israel, 10.10.2023 - A primeira aeronave KC-30 (Airbus A330 200), da For\\u00e7a A\\u00e9rea Brasileira (FAB), decolou de Tel Aviv, Israel, \\u00e0s 14h12 (hor\\u00e1rio de Bras\\u00edlia). A bordo, os 211 primeiros brasileiros resgatados ap\\u00f3s os conflitos recentes. Foto: For\\u00e7a A\\u00e9rea Brasileira\",\"created_timestamp\":\"0\",\"copyright\":\"\",\"focal_length\":\"0\",\"iso\":\"0\",\"shutter_speed\":\"0\",\"title\":\"\",\"orientation\":\"1\"}' data-image-title=\"Brasileiros deixam Israel\" data-image-description=\"\" data-image-caption=\"&lt;p&gt;Brasileiros deixam Israel em aeronave KC-30 (Airbus A330 200), da For\u00e7a A\u00e9rea Brasileira (FAB), que decolou de Tel Aviv \u00e0s 14h12 (hor\u00e1rio de Bras\u00edlia) de 10.10.2023. A bordo estavam os 211 primeiros brasileiros resgatados ap\u00f3s o ataque do Hamas (Foto: For\u00e7a A\u00e9rea Brasileira)&lt;\/p&gt;\n\" data-medium-file=\"https:\/\/www.infomoney.com.br\/wp-content\/uploads\/2023\/10\/brasileiros-israel-fab.jpeg?fit=300%2C179&amp;quality=70&amp;strip=all\" data-large-file=\"https:\/\/www.infomoney.com.br\/wp-content\/uploads\/2023\/10\/brasileiros-israel-fab.jpeg?fit=1170%2C700&amp;quality=70&amp;strip=all\">Aeronave KC-30 pousou \u00e0s 4h10 em Bras\u00edlia; dos 211 passageiros, 104 seguiram para o Rio de Janeiro em outros dois avi\u00f5es da FAB<\/p>\n<p>The post <a rel=\"nofollow\" href=\"https:\/\/www.infomoney.com.br\/politica\/1o-aviao-trazendo-brasileiros-de-israel-chega-a-brasilia-havera-mais-5-voos-ate-domingo\/\">1\u00ba avi\u00e3o trazendo brasileiros de Israel chega a Bras\u00edlia; haver\u00e1 mais 5 voos at\u00e9 domingo<\/a> appeared first on <a rel=\"nofollow\" href=\"https:\/\/www.infomoney.com.br\/\">InfoMoney<\/a>.<\/p>\n","protected":false},"author":44,"featured_media":0,"comment_status":"closed","ping_status":"closed","sticky":false,"template":"","format":"standard","meta":{"advgb_blocks_editor_width":"","advgb_blocks_columns_visual_guide":"","footnotes":""},"categories":[115,34,433,9893,439,47],"tags":[35],"class_list":["post-38276","post","type-post","status-publish","format-standard","hentry","category-brasil","category-g1","category-guerra","category-israel","category-itamaraty","category-politica","tag-g1"],"author_meta":{"display_name":"Ag\u00eancia Brasil","author_link":"https:\/\/sindaopcpb.org.br\/author\/agencia-brasil\/"},"featured_img":null,"coauthors":[],"tax_additional":{"categories":{"linked":["<a href=\"https:\/\/sindaopcpb.org.br\/brasil\/\" class=\"advgb-post-tax-term\">Brasil<\/a>","<a href=\"https:\/\/sindaopcpb.org.br\/g1\/\" class=\"advgb-post-tax-term\">G1<\/a>","<a href=\"https:\/\/sindaopcpb.org.br\/guerra\/\" class=\"advgb-post-tax-term\">Guerra<\/a>","<a href=\"https:\/\/sindaopcpb.org.br\/israel\/\" class=\"advgb-post-tax-term\">israel<\/a>","<a href=\"https:\/\/sindaopcpb.org.br\/itamaraty\/\" class=\"advgb-post-tax-term\">Itamaraty<\/a>","<a href=\"https:\/\/sindaopcpb.org.br\/politica\/\" class=\"advgb-post-tax-term\">POLITICA<\/a>"],"unlinked":["<span class=\"advgb-post-tax-term\">Brasil<\/span>","<span class=\"advgb-post-tax-term\">G1<\/span>","<span class=\"advgb-post-tax-term\">Guerra<\/span>","<span class=\"advgb-post-tax-term\">israel<\/span>","<span class=\"advgb-post-tax-term\">Itamaraty<\/span>","<span class=\"advgb-post-tax-term\">POLITICA<\/span>"]},"tags":{"linked":["<a href=\"https:\/\/sindaopcpb.org.br\/politica\/\" class=\"advgb-post-tax-term\">g1<\/a>"],"unlinked":["<span class=\"advgb-post-tax-term\">g1<\/span>"]}},"comment_count":"0","relative_dates":{"created":"Publicado 3 anos atr\u00e1s","modified":"Atualizado 3 anos atr\u00e1s"},"absolute_dates":{"created":"Publicado em 11 de outubro de 2023","modified":"Atualizado em 11 de outubro de 2023"},"absolute_dates_time":{"created":"Publicado em 11 de outubro de 2023 07:12","modified":"Atualizado em 11 de outubro de 2023 07:12"},"featured_img_caption":"","series_order":"","_links":{"self":[{"href":"https:\/\/sindaopcpb.org.br\/index.php\/wp-json\/wp\/v2\/posts\/38276","targetHints":{"allow":["GET"]}}],"collection":[{"href":"https:\/\/sindaopcpb.org.br\/index.php\/wp-json\/wp\/v2\/posts"}],"about":[{"href":"https:\/\/sindaopcpb.org.br\/index.php\/wp-json\/wp\/v2\/types\/post"}],"author":[{"embeddable":true,"href":"https:\/\/sindaopcpb.org.br\/index.php\/wp-json\/wp\/v2\/users\/44"}],"replies":[{"embeddable":true,"href":"https:\/\/sindaopcpb.org.br\/index.php\/wp-json\/wp\/v2\/comments?post=38276"}],"version-history":[{"count":1,"href":"https:\/\/sindaopcpb.org.br\/index.php\/wp-json\/wp\/v2\/posts\/38276\/revisions"}],"predecessor-version":[{"id":38277,"href":"https:\/\/sindaopcpb.org.br\/index.php\/wp-json\/wp\/v2\/posts\/38276\/revisions\/38277"}],"wp:attachment":[{"href":"https:\/\/sindaopcpb.org.br\/index.php\/wp-json\/wp\/v2\/media?parent=38276"}],"wp:term":[{"taxonomy":"category","embeddable":true,"href":"https:\/\/sindaopcpb.org.br\/index.php\/wp-json\/wp\/v2\/categories?post=38276"},{"taxonomy":"post_tag","embeddable":true,"href":"https:\/\/sindaopcpb.org.br\/index.php\/wp-json\/wp\/v2\/tags?post=38276"}],"curies":[{"name":"wp","href":"https:\/\/api.w.org\/{rel}","templated":true}]}}