{"id":38273,"date":"2023-10-11T08:57:01","date_gmt":"2023-10-11T11:57:01","guid":{"rendered":"https:\/\/www.infomoney.com.br\/?p=2266654"},"modified":"2023-10-11T08:57:01","modified_gmt":"2023-10-11T11:57:01","slug":"mp-eleitoral-defende-arquivamento-de-acoes-contra-bolsonaro-tse-suspende-julgamento","status":"publish","type":"post","link":"https:\/\/sindaopcpb.org.br\/index.php\/2023\/10\/11\/mp-eleitoral-defende-arquivamento-de-acoes-contra-bolsonaro-tse-suspende-julgamento\/","title":{"rendered":"MP Eleitoral defende arquivamento de a\u00e7\u00f5es contra Bolsonaro; TSE suspende julgamento"},"content":{"rendered":"<p><img loading=\"lazy\" width=\"300\" height=\"179\" src=\"https:\/\/www.infomoney.com.br\/wp-content\/uploads\/2023\/10\/tse-julgamento-bolsonaro.jpg?fit=300%2C179&amp;quality=70&amp;strip=all\" class=\"attachment-medium size-medium wp-post-image\" alt=\"\" decoding=\"async\" style=\"float:right; margin:0 0 10px 10px;\" srcset=\"https:\/\/www.infomoney.com.br\/wp-content\/uploads\/2023\/10\/tse-julgamento-bolsonaro.jpg?w=1170&amp;quality=70&amp;strip=all 1170w, https:\/\/www.infomoney.com.br\/wp-content\/uploads\/2023\/10\/tse-julgamento-bolsonaro.jpg?w=300&amp;quality=70&amp;strip=all 300w, https:\/\/www.infomoney.com.br\/wp-content\/uploads\/2023\/10\/tse-julgamento-bolsonaro.jpg?w=768&amp;quality=70&amp;strip=all 768w, https:\/\/www.infomoney.com.br\/wp-content\/uploads\/2023\/10\/tse-julgamento-bolsonaro.jpg?w=150&amp;quality=70&amp;strip=all 150w\" sizes=\"auto, (max-width: 300px) 100vw, 300px\" data-attachment-id=\"2266514\" data-permalink=\"https:\/\/www.infomoney.com.br\/?attachment_id=2266514\" data-orig-file=\"https:\/\/www.infomoney.com.br\/wp-content\/uploads\/2023\/10\/tse-julgamento-bolsonaro.jpg?fit=1170%2C700&amp;quality=70&amp;strip=all\" data-orig-size=\"1170,700\" data-comments-opened=\"0\" data-image-meta=\"{&quot;aperture&quot;:&quot;3.2&quot;,&quot;credit&quot;:&quot;Antonio Augusto\\\/Secom\\\/TSE&quot;,&quot;camera&quot;:&quot;Canon EOS 5D Mark IV&quot;,&quot;caption&quot;:&quot;Sess\\u00e3o plen\\u00e1ria do TSE - 10\\\/10\\\/2023. Foto: Antonio Augusto\\\/Secom\\\/TSE&quot;,&quot;created_timestamp&quot;:&quot;1696965965&quot;,&quot;copyright&quot;:&quot;&quot;,&quot;focal_length&quot;:&quot;85&quot;,&quot;iso&quot;:&quot;8000&quot;,&quot;shutter_speed&quot;:&quot;0.005&quot;,&quot;title&quot;:&quot;Sess\\u00e3o plen\\u00e1ria do TSE - 10\\\/10\\\/2023. Foto: Antonio Augusto\\\/Secom\\\/TSE&quot;,&quot;orientation&quot;:&quot;1&quot;}\" data-image-title=\"Sess\u00e3o plen\u00e1ria do TSE\" data-image-description=\"\" data-image-caption=\"&lt;p&gt;Sess\u00e3o plen\u00e1ria do Tribunal Superior Eleitoral (TSE) em 10\/10\/2023 (Foto: TSE)&lt;\/p&gt;\n\" data-medium-file=\"https:\/\/www.infomoney.com.br\/wp-content\/uploads\/2023\/10\/tse-julgamento-bolsonaro.jpg?fit=300%2C179&amp;quality=70&amp;strip=all\" data-large-file=\"https:\/\/www.infomoney.com.br\/wp-content\/uploads\/2023\/10\/tse-julgamento-bolsonaro.jpg?fit=1170%2C700&amp;quality=70&amp;strip=all\" title=\"\"><\/p>\n<p>O Tribunal Superior Eleitoral (TSE) suspendeu na noite de ter&ccedil;a-feira (10) o julgamento de tr&ecirc;s a&ccedil;&otilde;es nas quais o ex-presidente Jair Bolsonaro (PL) &eacute; acusado de abuso de poder pol&iacute;tico durante a campanha eleitoral de 2022.<\/p>\n<p>O julgamento come&ccedil;ou com o tribunal ouvindo os advogados de defesa e acusa&ccedil;&atilde;o e o Minist&eacute;rio P&uacute;blico Eleitoral (MPE), que defendeu o arquivamento das a&ccedil;&otilde;es contra o ex-presidente. Em seguida, a sess&atilde;o foi suspensa e ser&aacute; retomada na pr&oacute;xima ter&ccedil;a-feira (17), quando os ministros v&atilde;o iniciar a vota&ccedil;&atilde;o.<\/p>\n<p>Nas a&ccedil;&otilde;es, Bolsonaro &eacute; acusado de usar a estrutura da Presid&ecirc;ncia da Rep&uacute;blica para promover sua candidatura &agrave; reelei&ccedil;&atilde;o. Ele acabou perdendo a disputa para o atual presidente, Luiz In&aacute;cio Lula da Silva (PT).<\/p>\n<p>No primeiro processo, o PDT alega que o ent&atilde;o presidente fez uma transmiss&atilde;o ao vivo pelas redes sociais (<em>live<\/em>), em 21 de setembro de 2022, dentro da biblioteca do Pal&aacute;cio da Alvorada, para apresentar propostas eleitorais e pedir votos a candidatos apoiados por ele.<\/p>\n<p>O segundo processo, no mesmo partido, trata de outra transmiss&atilde;o, realizada em 18 de agosto do ano passado. Segundo o partido, Bolsonaro pediu votos para sua candidatura e para aliados pol&iacute;ticos que tamb&eacute;m disputavam as elei&ccedil;&otilde;es, chegando a mostrar os &ldquo;santinhos&rdquo; das campanhas.<\/p>\n<p>Na terceira a&ccedil;&atilde;o, as coliga&ccedil;&otilde;es do PT e do PSOL questionaram a realiza&ccedil;&atilde;o de uma reuni&atilde;o de Bolsonaro com governadores e cantores sertanejos, entre 3 e 6 de outubro, para anunciar apoio pol&iacute;tico para a disputa do segundo turno.<\/p>\n<h2>Defesa e MP<\/h2>\n<p>Durante o julgamento, o advogado Tarc&iacute;sio Vieira de Carvalho, representante de Bolsonaro, questionou a legalidade do julgamento conjunto das tr&ecirc;s a&ccedil;&otilde;es e afirmou que a medida prejudica a defesa.<\/p>\n<p>Sobre a realiza&ccedil;&atilde;o das lives, o advogado afirmou que n&atilde;o foi usada a estrutura estatal e que as transmiss&otilde;es foram feitas por meio das redes privadas de Bolsonaro. &ldquo;Essa reuni&atilde;o ocorreu na parte externa do pal&aacute;cio. Nas imagens, n&atilde;o aparece nenhum s&iacute;mbolo da Rep&uacute;blica. N&atilde;o h&aacute; simbolismo nenhum. N&atilde;o aparece bandeira, bras&atilde;o. N&atilde;o houve ganhos eleitorais&rdquo;.<\/p>\n<p>O Minist&eacute;rio P&uacute;blico Eleitoral (MPE) defendeu o arquivamento das a&ccedil;&otilde;es. Para o vice-procurador eleitoral, Paulo Gonet Branco, as <em>lives<\/em> n&atilde;o causaram impacto sobre a legitimidade do pleito. &ldquo;Na a&ccedil;&atilde;o em que se pede a &aacute;spera perda da inelegibilidade se exige que se caracterize a gravidade do ato, em termos de impacto substancialmente negativo sobre a legitimidade do feito&rdquo;.<\/p>\n<h2>Inelegibilidade<\/h2>\n<p>Em caso de condena&ccedil;&atilde;o, Bolsonaro pode ficar ineleg&iacute;vel por oito anos pela segunda vez. A inelegibilidade tamb&eacute;m pode alcan&ccedil;ar o general Braga Netto, que era ministro da Defesa e disputou a elei&ccedil;&atilde;o como vice-presidente na chapa.<\/p>\n<p>O ex-presidente j&aacute; foi condenado pela corte eleitoral, em junho, <a href=\"https:\/\/www.infomoney.com.br\/politica\/tse-forma-maioria-e-torna-bolsonaro-inelegivel-ate-2030-por-abuso-de-poder-politico-em-reuniao-com-embaixadores\/\" rel=\"nofollow noopener\" target=\"_blank\">&agrave; inelegibilidade por oito anos por abuso de poder pol&iacute;tico e uso indevido dos meios de comunica&ccedil;&atilde;o<\/a>. O placar final do julgamento ficou em 5 votos a 2.<\/p>\n<p>Bolsonaro ficou ineleg&iacute;vel at&eacute; 2030 devido &agrave; reuni&atilde;o com embaixadores de diversos pa&iacute;ses no Pal&aacute;cio da Alvorada, em julho do ano passado, em que atacou o sistema eletr&ocirc;nico de vota&ccedil;&atilde;o. Braga Neto foi absolvido por n&atilde;o ter participado do encontro.<\/p>\n<\/p>\n<div class=\"cta-end\">\n<div class=\"im-cta\" >\n<div class=\"im-shortcode-forms bg-light bg-opacity-25 border rounded-4 p-3 p-sm-4 p-md-3 p-lg-4 px-xxl-5 my-5\" data-configuration='{\"form_name\":false,\"form_hat\":\"Newsletter\",\"form_email\":true,\"form_icon\":\"newsletter\",\"form_phone\":false,\"form_campaign\":\"NIM\",\"form_thankyou\":\"\",\"form_journey\":\"APIEvent-26a5198d-8e09-06ef-5f80-cd9127757ad1\",\"form_button\":\"Quero receber\",\"form_context\":\"newsletter\",\"form_origin\":\"https:\\\/\\\/www.infomoney.com.br\\\/politica\\\/feed\\\/?utm_medium=materia&#038;utm_source=infomoney&#038;utm_campaign=NIM&#038;utm_term=politica&#038;utm_content=newsletter\",\"form_position\":\"final\",\"form_category\":\"cta_form\"}'>\n<div class=\"d-flex flex-column align-items-center align-items-lg-start mb-4 flex-lg-row\">\n<div class=\"rounded-circle mb-2 mb-lg-0 mr-lg-4 me-lg-4 p-3 p-lg-4 bg-blue-400\"><svg width=\"40\" height=\"40\" viewBox=\"0 0 40 40\" fill=\"none\" xmlns=\"http:\/\/www.w3.org\/2000\/svg\"><path d=\"M20 20.25 6.042 11.042v19.041c0 .167.048.299.146.396a.535.535 0 0 0 .395.146h15.792V32.5H6.583a2.328 2.328 0 0 1-1.708-.708 2.328 2.328 0 0 1-.708-1.709V9.917c0-.667.236-1.236.708-1.709A2.328 2.328 0 0 1 6.583 7.5h26.834c.666 0 1.236.236 1.708.708a2.33 2.33 0 0 1 .708 1.709v12.458h-1.875V11.042L20 20.25Zm0-2 13.667-8.875H6.333L20 18.25Zm11.75 18.958-1.292-1.333 3.334-3.375h-9v-1.875h9l-3.375-3.417 1.333-1.291 5.667 5.625-5.667 5.666ZM6.042 11.042v20.791-9.458.25-13.25 1.667Z\" fill=\"#fff\"\/><\/svg><\/div>\n<div class=\"flex-fill text-center text-lg-left\">\n<div class=\"h6 small text-orange-700 lh-base mb-1\">Newsletter<\/div>\n<div class=\"text-body h4 m-0\">Infomorning<\/div>\n<div class=\"text-body small lh-base mt-2\">Receba no seu e-mail logo pela manh&atilde; as not&iacute;cias que v&atilde;o mexer com os mercados, com os seus investimentos e o seu bolso durante o dia<\/div>\n<\/div>\n<\/div>\n<\/div>\n<\/div>\n<\/div>\n<p>The post <a rel=\"nofollow noopener\" href=\"https:\/\/www.infomoney.com.br\/politica\/mp-eleitoral-defende-arquivamento-de-acoes-contra-bolsonaro-tse-suspende-julgamento\/\" target=\"_blank\">MP Eleitoral defende arquivamento de a\u00e7\u00f5es contra Bolsonaro; TSE suspende julgamento<\/a> appeared first on <a rel=\"nofollow noopener\" href=\"https:\/\/www.infomoney.com.br\/\" target=\"_blank\">InfoMoney<\/a>.<\/p>\n","protected":false},"excerpt":{"rendered":"<p><img loading=\"lazy\" decoding=\"async\" width=\"300\" height=\"179\" src=\"https:\/\/www.infomoney.com.br\/wp-content\/uploads\/2023\/10\/tse-julgamento-bolsonaro.jpg?fit=300%2C179&amp;quality=70&amp;strip=all\" class=\"attachment-medium size-medium wp-post-image\" alt=\"\" data-attachment-id=\"2266514\" data-permalink=\"https:\/\/www.infomoney.com.br\/?attachment_id=2266514\" data-orig-file=\"https:\/\/www.infomoney.com.br\/wp-content\/uploads\/2023\/10\/tse-julgamento-bolsonaro.jpg?fit=1170%2C700&amp;quality=70&amp;strip=all\" data-orig-size=\"1170,700\" data-comments-opened=\"0\" data-image-meta='{\"aperture\":\"3.2\",\"credit\":\"Antonio Augusto\\\/Secom\\\/TSE\",\"camera\":\"Canon EOS 5D Mark IV\",\"caption\":\"Sess\\u00e3o plen\\u00e1ria do TSE - 10\\\/10\\\/2023. Foto: Antonio Augusto\\\/Secom\\\/TSE\",\"created_timestamp\":\"1696965965\",\"copyright\":\"\",\"focal_length\":\"85\",\"iso\":\"8000\",\"shutter_speed\":\"0.005\",\"title\":\"Sess\\u00e3o plen\\u00e1ria do TSE - 10\\\/10\\\/2023. Foto: Antonio Augusto\\\/Secom\\\/TSE\",\"orientation\":\"1\"}' data-image-title=\"Sess\u00e3o plen\u00e1ria do TSE\" data-image-description=\"\" data-image-caption=\"&lt;p&gt;Sess\u00e3o plen\u00e1ria do Tribunal Superior Eleitoral (TSE) em 10\/10\/2023 (Foto: TSE)&lt;\/p&gt;\n\" data-medium-file=\"https:\/\/www.infomoney.com.br\/wp-content\/uploads\/2023\/10\/tse-julgamento-bolsonaro.jpg?fit=300%2C179&amp;quality=70&amp;strip=all\" data-large-file=\"https:\/\/www.infomoney.com.br\/wp-content\/uploads\/2023\/10\/tse-julgamento-bolsonaro.jpg?fit=1170%2C700&amp;quality=70&amp;strip=all\">Ex-presidente \u00e9 acusado de usar a estrutura da Presid\u00eancia da Rep\u00fablica para promover sua candidatura \u00e0 reelei\u00e7\u00e3o<\/p>\n<p>The post <a rel=\"nofollow\" href=\"https:\/\/www.infomoney.com.br\/politica\/mp-eleitoral-defende-arquivamento-de-acoes-contra-bolsonaro-tse-suspende-julgamento\/\">MP Eleitoral defende arquivamento de a\u00e7\u00f5es contra Bolsonaro; TSE suspende julgamento<\/a> appeared first on <a rel=\"nofollow\" href=\"https:\/\/www.infomoney.com.br\/\">InfoMoney<\/a>.<\/p>\n","protected":false},"author":53,"featured_media":0,"comment_status":"closed","ping_status":"closed","sticky":false,"template":"","format":"standard","meta":{"advgb_blocks_editor_width":"","advgb_blocks_columns_visual_guide":"","footnotes":""},"categories":[728,34,135,47,464],"tags":[35],"class_list":["post-38273","post","type-post","status-publish","format-standard","hentry","category-eleicoes-2022","category-g1","category-jair-bolsonaro","category-politica","category-tse","tag-g1"],"author_meta":{"display_name":"Lucas Sampaio","author_link":"https:\/\/sindaopcpb.org.br\/author\/lucas-sampaio\/"},"featured_img":null,"coauthors":[],"tax_additional":{"categories":{"linked":["<a href=\"https:\/\/sindaopcpb.org.br\/eleicoes-2022\/\" class=\"advgb-post-tax-term\">Elei\u00e7\u00f5es 2022<\/a>","<a href=\"https:\/\/sindaopcpb.org.br\/g1\/\" class=\"advgb-post-tax-term\">G1<\/a>","<a href=\"https:\/\/sindaopcpb.org.br\/jair-bolsonaro\/\" class=\"advgb-post-tax-term\">Jair Bolsonaro<\/a>","<a href=\"https:\/\/sindaopcpb.org.br\/politica\/\" class=\"advgb-post-tax-term\">POLITICA<\/a>","<a href=\"https:\/\/sindaopcpb.org.br\/tse\/\" class=\"advgb-post-tax-term\">TSE<\/a>"],"unlinked":["<span class=\"advgb-post-tax-term\">Elei\u00e7\u00f5es 2022<\/span>","<span class=\"advgb-post-tax-term\">G1<\/span>","<span class=\"advgb-post-tax-term\">Jair Bolsonaro<\/span>","<span class=\"advgb-post-tax-term\">POLITICA<\/span>","<span class=\"advgb-post-tax-term\">TSE<\/span>"]},"tags":{"linked":["<a href=\"https:\/\/sindaopcpb.org.br\/tse\/\" class=\"advgb-post-tax-term\">g1<\/a>"],"unlinked":["<span class=\"advgb-post-tax-term\">g1<\/span>"]}},"comment_count":"0","relative_dates":{"created":"Publicado 3 anos atr\u00e1s","modified":"Atualizado 3 anos atr\u00e1s"},"absolute_dates":{"created":"Publicado em 11 de outubro de 2023","modified":"Atualizado em 11 de outubro de 2023"},"absolute_dates_time":{"created":"Publicado em 11 de outubro de 2023 08:57","modified":"Atualizado em 11 de outubro de 2023 08:57"},"featured_img_caption":"","series_order":"","_links":{"self":[{"href":"https:\/\/sindaopcpb.org.br\/index.php\/wp-json\/wp\/v2\/posts\/38273","targetHints":{"allow":["GET"]}}],"collection":[{"href":"https:\/\/sindaopcpb.org.br\/index.php\/wp-json\/wp\/v2\/posts"}],"about":[{"href":"https:\/\/sindaopcpb.org.br\/index.php\/wp-json\/wp\/v2\/types\/post"}],"author":[{"embeddable":true,"href":"https:\/\/sindaopcpb.org.br\/index.php\/wp-json\/wp\/v2\/users\/53"}],"replies":[{"embeddable":true,"href":"https:\/\/sindaopcpb.org.br\/index.php\/wp-json\/wp\/v2\/comments?post=38273"}],"version-history":[{"count":2,"href":"https:\/\/sindaopcpb.org.br\/index.php\/wp-json\/wp\/v2\/posts\/38273\/revisions"}],"predecessor-version":[{"id":38299,"href":"https:\/\/sindaopcpb.org.br\/index.php\/wp-json\/wp\/v2\/posts\/38273\/revisions\/38299"}],"wp:attachment":[{"href":"https:\/\/sindaopcpb.org.br\/index.php\/wp-json\/wp\/v2\/media?parent=38273"}],"wp:term":[{"taxonomy":"category","embeddable":true,"href":"https:\/\/sindaopcpb.org.br\/index.php\/wp-json\/wp\/v2\/categories?post=38273"},{"taxonomy":"post_tag","embeddable":true,"href":"https:\/\/sindaopcpb.org.br\/index.php\/wp-json\/wp\/v2\/tags?post=38273"}],"curies":[{"name":"wp","href":"https:\/\/api.w.org\/{rel}","templated":true}]}}