{"id":38264,"date":"2023-10-11T09:07:00","date_gmt":"2023-10-11T12:07:00","guid":{"rendered":"https:\/\/wpa.wscom.com.br\/?p=927049"},"modified":"2023-10-11T09:07:00","modified_gmt":"2023-10-11T12:07:00","slug":"paraibano-recem-empossado-na-policia-federal-e-encontrado-morto-em-quarto-de-hotal-no-acre","status":"publish","type":"post","link":"https:\/\/sindaopcpb.org.br\/index.php\/2023\/10\/11\/paraibano-recem-empossado-na-policia-federal-e-encontrado-morto-em-quarto-de-hotal-no-acre\/","title":{"rendered":"Paraibano rec\u00e9m-empossado na Pol\u00edcia Federal \u00e9 encontrado morto em quarto de hotal, no Acre"},"content":{"rendered":"<p>O paraibano T\u00e1lito Borges Brito, agente rec\u00e9m-empossado da Pol\u00edcia Federal, foi identificado como a v\u00edtima encontrada sem vida em um quarto de hotel na cidade de Epitaciol\u00e2ndia, interior do Acre, nessa ter\u00e7a-feira (10). Natural de Campina Grande, o jovem de 34 anos foi descoberto com uma marca de tiro.<\/p>\n<p>T\u00e1lito havia recentemente conclu\u00eddo o concorrido concurso da PF. Ap\u00f3s passar pelo curso de forma\u00e7\u00e3o, foi oficialmente empossado em 21 de setembro na Superintend\u00eancia de Rio Branco, capital do Acre.<\/p>\n<p>Uma das possibilidades consideradas \u00e9 que o policial tenha tirado a pr\u00f3pria vida. Essa perspectiva abalou os colegas de profiss\u00e3o que ingressaram na corpora\u00e7\u00e3o junto com T\u00e1lito, pois ele era conhecido pela sua empolga\u00e7\u00e3o e dedica\u00e7\u00e3o ao novo emprego.<\/p>\n<p>Al\u00e9m da gradua\u00e7\u00e3o em Meteorologia pela Universidade Federal de Campina Grande \u2013 UFCG, T\u00e1lito estava em processo de forma\u00e7\u00e3o em Ci\u00eancias Aeron\u00e1uticas na Escola Superior de Avia\u00e7\u00e3o Civil \u2013 ESAC. Adicionalmente, ele acumulava experi\u00eancia no ensino de F\u00edsica e Matem\u00e1tica no Ensino M\u00e9dio.<\/p>\n<p>A Pol\u00edcia Federal lamentou a morte em nota:<\/p>\n<p><em><strong>&#8216;Nota de Pesar &#8211; T\u00e1lito Borges Brito<\/strong><\/em><\/p>\n<p><em>Lamentamos informar o falecimento do Agente de Pol\u00edcia Federal T\u00e1lito.<\/em><\/p>\n<p><em>A Pol\u00edcia Federal manifesta seu profundo pesar em raz\u00e3o do falecimento do agente de Pol\u00edcia Federal T\u00e1lito Borges Brito, ocorrido nesta ter\u00e7a-feira (10\/10).<\/em><\/p>\n<p><em>Natural de Campina Grande\/PB, T\u00e1lito ingressou na Pol\u00edcia Federal no \u00faltimo dia 21 de setembro, lotado na Delegacia em Epitaciol\u00e2ndia\/AC.<\/em><\/p>\n<p><em>A Pol\u00edcia Federal manifesta suas sinceras condol\u00eancias e solidariedade aos familiares e amigos enlutados.&#8217;<\/em><\/p>\n<p>O post <a rel=\"nofollow noopener\" href=\"https:\/\/wscom.com.br\/paraibano-recem-empossado-na-policia-federal-e-encontrado-morto-em-quarto-de-hotal-no-acre\/\" target=\"_blank\">Paraibano rec\u00e9m-empossado na Pol\u00edcia Federal \u00e9 encontrado morto em quarto de hotal, no Acre<\/a> apareceu primeiro em <a rel=\"nofollow noopener\" href=\"https:\/\/wscom.com.br\/\" target=\"_blank\">WSCOM<\/a>.<\/p>\n","protected":false},"excerpt":{"rendered":"<p>O paraibano T\u00e1lito Borges Brito, agente rec\u00e9m-empossado da Pol\u00edcia Federal, foi identificado como a v\u00edtima encontrada sem vida em um quarto de hotel na cidade de Epitaciol\u00e2ndia, interior do Acre, nessa ter\u00e7a-feira (10). Natural de Campina Grande, o jovem de 34 anos foi descoberto com uma marca de tiro. T\u00e1lito havia recentemente conclu\u00eddo o concorrido [\u2026]<\/p>\n<p>O post <a rel=\"nofollow\" href=\"https:\/\/wscom.com.br\/paraibano-recem-empossado-na-policia-federal-e-encontrado-morto-em-quarto-de-hotal-no-acre\/\">Paraibano rec\u00e9m-empossado na Pol\u00edcia Federal \u00e9 encontrado morto em quarto de hotal, no Acre<\/a> apareceu primeiro em <a rel=\"nofollow\" href=\"https:\/\/wscom.com.br\/\">WSCOM<\/a>.<\/p>\n","protected":false},"author":50,"featured_media":0,"comment_status":"closed","ping_status":"closed","sticky":false,"template":"","format":"standard","meta":{"advgb_blocks_editor_width":"","advgb_blocks_columns_visual_guide":"","footnotes":""},"categories":[1061,34,295,944,66],"tags":[35],"class_list":["post-38264","post","type-post","status-publish","format-standard","hentry","category-federal","category-g1","category-paraibano","category-policia","category-policial","tag-g1"],"author_meta":{"display_name":"Wallyson","author_link":"https:\/\/sindaopcpb.org.br\/author\/wallyson\/"},"featured_img":null,"coauthors":[],"tax_additional":{"categories":{"linked":["<a href=\"https:\/\/sindaopcpb.org.br\/federal\/\" class=\"advgb-post-tax-term\">Federal<\/a>","<a href=\"https:\/\/sindaopcpb.org.br\/g1\/\" class=\"advgb-post-tax-term\">G1<\/a>","<a href=\"https:\/\/sindaopcpb.org.br\/paraibano\/\" class=\"advgb-post-tax-term\">paraibano<\/a>","<a href=\"https:\/\/sindaopcpb.org.br\/policia\/\" class=\"advgb-post-tax-term\">Pol\u00edcia<\/a>","<a href=\"https:\/\/sindaopcpb.org.br\/policial\/\" class=\"advgb-post-tax-term\">Policial<\/a>"],"unlinked":["<span class=\"advgb-post-tax-term\">Federal<\/span>","<span class=\"advgb-post-tax-term\">G1<\/span>","<span class=\"advgb-post-tax-term\">paraibano<\/span>","<span class=\"advgb-post-tax-term\">Pol\u00edcia<\/span>","<span class=\"advgb-post-tax-term\">Policial<\/span>"]},"tags":{"linked":["<a href=\"https:\/\/sindaopcpb.org.br\/policial\/\" class=\"advgb-post-tax-term\">g1<\/a>"],"unlinked":["<span class=\"advgb-post-tax-term\">g1<\/span>"]}},"comment_count":"0","relative_dates":{"created":"Publicado 3 anos atr\u00e1s","modified":"Atualizado 3 anos atr\u00e1s"},"absolute_dates":{"created":"Publicado em 11 de outubro de 2023","modified":"Atualizado em 11 de outubro de 2023"},"absolute_dates_time":{"created":"Publicado em 11 de outubro de 2023 09:07","modified":"Atualizado em 11 de outubro de 2023 09:07"},"featured_img_caption":"","series_order":"","_links":{"self":[{"href":"https:\/\/sindaopcpb.org.br\/index.php\/wp-json\/wp\/v2\/posts\/38264","targetHints":{"allow":["GET"]}}],"collection":[{"href":"https:\/\/sindaopcpb.org.br\/index.php\/wp-json\/wp\/v2\/posts"}],"about":[{"href":"https:\/\/sindaopcpb.org.br\/index.php\/wp-json\/wp\/v2\/types\/post"}],"author":[{"embeddable":true,"href":"https:\/\/sindaopcpb.org.br\/index.php\/wp-json\/wp\/v2\/users\/50"}],"replies":[{"embeddable":true,"href":"https:\/\/sindaopcpb.org.br\/index.php\/wp-json\/wp\/v2\/comments?post=38264"}],"version-history":[{"count":2,"href":"https:\/\/sindaopcpb.org.br\/index.php\/wp-json\/wp\/v2\/posts\/38264\/revisions"}],"predecessor-version":[{"id":38286,"href":"https:\/\/sindaopcpb.org.br\/index.php\/wp-json\/wp\/v2\/posts\/38264\/revisions\/38286"}],"wp:attachment":[{"href":"https:\/\/sindaopcpb.org.br\/index.php\/wp-json\/wp\/v2\/media?parent=38264"}],"wp:term":[{"taxonomy":"category","embeddable":true,"href":"https:\/\/sindaopcpb.org.br\/index.php\/wp-json\/wp\/v2\/categories?post=38264"},{"taxonomy":"post_tag","embeddable":true,"href":"https:\/\/sindaopcpb.org.br\/index.php\/wp-json\/wp\/v2\/tags?post=38264"}],"curies":[{"name":"wp","href":"https:\/\/api.w.org\/{rel}","templated":true}]}}