{"id":38252,"date":"2023-10-11T07:35:52","date_gmt":"2023-10-11T10:35:52","guid":{"rendered":"https:\/\/wpa.wscom.com.br\/?p=927034"},"modified":"2023-10-11T07:35:52","modified_gmt":"2023-10-11T10:35:52","slug":"chega-a-brasilia-primeiro-aviao-trazendo-brasileiros-de-israel","status":"publish","type":"post","link":"https:\/\/sindaopcpb.org.br\/index.php\/2023\/10\/11\/chega-a-brasilia-primeiro-aviao-trazendo-brasileiros-de-israel\/","title":{"rendered":"Chega a Bras\u00edlia primeiro avi\u00e3o trazendo brasileiros de Israel"},"content":{"rendered":"<p>&nbsp;<\/p>\n<p>&nbsp;<\/p>\n<p>O primeiro avi\u00e3o de resgate trazendo brasileiros de Israel pousou em Bras\u00edlia por volta das 4h10 desta quarta-feira (11). A aeronave KC-30 da For\u00e7a A\u00e9rea Brasileira (FAB), com 211 passageiros,\u00a0decolou de Tel Aviv\u00a0\u00e0s 14h12 (hor\u00e1rio de Bras\u00edlia) de ontem (10) e fez voo de cerca de 14 horas direto para a capital federal.<img decoding=\"async\" src=\"https:\/\/agenciabrasil.ebc.com.br\/ebc.png?id=1560240&amp;o=node\" alt=\"\" title=\"\"><img decoding=\"async\" src=\"https:\/\/agenciabrasil.ebc.com.br\/ebc.gif?id=1560240&amp;o=node\" alt=\"\" title=\"\"><\/p>\n<p>Do total, 107 passageiros desembarcaram em Bras\u00edlia e 104 seguiram\u00a0para o Rio de Janeiro em dois avi\u00f5es da FAB.<\/p>\n<p>O governo federal mobilizou a repatria\u00e7\u00e3o dos brasileiros devido ao confronto iniciado no \u00faltimo fim\u00a0de semana entre Israel e o grupo Hamas, no Oriente M\u00e9dio. Est\u00e3o previstos\u00a0mais quatro voos\u00a0at\u00e9 domingo (15) na chamada Opera\u00e7\u00e3o Voltando em Paz, coordenada pelos minist\u00e9rios da Defesa e das Rela\u00e7\u00f5es Exteriores. Neste primeiro momento, a estimativa \u00e9 retirar 900 brasileiros que est\u00e3o em Israel e na Palestina.<\/p>\n<p>As pr\u00f3ximas aeronaves com repatriados pousar\u00e3o no Rio de Janeiro, no Recife, em S\u00e3o Paulo e as duas \u00faltimas no Rio de Janeiro. Para o deslocamento at\u00e9 o destino final de cada um\u00a0as passagens ser\u00e3o custeadas pela empresa a\u00e9rea Azul. A parceria \u00e9 uma articula\u00e7\u00e3o da Presid\u00eancia da Rep\u00fablica com a companhia.<\/p>\n<p>O Itamaraty j\u00e1 colheu os dados de\u00a0pelo menos\u00a02,7 mil brasileiros interessados em deixar a regi\u00e3o e voltar ao Brasil. A maioria \u00e9 de turistas que visitavam Tel Aviv e Jerusal\u00e9m quando, no \u00faltimo s\u00e1bado (7), o Hamas, que governa a Faixa de Gaza, deflagrou um ataque contra o territ\u00f3rio israelense. Seguiu-se, ent\u00e3o,\u00a0forte rea\u00e7\u00e3o militar de Israel, que passou a bombardear a Faixa de Gaza.<\/p>\n<p>A ministra substituta das Rela\u00e7\u00f5es Exteriores, Maria Laura da Rocha, disse hoje que o objetivo do governo \u00e9 &#8220;trazer todos de volta&#8221;. Ela, o ministro da Defesa, Jos\u00e9 M\u00facio, e o comandante da Aeron\u00e1utica, Marcelo Damasceno, receberam\u00a0os repatriados na Base A\u00e9rea de Bras\u00edlia.<\/p>\n<p>Neste primeiro momento, o Itamaraty priorizou o traslado de cidad\u00e3os que residem no Brasil e visitavam a regi\u00e3o do conflito sem ter passagem de volta. Uma\u00a0segunda etapa da opera\u00e7\u00e3o est\u00e1 sendo planejada, ap\u00f3s a conclus\u00e3o desses primeiros cinco voos.<\/p>\n<p><strong>Ataque<\/strong><\/p>\n<p>No confronto no \u00faltimo fim de semana, os brasileiros Ranani Nidejelski Glazer e\u00a0Bruna Valeanu,\u00a0ambos de 24 anos, morreram. Os dois foram v\u00edtimas do ataque do Hamas a um festival de m\u00fasica eletr\u00f4nica que ocorria\u00a0no Sul de Israel, pr\u00f3ximo \u00e0 Faixa de Gaza. Segundo a imprensa israelense, s\u00f3 no local, j\u00e1 foram localizados 260 mortos.<\/p>\n<p>H\u00e1 ainda uma brasileira desaparecida. A carioca Karla Stelzer, de 41 anos, vive em Israel h\u00e1 mais de dez anos e, como Bruna e Glazer, tamb\u00e9m participava da\u00a0<em>rave<\/em>\u00a0Universo Paralello.<\/p>\n<p>De acordo com o Minist\u00e9rio das Rela\u00e7\u00f5es Exteriores, em torno de 14 mil brasileiros vivem em Israel e\u00a06 mil na Palestina. Al\u00e9m disso, muitos turistas visitam a regi\u00e3o, seja para conhecer locais considerados sagrados, seja para participar de eventos.<\/p>\n<p>Segundo\u00a0 o Minist\u00e9rio da Defesa, nos \u00faltimos anos\u00a0as For\u00e7as Armadas realizaram quatro opera\u00e7\u00f5es de repatria\u00e7\u00e3o, por ar e por terra, na Turquia, Ucr\u00e2nia, China e Bol\u00edvia. Cerca de cinco aeronaves e 30 viaturas foram utilizadas nas miss\u00f5es, que resultaram no resgate de, aproximadamente, 6,6 mil pessoas, entre brasileiros e estrangeiros.<\/p>\n<p><strong>Orienta\u00e7\u00f5es<\/strong><\/p>\n<p>A Embaixada do Brasil em Tel Aviv est\u00e1 recebendo, por meio de\u00a0<a href=\"https:\/\/www.gov.br\/mre\/pt-br\/embaixada-tel-aviv\" rel=\"noopener nofollow\" target=\"_blank\">formul\u00e1rio em seu\u00a0<em>site<\/em><\/a>, a inscri\u00e7\u00e3o de interessados em repatria\u00e7\u00e3o.<\/p>\n<p>Os plant\u00f5es consulares da embaixada em Tel Aviv (+972 (54) 803 5858) e do Escrit\u00f3rio de Representa\u00e7\u00e3o em Ramala (+972 (59) 205 5510), com whatsapp, permanecem em funcionamento para atender pessoas\u00a0em situa\u00e7\u00e3o de emerg\u00eancia. O plant\u00e3o consular geral do Itamaraty, em Bras\u00edlia, tamb\u00e9m pode ser contatado pelo\u00a0telefone +55 (61) 98260-0610.<\/p>\n<p>O Escrit\u00f3rio de Representa\u00e7\u00e3o em Ramala, na Cisjord\u00e2nia, segue em contato com os cerca de 50 brasileiros que vivem na Faixa de Gaza e prepara a retirada\u00a0daqueles que desejam deixar a regi\u00e3o, em coordena\u00e7\u00e3o com a Embaixada do Brasil no Cairo, no Egito, pa\u00eds fronteiri\u00e7o.<\/p>\n<p>Segundo Damasceno, a FAB est\u00e1 mapeando os aeroportos no Norte e Nordeste para realizar a opera\u00e7\u00e3o de resgate.<\/p>\n<p>O Itamaraty refor\u00e7a ainda a orienta\u00e7\u00e3o de que\u00a0todos os brasileiros que est\u00e3o na regi\u00e3o e que tenham\u00a0passagens a\u00e9reas, ou condi\u00e7\u00f5es de adquiri-las, embarquem em voos comerciais a partir do Aeroporto Internacional Ben Gurion, que continua a operar, ainda que com restri\u00e7\u00f5es.<\/p>\n<p>O post <a rel=\"nofollow noopener\" href=\"https:\/\/wscom.com.br\/chega-a-brasilia-primeiro-aviao-trazendo-brasileiros-de-israel\/\" target=\"_blank\">Chega a Bras\u00edlia primeiro avi\u00e3o trazendo brasileiros de Israel<\/a> apareceu primeiro em <a rel=\"nofollow noopener\" href=\"https:\/\/wscom.com.br\/\" target=\"_blank\">WSCOM<\/a>.<\/p>\n","protected":false},"excerpt":{"rendered":"<p>\u00a0 \u00a0 O primeiro avi\u00e3o de resgate trazendo brasileiros de Israel pousou em Bras\u00edlia por volta das 4h10 desta quarta-feira (11). A aeronave KC-30 da For\u00e7a A\u00e9rea Brasileira (FAB), com 211 passageiros,\u00a0decolou de Tel Aviv\u00a0\u00e0s 14h12 (hor\u00e1rio de Bras\u00edlia) de ontem (10) e fez voo de cerca de 14 horas direto para a capital federal. [\u2026]<\/p>\n<p>O post <a rel=\"nofollow\" href=\"https:\/\/wscom.com.br\/chega-a-brasilia-primeiro-aviao-trazendo-brasileiros-de-israel\/\">Chega a Bras\u00edlia primeiro avi\u00e3o trazendo brasileiros de Israel<\/a> apareceu primeiro em <a rel=\"nofollow\" href=\"https:\/\/wscom.com.br\/\">WSCOM<\/a>.<\/p>\n","protected":false},"author":42,"featured_media":0,"comment_status":"closed","ping_status":"closed","sticky":false,"template":"","format":"standard","meta":{"advgb_blocks_editor_width":"","advgb_blocks_columns_visual_guide":"","footnotes":""},"categories":[2935,60,9964,134,9910,34,9971,9893,9900],"tags":[35],"class_list":["post-38252","post","type-post","status-publish","format-standard","hentry","category-aviao","category-brasil-mundo","category-brasileiros","category-brasilia","category-fab","category-g1","category-guerra-no-oriente-medio","category-israel","category-palestina","tag-g1"],"author_meta":{"display_name":"Rafael Andrade","author_link":"https:\/\/sindaopcpb.org.br\/author\/rafael-andrade\/"},"featured_img":null,"coauthors":[],"tax_additional":{"categories":{"linked":["<a href=\"https:\/\/sindaopcpb.org.br\/aviao\/\" class=\"advgb-post-tax-term\">Avi\u00e3o<\/a>","<a href=\"https:\/\/sindaopcpb.org.br\/brasil-mundo\/\" class=\"advgb-post-tax-term\">Brasil \/ Mundo<\/a>","<a href=\"https:\/\/sindaopcpb.org.br\/brasileiros\/\" class=\"advgb-post-tax-term\">Brasileiros<\/a>","<a href=\"https:\/\/sindaopcpb.org.br\/brasilia\/\" class=\"advgb-post-tax-term\">Bras\u00edlia<\/a>","<a href=\"https:\/\/sindaopcpb.org.br\/fab\/\" class=\"advgb-post-tax-term\">fab<\/a>","<a href=\"https:\/\/sindaopcpb.org.br\/g1\/\" class=\"advgb-post-tax-term\">G1<\/a>","<a href=\"https:\/\/sindaopcpb.org.br\/guerra-no-oriente-medio\/\" class=\"advgb-post-tax-term\">Guerra no Oriente M\u00e9dio<\/a>","<a href=\"https:\/\/sindaopcpb.org.br\/israel\/\" class=\"advgb-post-tax-term\">israel<\/a>","<a href=\"https:\/\/sindaopcpb.org.br\/palestina\/\" class=\"advgb-post-tax-term\">Palestina<\/a>"],"unlinked":["<span class=\"advgb-post-tax-term\">Avi\u00e3o<\/span>","<span class=\"advgb-post-tax-term\">Brasil \/ Mundo<\/span>","<span class=\"advgb-post-tax-term\">Brasileiros<\/span>","<span class=\"advgb-post-tax-term\">Bras\u00edlia<\/span>","<span class=\"advgb-post-tax-term\">fab<\/span>","<span class=\"advgb-post-tax-term\">G1<\/span>","<span class=\"advgb-post-tax-term\">Guerra no Oriente M\u00e9dio<\/span>","<span class=\"advgb-post-tax-term\">israel<\/span>","<span class=\"advgb-post-tax-term\">Palestina<\/span>"]},"tags":{"linked":["<a href=\"https:\/\/sindaopcpb.org.br\/palestina\/\" class=\"advgb-post-tax-term\">g1<\/a>"],"unlinked":["<span class=\"advgb-post-tax-term\">g1<\/span>"]}},"comment_count":"0","relative_dates":{"created":"Publicado 3 anos atr\u00e1s","modified":"Atualizado 3 anos atr\u00e1s"},"absolute_dates":{"created":"Publicado em 11 de outubro de 2023","modified":"Atualizado em 11 de outubro de 2023"},"absolute_dates_time":{"created":"Publicado em 11 de outubro de 2023 07:35","modified":"Atualizado em 11 de outubro de 2023 07:35"},"featured_img_caption":"","series_order":"","_links":{"self":[{"href":"https:\/\/sindaopcpb.org.br\/index.php\/wp-json\/wp\/v2\/posts\/38252","targetHints":{"allow":["GET"]}}],"collection":[{"href":"https:\/\/sindaopcpb.org.br\/index.php\/wp-json\/wp\/v2\/posts"}],"about":[{"href":"https:\/\/sindaopcpb.org.br\/index.php\/wp-json\/wp\/v2\/types\/post"}],"author":[{"embeddable":true,"href":"https:\/\/sindaopcpb.org.br\/index.php\/wp-json\/wp\/v2\/users\/42"}],"replies":[{"embeddable":true,"href":"https:\/\/sindaopcpb.org.br\/index.php\/wp-json\/wp\/v2\/comments?post=38252"}],"version-history":[{"count":1,"href":"https:\/\/sindaopcpb.org.br\/index.php\/wp-json\/wp\/v2\/posts\/38252\/revisions"}],"predecessor-version":[{"id":38253,"href":"https:\/\/sindaopcpb.org.br\/index.php\/wp-json\/wp\/v2\/posts\/38252\/revisions\/38253"}],"wp:attachment":[{"href":"https:\/\/sindaopcpb.org.br\/index.php\/wp-json\/wp\/v2\/media?parent=38252"}],"wp:term":[{"taxonomy":"category","embeddable":true,"href":"https:\/\/sindaopcpb.org.br\/index.php\/wp-json\/wp\/v2\/categories?post=38252"},{"taxonomy":"post_tag","embeddable":true,"href":"https:\/\/sindaopcpb.org.br\/index.php\/wp-json\/wp\/v2\/tags?post=38252"}],"curies":[{"name":"wp","href":"https:\/\/api.w.org\/{rel}","templated":true}]}}