{"id":38250,"date":"2023-10-11T07:46:27","date_gmt":"2023-10-11T10:46:27","guid":{"rendered":"https:\/\/wpa.wscom.com.br\/?p=927038"},"modified":"2023-10-11T07:46:27","modified_gmt":"2023-10-11T10:46:27","slug":"embaixador-de-israel-ataca-o-governo-lula-por-posicao-diante-da-guerra-no-oriente-medio","status":"publish","type":"post","link":"https:\/\/sindaopcpb.org.br\/index.php\/2023\/10\/11\/embaixador-de-israel-ataca-o-governo-lula-por-posicao-diante-da-guerra-no-oriente-medio\/","title":{"rendered":"Embaixador de Israel ataca o governo Lula por posi\u00e7\u00e3o diante da guerra no Oriente M\u00e9dio"},"content":{"rendered":"<p>&nbsp;<\/p>\n<p>&nbsp;<\/p>\n<p>O embaixador israelense no Brasil, Daniel Zonshine, expressou sua expectativa por uma posi\u00e7\u00e3o mais contundente do governo brasileiro em rela\u00e7\u00e3o ao conflito na Faixa de Gaza e \u00e0 condena\u00e7\u00e3o do grupo Hamas como organiza\u00e7\u00e3o terrorista. Em\u00a0entrevista\u00a0\u00e0 revista VEJA, Zonshine enfatizou a necessidade de uma condena\u00e7\u00e3o inequ\u00edvoca, sem ressalvas.<\/p>\n<p>&#8220;Como um pa\u00eds de relev\u00e2ncia na arena internacional e atualmente exercendo a presid\u00eancia do Conselho de Seguran\u00e7a da ONU, o Brasil est\u00e1 diante de decis\u00f5es dif\u00edceis, nem sempre populares. Esperamos que o Brasil lidere de maneira equilibrada e correta. Recebemos declara\u00e7\u00f5es de apoio de pa\u00edses como Estados Unidos, Gr\u00e3-Bretanha, Fran\u00e7a, It\u00e1lia e Alemanha, condenando de forma mais enf\u00e1tica as a\u00e7\u00f5es do Hamas. \u00c9 hora de agir com base na humanidade, deixando de lado pol\u00edtica e ideologia&#8221;, disse ele.<\/p>\n<p>&#8220;Ap\u00f3s o choque inicial e as cenas dif\u00edceis que testemunhamos, como sequestros e atrocidades envolvendo crian\u00e7as, o que o governo brasileiro fez n\u00e3o pareceu suficientemente enf\u00e1tico. Acredito que as autoridades brasileiras deveriam reavaliar suas posi\u00e7\u00f5es e a\u00e7\u00f5es em rela\u00e7\u00e3o a esse assunto&#8221;, acrescentou.<\/p>\n<p>Embora o diplomata tenha cobrado ades\u00e3o \u00e0s posi\u00e7\u00f5es de Israel, o Brasil condena os ataques a civis em Israel e a ocupa\u00e7\u00e3o ilegal de territ\u00f3rios palestinos .O ministro das Rela\u00e7\u00f5es Exteriores, Mauro Vieira, afirmou nesta ter\u00e7a-feira que a posi\u00e7\u00e3o do Brasil em rela\u00e7\u00e3o ao conflito entre Israel e Hamas, iniciado no fim de semana, \u00e9 de que os atos violentos devem ser interrompidos e deve haver uma cessa\u00e7\u00e3o de hostilidades. \u201cEvidentemente que n\u00f3s condenamos as viol\u00eancias, o derramamento de sangue, mas achamos que, sobretudo estando o Brasil na presid\u00eancia do Conselho de Seguran\u00e7a (da ONU) neste m\u00eas, tem que trabalhar para que haja um entendimento, uma discuss\u00e3o\u201d, acrescentou o chanceler, que est\u00e1 em viagem ao Camboja, em entrevista gravada para o programa Voz do Brasil.<\/p>\n<p>O post <a rel=\"nofollow noopener\" href=\"https:\/\/wscom.com.br\/embaixador-de-israel-ataca-o-governo-lula-por-posicao-diante-da-guerra-no-oriente-medio\/\" target=\"_blank\">Embaixador de Israel ataca o governo Lula por posi\u00e7\u00e3o diante da guerra no Oriente M\u00e9dio<\/a> apareceu primeiro em <a rel=\"nofollow noopener\" href=\"https:\/\/wscom.com.br\/\" target=\"_blank\">WSCOM<\/a>.<\/p>\n","protected":false},"excerpt":{"rendered":"<p>\u00a0 \u00a0 O embaixador israelense no Brasil, Daniel Zonshine, expressou sua expectativa por uma posi\u00e7\u00e3o mais contundente do governo brasileiro em rela\u00e7\u00e3o ao conflito na Faixa de Gaza e \u00e0 condena\u00e7\u00e3o do grupo Hamas como organiza\u00e7\u00e3o terrorista. Em\u00a0entrevista\u00a0\u00e0 revista VEJA, Zonshine enfatizou a necessidade de uma condena\u00e7\u00e3o inequ\u00edvoca, sem ressalvas. \u201cComo um pa\u00eds de relev\u00e2ncia [\u2026]<\/p>\n<p>O post <a rel=\"nofollow\" href=\"https:\/\/wscom.com.br\/embaixador-de-israel-ataca-o-governo-lula-por-posicao-diante-da-guerra-no-oriente-medio\/\">Embaixador de Israel ataca o governo Lula por posi\u00e7\u00e3o diante da guerra no Oriente M\u00e9dio<\/a> apareceu primeiro em <a rel=\"nofollow\" href=\"https:\/\/wscom.com.br\/\">WSCOM<\/a>.<\/p>\n","protected":false},"author":42,"featured_media":0,"comment_status":"closed","ping_status":"closed","sticky":false,"template":"","format":"standard","meta":{"advgb_blocks_editor_width":"","advgb_blocks_columns_visual_guide":"","footnotes":""},"categories":[441,60,9969,9970,34,187,9971,9893,110,9900],"tags":[35],"class_list":["post-38250","post","type-post","status-publish","format-standard","hentry","category-ataque","category-brasil-mundo","category-daniel-zonshine","category-embaixador-de-israel","category-g1","category-governo-federal","category-guerra-no-oriente-medio","category-israel","category-lula","category-palestina","tag-g1"],"author_meta":{"display_name":"Rafael Andrade","author_link":"https:\/\/sindaopcpb.org.br\/author\/rafael-andrade\/"},"featured_img":null,"coauthors":[],"tax_additional":{"categories":{"linked":["<a href=\"https:\/\/sindaopcpb.org.br\/ataque\/\" class=\"advgb-post-tax-term\">Ataque<\/a>","<a href=\"https:\/\/sindaopcpb.org.br\/brasil-mundo\/\" class=\"advgb-post-tax-term\">Brasil \/ Mundo<\/a>","<a href=\"https:\/\/sindaopcpb.org.br\/daniel-zonshine\/\" class=\"advgb-post-tax-term\">Daniel Zonshine<\/a>","<a href=\"https:\/\/sindaopcpb.org.br\/embaixador-de-israel\/\" class=\"advgb-post-tax-term\">Embaixador de Israel<\/a>","<a href=\"https:\/\/sindaopcpb.org.br\/g1\/\" class=\"advgb-post-tax-term\">G1<\/a>","<a href=\"https:\/\/sindaopcpb.org.br\/governo-federal\/\" class=\"advgb-post-tax-term\">Governo Federal<\/a>","<a href=\"https:\/\/sindaopcpb.org.br\/guerra-no-oriente-medio\/\" class=\"advgb-post-tax-term\">Guerra no Oriente M\u00e9dio<\/a>","<a href=\"https:\/\/sindaopcpb.org.br\/israel\/\" class=\"advgb-post-tax-term\">israel<\/a>","<a href=\"https:\/\/sindaopcpb.org.br\/lula\/\" class=\"advgb-post-tax-term\">Lula<\/a>","<a href=\"https:\/\/sindaopcpb.org.br\/palestina\/\" class=\"advgb-post-tax-term\">Palestina<\/a>"],"unlinked":["<span class=\"advgb-post-tax-term\">Ataque<\/span>","<span class=\"advgb-post-tax-term\">Brasil \/ Mundo<\/span>","<span class=\"advgb-post-tax-term\">Daniel Zonshine<\/span>","<span class=\"advgb-post-tax-term\">Embaixador de Israel<\/span>","<span class=\"advgb-post-tax-term\">G1<\/span>","<span class=\"advgb-post-tax-term\">Governo Federal<\/span>","<span class=\"advgb-post-tax-term\">Guerra no Oriente M\u00e9dio<\/span>","<span class=\"advgb-post-tax-term\">israel<\/span>","<span class=\"advgb-post-tax-term\">Lula<\/span>","<span class=\"advgb-post-tax-term\">Palestina<\/span>"]},"tags":{"linked":["<a href=\"https:\/\/sindaopcpb.org.br\/palestina\/\" class=\"advgb-post-tax-term\">g1<\/a>"],"unlinked":["<span class=\"advgb-post-tax-term\">g1<\/span>"]}},"comment_count":"0","relative_dates":{"created":"Publicado 3 anos atr\u00e1s","modified":"Atualizado 3 anos atr\u00e1s"},"absolute_dates":{"created":"Publicado em 11 de outubro de 2023","modified":"Atualizado em 11 de outubro de 2023"},"absolute_dates_time":{"created":"Publicado em 11 de outubro de 2023 07:46","modified":"Atualizado em 11 de outubro de 2023 07:46"},"featured_img_caption":"","series_order":"","_links":{"self":[{"href":"https:\/\/sindaopcpb.org.br\/index.php\/wp-json\/wp\/v2\/posts\/38250","targetHints":{"allow":["GET"]}}],"collection":[{"href":"https:\/\/sindaopcpb.org.br\/index.php\/wp-json\/wp\/v2\/posts"}],"about":[{"href":"https:\/\/sindaopcpb.org.br\/index.php\/wp-json\/wp\/v2\/types\/post"}],"author":[{"embeddable":true,"href":"https:\/\/sindaopcpb.org.br\/index.php\/wp-json\/wp\/v2\/users\/42"}],"replies":[{"embeddable":true,"href":"https:\/\/sindaopcpb.org.br\/index.php\/wp-json\/wp\/v2\/comments?post=38250"}],"version-history":[{"count":1,"href":"https:\/\/sindaopcpb.org.br\/index.php\/wp-json\/wp\/v2\/posts\/38250\/revisions"}],"predecessor-version":[{"id":38251,"href":"https:\/\/sindaopcpb.org.br\/index.php\/wp-json\/wp\/v2\/posts\/38250\/revisions\/38251"}],"wp:attachment":[{"href":"https:\/\/sindaopcpb.org.br\/index.php\/wp-json\/wp\/v2\/media?parent=38250"}],"wp:term":[{"taxonomy":"category","embeddable":true,"href":"https:\/\/sindaopcpb.org.br\/index.php\/wp-json\/wp\/v2\/categories?post=38250"},{"taxonomy":"post_tag","embeddable":true,"href":"https:\/\/sindaopcpb.org.br\/index.php\/wp-json\/wp\/v2\/tags?post=38250"}],"curies":[{"name":"wp","href":"https:\/\/api.w.org\/{rel}","templated":true}]}}